{"id":6838,"date":"2023-08-29T12:37:00","date_gmt":"2023-08-29T16:37:00","guid":{"rendered":"https:\/\/bi.mtess.gov.py\/v1\/?p=6838"},"modified":"2025-12-19T11:18:25","modified_gmt":"2025-12-19T14:18:25","slug":"el-ministerio-de-trabajo-aboga-por-ley-que-fija-sede-de-la-oiss-en-paraguay","status":"publish","type":"post","link":"https:\/\/www.mtess.gov.py\/?p=6838","title":{"rendered":"El Ministerio de Trabajo aboga por Ley que fija sede de la OISS en Paraguay"},"content":{"rendered":"<div id=\"ccm-layout-column-1\" class=\"ccm-layout-column\">\n<div class=\"ccm-layout-column-inner\">Este lunes 28, en representaci\u00f3n del Ministerio de Trabajo, Empleo y Seguridad Social (MTESS), la viceministra de Empleo y Seguridad Social, Ver\u00f3nica L\u00f3pez; y la directora general de Seguridad Social, Alejandra Garcete, participaron de la reuni\u00f3n convocada por la Comisi\u00f3n Permanente de Asesoramiento de Relaciones Exteriores de la Honorable C\u00e1mara de Diputados, con el fin de conversar sobre proyecto de Ley \u201cQue aprueba el Acuerdo de Sede entre el Gobierno de la Rep\u00fablica del Paraguay y la Organizaci\u00f3n Iberoamericana de Seguridad Social\u201d, la importancia del mismo y c\u00f3mo dicho acuerdo podr\u00eda beneficiar al pa\u00eds.<\/div>\n<\/div>\n<div id=\"ccm-layout-column-2\" class=\"ccm-layout-column\"><\/div>\n<p data-path-to-node=\"2\">Las representantes <span class=\"citation-2269 citation-2270 citation-2271 citation-2272 citation-end-2272\">del MTESS se\u00f1alaron la gran importancia de la habilitaci\u00f3n de una sede en nuestro pa\u00eds, teniendo en cuenta que, al trabajar de cerca con sus pa\u00edses miembros, la Organizaci\u00f3n Iberoamericana de Segurid<\/span><span class=\"citation-2269 citation-2270 citation-2271 citation-end-2271\">ad Social (OISS) busca promover <\/span><span class=\"citation-2269 citation-2270 citation-end-2270\">el bienestar econ\u00f3mico y social, mediante la coor<\/span><span class=\"citation-2269\">dinaci\u00f3n, intercambio <\/span><span class=\"citation-2267 citation-2268 citation-2269 citation-end-2269\">y aprovechamiento de sus ex<\/span><span class=\"citation-2267 citation-2268 citation-end-2268\">periencias mutuas en seguridad social y, en general, en el \u00e1mbito de la protecci\u00f3n social.<\/span><\/p>\n<p data-path-to-node=\"3\"><span class=\"citation-2265 citation-2266 citation-end-2266\">Los miembros de la Comisi\u00f3n manifestaron que acompa\u00f1ar\u00e1n la aprobaci\u00f3n del Proyecto de Le<\/span><span class=\"citation-2265\">y <\/span><b data-path-to-node=\"3\" data-index-in-node=\"91\"><span class=\"citation-2265 citation-end-2265\">\u201cQue aprueba el Acuerdo de Sede entre el Gobierno de la Rep\u00fablica del Paraguay y la Organizaci\u00f3<\/span>n Iberoamericana de Seguridad Social\u201d<\/b>, suscripto en la ciudad de Madrid el 20 de enero de 2021. Por parte del MTESS, se manifest\u00f3 la predisposici\u00f3n de acompa\u00f1ar cualquier requerimiento o consulta que surja al respecto.<\/p>\n","protected":false},"excerpt":{"rendered":"<p>Este lunes 28, en representaci\u00f3n del Ministerio de Trabajo, Empleo y Seguridad Social (MTESS), la viceministra de Empleo y Seguridad Social, Ver\u00f3nica L\u00f3pez; y la directora general de Seguridad Social, Alejandra Garcete, participaron de la reuni\u00f3n convocada por la Comisi\u00f3n Permanente de Asesoramiento de Relaciones Exteriores de la Honorable C\u00e1mara de Diputados, con el fin de conversar sobre proyecto de Ley \u201cQue aprueba el Acuerdo de Sede entre el Gobierno de la Rep\u00fablica del Paraguay y la Organizaci\u00f3n Iberoamericana de Seguridad Social\u201d, la importancia del mismo y c\u00f3mo dicho acuerdo podr\u00eda beneficiar al pa\u00eds.<\/p>\n","protected":false},"author":7,"featured_media":27569,"comment_status":"open","ping_status":"open","sticky":false,"template":"","format":"standard","meta":{"_acf_changed":false,"_uag_custom_page_level_css":"","footnotes":""},"categories":[1],"tags":[],"class_list":["post-6838","post","type-post","status-publish","format-standard","has-post-thumbnail","hentry","category-sin-categoria"],"acf":[],"uagb_featured_image_src":{"full":["https:\/\/www.mtess.gov.py\/wp-content\/uploads\/2023\/08\/Sobre_OISS-oficina_en_Paraguay_29-08-23-20240926-183449.jpg",1280,960,false],"thumbnail":["https:\/\/www.mtess.gov.py\/wp-content\/uploads\/2023\/08\/Sobre_OISS-oficina_en_Paraguay_29-08-23-20240926-183449-150x150.jpg",150,150,true],"medium":["https:\/\/www.mtess.gov.py\/wp-content\/uploads\/2023\/08\/Sobre_OISS-oficina_en_Paraguay_29-08-23-20240926-183449-300x225.jpg",300,225,true],"medium_large":["https:\/\/www.mtess.gov.py\/wp-content\/uploads\/2023\/08\/Sobre_OISS-oficina_en_Paraguay_29-08-23-20240926-183449-768x576.jpg",768,576,true],"large":["https:\/\/www.mtess.gov.py\/wp-content\/uploads\/2023\/08\/Sobre_OISS-oficina_en_Paraguay_29-08-23-20240926-183449-300x225.jpg",300,225,true],"1536x1536":["https:\/\/www.mtess.gov.py\/wp-content\/uploads\/2023\/08\/Sobre_OISS-oficina_en_Paraguay_29-08-23-20240926-183449.jpg",1280,960,false],"2048x2048":["https:\/\/www.mtess.gov.py\/wp-content\/uploads\/2023\/08\/Sobre_OISS-oficina_en_Paraguay_29-08-23-20240926-183449.jpg",1280,960,false],"depicter-thumbnail":["https:\/\/www.mtess.gov.py\/wp-content\/uploads\/2023\/08\/Sobre_OISS-oficina_en_Paraguay_29-08-23-20240926-183449.jpg",200,150,false]},"uagb_author_info":{"display_name":"Lucas Santacruz","author_link":"https:\/\/www.mtess.gov.py\/?author=7"},"uagb_comment_info":0,"uagb_excerpt":"Este lunes 28, en representaci\u00f3n del Ministerio de Trabajo, Empleo y Seguridad Social (MTESS), la viceministra de Empleo y Seguridad Social, Ver\u00f3nica L\u00f3pez; y la directora general de Seguridad Social, Alejandra Garcete, participaron de la reuni\u00f3n convocada por la Comisi\u00f3n Permanente de Asesoramiento de Relaciones Exteriores de la Honorable C\u00e1mara de Diputados, con el fin&hellip;","_links":{"self":[{"href":"https:\/\/www.mtess.gov.py\/index.php?rest_route=\/wp\/v2\/posts\/6838","targetHints":{"allow":["GET"]}}],"collection":[{"href":"https:\/\/www.mtess.gov.py\/index.php?rest_route=\/wp\/v2\/posts"}],"about":[{"href":"https:\/\/www.mtess.gov.py\/index.php?rest_route=\/wp\/v2\/types\/post"}],"author":[{"embeddable":true,"href":"https:\/\/www.mtess.gov.py\/index.php?rest_route=\/wp\/v2\/users\/7"}],"replies":[{"embeddable":true,"href":"https:\/\/www.mtess.gov.py\/index.php?rest_route=%2Fwp%2Fv2%2Fcomments&post=6838"}],"version-history":[{"count":1,"href":"https:\/\/www.mtess.gov.py\/index.php?rest_route=\/wp\/v2\/posts\/6838\/revisions"}],"predecessor-version":[{"id":34428,"href":"https:\/\/www.mtess.gov.py\/index.php?rest_route=\/wp\/v2\/posts\/6838\/revisions\/34428"}],"wp:featuredmedia":[{"embeddable":true,"href":"https:\/\/www.mtess.gov.py\/index.php?rest_route=\/wp\/v2\/media\/27569"}],"wp:attachment":[{"href":"https:\/\/www.mtess.gov.py\/index.php?rest_route=%2Fwp%2Fv2%2Fmedia&parent=6838"}],"wp:term":[{"taxonomy":"category","embeddable":true,"href":"https:\/\/www.mtess.gov.py\/index.php?rest_route=%2Fwp%2Fv2%2Fcategories&post=6838"},{"taxonomy":"post_tag","embeddable":true,"href":"https:\/\/www.mtess.gov.py\/index.php?rest_route=%2Fwp%2Fv2%2Ftags&post=6838"}],"curies":[{"name":"wp","href":"https:\/\/api.w.org\/{rel}","templated":true}]}}