{"id":6839,"date":"2023-08-29T01:26:00","date_gmt":"2023-08-29T05:26:00","guid":{"rendered":"https:\/\/bi.mtess.gov.py\/v1\/?p=6839"},"modified":"2025-12-19T11:14:37","modified_gmt":"2025-12-19T14:14:37","slug":"el-ministerio-de-trabajo-apoya-la-lucha-frontal-contra-la-violencia-hacia-la-mujer","status":"publish","type":"post","link":"https:\/\/www.mtess.gov.py\/?p=6839","title":{"rendered":"El Ministerio de Trabajo apoya la lucha frontal contra la violencia hacia la mujer"},"content":{"rendered":"<div id=\"ccm-layout-column-1\" class=\"ccm-layout-column\">\n<div class=\"ccm-layout-column-inner\">Con la presencia de la primera dama de la Naci\u00f3n, Leticia Ocampos; la ministra del Gabinete Civil de la Presidencia, Lea Gim\u00e9nez; la Ministra de la Mujer, Cynthia Figueredo; y representantes de la entidad que componen la Mesa Interinstitucional de Prevenci\u00f3n de la Violencia contra la Mujer (PREVIM), se llev\u00f3 a cabo este lunes 28 una reuni\u00f3n de urgencia con el fin de analizar los protocolos de atenci\u00f3n y los ajustes que ser\u00e1n trabajados para fortalecer la atenci\u00f3n de mujeres en situaci\u00f3n de violencia.<\/div>\n<\/div>\n<div id=\"ccm-layout-column-2\" class=\"ccm-layout-column\"><\/div>\n<p data-path-to-node=\"2\"><span class=\"citation-2137 citation-2138 citation-2139 citation-2140 citation-2141 citation-2142 citation-2143 citation-2144 citation-end-2144\">Por otra parte, fueron consensuadas otras l\u00edneas estrat\u00e9gicas de tratamiento prioritario, que ser\u00e1n implementadas en el corto y mediano plazo para lograr mejores resultados en la lucha contra la v<\/span><span class=\"citation-2137 citation-2138 citation-2139 citation-2140 citation-2141 citation-2142 citation-2143 citation-end-2143\">iolencia.<\/span><\/p>\n<p data-path-to-node=\"3\"><span class=\"citation-2130 citation-2131 citation-2132 citation-2133 citation-2134 citation-2135 citation-2136 citation-end-2136\">El Ministerio de Trabajo, Empleo <\/span><span class=\"citation-2130 citation-2131 citation-2132 citation-2133 citation-2134 citation-2135 citation-end-2135\">y Seguridad Social (MTESS) abord<\/span><span class=\"citation-2130 citation-2131 citation-2132 citation-2133 citation-2134 citation-end-2134\">a la problem\u00e1tica de la violencia hacia la muj<\/span><span class=\"citation-2130 citation-2131 citation-2132 citation-2133\">er a trav\u00e9s de la <\/span><b data-path-to-node=\"3\" data-index-in-node=\"129\"><span class=\"citation-2130 citation-2131 citation-2132 citation-2133 citation-end-2133\">Oficina<\/span><span class=\"citation-2130 citation-2131 citation-2132 citation-end-2132\"> de Atenci\u00f3n y Prevenci\u00f3n de la Viol<\/span><span class=\"citation-2130 citation-2131\">encia Laboral<\/span><\/b><span class=\"citation-2130 citation-2131 citation-end-2131\">, cuyos objetivos principales<\/span><span class=\"citation-2130 citation-end-2130\"> son:<\/span><\/p>\n<ul data-path-to-node=\"4\">\n<li>\n<p data-path-to-node=\"4,0,0\"><span class=\"citation-2129 citation-end-2129\">La sensibilizaci\u00f3n y capacitaci\u00f3n <\/span>sobre la violencia laboral.<\/p>\n<\/li>\n<li>\n<p data-path-to-node=\"4,1,0\">El desarrollo de investigaciones dirigidas a una mayor y mejor comprensi\u00f3n del fen\u00f3meno de la violencia laboral y, especialmente, a su adecuada prevenci\u00f3n.<\/p>\n<\/li>\n<li>\n<p data-path-to-node=\"4,2,0\">Brindar <span class=\"citation-2127 citation-2128 citation-end-2128\">respuestas operativas frente a los distintos supuestos de violencia laboral en el sector privado, a trav\u00e9s de los servicios de asesoramientos y denuncias.<\/span><\/p>\n<\/li>\n<\/ul>\n<p data-path-to-node=\"5\"><span class=\"citation-2125 citation-2126 citation-end-2126\">La actividad se llev\u00f3 a cabo en Mburuvicha R\u00f3ga. En representaci\u00f3n del MTESS, particip\u00f3 de la reuni\u00f3n la directora general de Promoci\u00f3n a<\/span><span class=\"citation-2125 citation-end-2125\"> la Mujer Trabajadora, Patricia Luchin Rumak.<\/span><\/p>\n","protected":false},"excerpt":{"rendered":"<p>Con la presencia de la primera dama de la Naci\u00f3n, Leticia Ocampos; la ministra del Gabinete Civil de la Presidencia, Lea Gim\u00e9nez; la Ministra de la Mujer, Cynthia Figueredo; y representantes de la entidad que componen la Mesa Interinstitucional de Prevenci\u00f3n de la Violencia contra la Mujer (PREVIM), se llev\u00f3 a cabo este lunes 28 una reuni\u00f3n de urgencia con el fin de analizar los protocolos de atenci\u00f3n y los ajustes que ser\u00e1n trabajados para fortalecer la atenci\u00f3n de mujeres en situaci\u00f3n de violencia.<\/p>\n","protected":false},"author":7,"featured_media":26931,"comment_status":"open","ping_status":"open","sticky":false,"template":"","format":"standard","meta":{"_acf_changed":false,"_uag_custom_page_level_css":"","footnotes":""},"categories":[1],"tags":[],"class_list":["post-6839","post","type-post","status-publish","format-standard","has-post-thumbnail","hentry","category-sin-categoria"],"acf":[],"uagb_featured_image_src":{"full":["https:\/\/www.mtess.gov.py\/wp-content\/uploads\/2023\/08\/Reunion_contra_la_violencia_de_mujeres_en_Bmuruvicha_Roga_28-08-23-20240926-180255.jpg",1600,855,false],"thumbnail":["https:\/\/www.mtess.gov.py\/wp-content\/uploads\/2023\/08\/Reunion_contra_la_violencia_de_mujeres_en_Bmuruvicha_Roga_28-08-23-20240926-180255-150x150.jpg",150,150,true],"medium":["https:\/\/www.mtess.gov.py\/wp-content\/uploads\/2023\/08\/Reunion_contra_la_violencia_de_mujeres_en_Bmuruvicha_Roga_28-08-23-20240926-180255-300x160.jpg",300,160,true],"medium_large":["https:\/\/www.mtess.gov.py\/wp-content\/uploads\/2023\/08\/Reunion_contra_la_violencia_de_mujeres_en_Bmuruvicha_Roga_28-08-23-20240926-180255-768x410.jpg",768,410,true],"large":["https:\/\/www.mtess.gov.py\/wp-content\/uploads\/2023\/08\/Reunion_contra_la_violencia_de_mujeres_en_Bmuruvicha_Roga_28-08-23-20240926-180255-300x160.jpg",300,160,true],"1536x1536":["https:\/\/www.mtess.gov.py\/wp-content\/uploads\/2023\/08\/Reunion_contra_la_violencia_de_mujeres_en_Bmuruvicha_Roga_28-08-23-20240926-180255-1536x821.jpg",1536,821,true],"2048x2048":["https:\/\/www.mtess.gov.py\/wp-content\/uploads\/2023\/08\/Reunion_contra_la_violencia_de_mujeres_en_Bmuruvicha_Roga_28-08-23-20240926-180255.jpg",1600,855,false],"depicter-thumbnail":["https:\/\/www.mtess.gov.py\/wp-content\/uploads\/2023\/08\/Reunion_contra_la_violencia_de_mujeres_en_Bmuruvicha_Roga_28-08-23-20240926-180255.jpg",200,107,false]},"uagb_author_info":{"display_name":"Lucas Santacruz","author_link":"https:\/\/www.mtess.gov.py\/?author=7"},"uagb_comment_info":0,"uagb_excerpt":"Con la presencia de la primera dama de la Naci\u00f3n, Leticia Ocampos; la ministra del Gabinete Civil de la Presidencia, Lea Gim\u00e9nez; la Ministra de la Mujer, Cynthia Figueredo; y representantes de la entidad que componen la Mesa Interinstitucional de Prevenci\u00f3n de la Violencia contra la Mujer (PREVIM), se llev\u00f3 a cabo este lunes 28&hellip;","_links":{"self":[{"href":"https:\/\/www.mtess.gov.py\/index.php?rest_route=\/wp\/v2\/posts\/6839","targetHints":{"allow":["GET"]}}],"collection":[{"href":"https:\/\/www.mtess.gov.py\/index.php?rest_route=\/wp\/v2\/posts"}],"about":[{"href":"https:\/\/www.mtess.gov.py\/index.php?rest_route=\/wp\/v2\/types\/post"}],"author":[{"embeddable":true,"href":"https:\/\/www.mtess.gov.py\/index.php?rest_route=\/wp\/v2\/users\/7"}],"replies":[{"embeddable":true,"href":"https:\/\/www.mtess.gov.py\/index.php?rest_route=%2Fwp%2Fv2%2Fcomments&post=6839"}],"version-history":[{"count":1,"href":"https:\/\/www.mtess.gov.py\/index.php?rest_route=\/wp\/v2\/posts\/6839\/revisions"}],"predecessor-version":[{"id":34427,"href":"https:\/\/www.mtess.gov.py\/index.php?rest_route=\/wp\/v2\/posts\/6839\/revisions\/34427"}],"wp:featuredmedia":[{"embeddable":true,"href":"https:\/\/www.mtess.gov.py\/index.php?rest_route=\/wp\/v2\/media\/26931"}],"wp:attachment":[{"href":"https:\/\/www.mtess.gov.py\/index.php?rest_route=%2Fwp%2Fv2%2Fmedia&parent=6839"}],"wp:term":[{"taxonomy":"category","embeddable":true,"href":"https:\/\/www.mtess.gov.py\/index.php?rest_route=%2Fwp%2Fv2%2Fcategories&post=6839"},{"taxonomy":"post_tag","embeddable":true,"href":"https:\/\/www.mtess.gov.py\/index.php?rest_route=%2Fwp%2Fv2%2Ftags&post=6839"}],"curies":[{"name":"wp","href":"https:\/\/api.w.org\/{rel}","templated":true}]}}