{"id":6840,"date":"2023-08-28T18:08:00","date_gmt":"2023-08-28T22:08:00","guid":{"rendered":"https:\/\/bi.mtess.gov.py\/v1\/?p=6840"},"modified":"2025-12-19T11:09:32","modified_gmt":"2025-12-19T14:09:32","slug":"mtess-y-muvh-disenan-acciones-para-reactivar-formacion-y-capacitacion-en-el-barrio-san-francisco","status":"publish","type":"post","link":"https:\/\/www.mtess.gov.py\/?p=6840","title":{"rendered":"MTESS y MUVH dise\u00f1an acciones para reactivar formaci\u00f3n y capacitaci\u00f3n en el barrio San Francisco"},"content":{"rendered":"<div id=\"ccm-layout-column-1\" class=\"ccm-layout-column\">\n<div class=\"ccm-layout-column-inner\">La ministra de Trabajo, Empleo y Seguridad Social, M\u00f3nica Recalde De Giacomi, se reuni\u00f3 hoy con el ministro de Urbanismo, Vivienda y H\u00e1bitat, Juan Carlos Baruja, ocasi\u00f3n en la que dialogaron sobre las primeras intervenciones que llevar\u00e1 adelante este Gobierno en el barrio San Francisco. Del encuentro participaron tambi\u00e9n la viceministra de Empleo y Seguridad Social, Ver\u00f3nica L\u00f3pez; el director general del Servicio Nacional de Promoci\u00f3n Profesional (SNPP), Jos\u00e9 Cogliolo; y el viceministro de Infraestructura y Vivienda, V\u00edctor Villasboa; entre otros. Los titulares del Ministerio de Trabajo, Empleo y Seguridad Social (MTESS) y del Ministerio de Urbanismo, Vivienda y H\u00e1bitat (MUVH) resaltaron la necesidad de reactivar los cursos de formaci\u00f3n y capacitaci\u00f3n en la zona, dar apoyo a los emprendedores, especialmente madres cabeza de familia y j\u00f3venes, con acciones concretas que permitan generar m\u00e1s puestos de trabajo en alianza con el sector privado.<\/div>\n<\/div>\n<p><span style=\"font-size: 16px;\">Recalde De Giacomi indic\u00f3 que el objetivo es darle sostenibilidad al barrio San Francisco a trav\u00e9s del empleo, por lo que va a ser fundamental el trabajo coordinado entre ambas instituciones.<\/span><\/p>\n<p><span style=\"font-size: 16px;\">En la reuni\u00f3n se acord\u00f3 la formaci\u00f3n de un equipo t\u00e9cnico para llevar adelante las acciones, liderado por la viceministra de Empleo, Ver\u00f3nica L\u00f3pez; el director general del SNPP, Jos\u00e9 Cogliolo; el director general de Empleo, Wilberto Otaz\u00fa; el viceministro de Infraestructura y Vivienda, V\u00edctor Villasboa; el director general Social del MUVH, H\u00e9ctor Villagra; y la coordinadora del Proyecto San Francisco Crece del SNPP, Rossana Z\u00e1rate.<\/span><\/p>\n<p><span style=\"font-size: 16px;\">Este equipo t\u00e9cnico visitar\u00e1 ma\u00f1ana el barrio San Francisco para conversar con los potenciales beneficiarios y levantar informes sobre sus verdaderas necesidades de formaci\u00f3n, capacitaci\u00f3n y salidas laborales.<\/span><\/p>\n","protected":false},"excerpt":{"rendered":"<p>La ministra de Trabajo, Empleo y Seguridad Social, M\u00f3nica Recalde De Giacomi, se reuni\u00f3 hoy con el ministro de Urbanismo, Vivienda y H\u00e1bitat, Juan Carlos Baruja, ocasi\u00f3n en la que dialogaron sobre las primeras intervenciones que llevar\u00e1 adelante este Gobierno en el barrio San Francisco. Del encuentro participaron tambi\u00e9n la viceministra de Empleo y Seguridad Social, Ver\u00f3nica L\u00f3pez; el director general del Servicio Nacional de Promoci\u00f3n Profesional (SNPP), Jos\u00e9 Cogliolo; y el viceministro de Infraestructura y Vivienda, V\u00edctor Villasboa; entre otros. Los titulares del Ministerio de Trabajo, Empleo y Seguridad Social (MTESS) y del Ministerio de Urbanismo, Vivienda y H\u00e1bitat (MUVH) resaltaron la necesidad de reactivar los cursos de formaci\u00f3n y capacitaci\u00f3n en la zona, dar apoyo a los emprendedores, especialmente madres cabeza de familia y j\u00f3venes, con acciones concretas que permitan generar m\u00e1s puestos de trabajo en alianza con el sector privado.<\/p>\n","protected":false},"author":7,"featured_media":27571,"comment_status":"open","ping_status":"open","sticky":false,"template":"","format":"standard","meta":{"_acf_changed":false,"_uag_custom_page_level_css":"","footnotes":""},"categories":[1],"tags":[],"class_list":["post-6840","post","type-post","status-publish","format-standard","has-post-thumbnail","hentry","category-sin-categoria"],"acf":[],"uagb_featured_image_src":{"full":["https:\/\/www.mtess.gov.py\/wp-content\/uploads\/2023\/08\/WhatsApp_Image_2023-08-28_at_16.57.30-20240926-183501.jpeg",1280,853,false],"thumbnail":["https:\/\/www.mtess.gov.py\/wp-content\/uploads\/2023\/08\/WhatsApp_Image_2023-08-28_at_16.57.30-20240926-183501-150x150.jpeg",150,150,true],"medium":["https:\/\/www.mtess.gov.py\/wp-content\/uploads\/2023\/08\/WhatsApp_Image_2023-08-28_at_16.57.30-20240926-183501-300x200.jpeg",300,200,true],"medium_large":["https:\/\/www.mtess.gov.py\/wp-content\/uploads\/2023\/08\/WhatsApp_Image_2023-08-28_at_16.57.30-20240926-183501-768x512.jpeg",768,512,true],"large":["https:\/\/www.mtess.gov.py\/wp-content\/uploads\/2023\/08\/WhatsApp_Image_2023-08-28_at_16.57.30-20240926-183501-300x200.jpeg",300,200,true],"1536x1536":["https:\/\/www.mtess.gov.py\/wp-content\/uploads\/2023\/08\/WhatsApp_Image_2023-08-28_at_16.57.30-20240926-183501.jpeg",1280,853,false],"2048x2048":["https:\/\/www.mtess.gov.py\/wp-content\/uploads\/2023\/08\/WhatsApp_Image_2023-08-28_at_16.57.30-20240926-183501.jpeg",1280,853,false],"depicter-thumbnail":["https:\/\/www.mtess.gov.py\/wp-content\/uploads\/2023\/08\/WhatsApp_Image_2023-08-28_at_16.57.30-20240926-183501.jpeg",200,133,false]},"uagb_author_info":{"display_name":"Lucas Santacruz","author_link":"https:\/\/www.mtess.gov.py\/?author=7"},"uagb_comment_info":0,"uagb_excerpt":"La ministra de Trabajo, Empleo y Seguridad Social, M\u00f3nica Recalde De Giacomi, se reuni\u00f3 hoy con el ministro de Urbanismo, Vivienda y H\u00e1bitat, Juan Carlos Baruja, ocasi\u00f3n en la que dialogaron sobre las primeras intervenciones que llevar\u00e1 adelante este Gobierno en el barrio San Francisco. Del encuentro participaron tambi\u00e9n la viceministra de Empleo y Seguridad&hellip;","_links":{"self":[{"href":"https:\/\/www.mtess.gov.py\/index.php?rest_route=\/wp\/v2\/posts\/6840","targetHints":{"allow":["GET"]}}],"collection":[{"href":"https:\/\/www.mtess.gov.py\/index.php?rest_route=\/wp\/v2\/posts"}],"about":[{"href":"https:\/\/www.mtess.gov.py\/index.php?rest_route=\/wp\/v2\/types\/post"}],"author":[{"embeddable":true,"href":"https:\/\/www.mtess.gov.py\/index.php?rest_route=\/wp\/v2\/users\/7"}],"replies":[{"embeddable":true,"href":"https:\/\/www.mtess.gov.py\/index.php?rest_route=%2Fwp%2Fv2%2Fcomments&post=6840"}],"version-history":[{"count":2,"href":"https:\/\/www.mtess.gov.py\/index.php?rest_route=\/wp\/v2\/posts\/6840\/revisions"}],"predecessor-version":[{"id":34425,"href":"https:\/\/www.mtess.gov.py\/index.php?rest_route=\/wp\/v2\/posts\/6840\/revisions\/34425"}],"wp:featuredmedia":[{"embeddable":true,"href":"https:\/\/www.mtess.gov.py\/index.php?rest_route=\/wp\/v2\/media\/27571"}],"wp:attachment":[{"href":"https:\/\/www.mtess.gov.py\/index.php?rest_route=%2Fwp%2Fv2%2Fmedia&parent=6840"}],"wp:term":[{"taxonomy":"category","embeddable":true,"href":"https:\/\/www.mtess.gov.py\/index.php?rest_route=%2Fwp%2Fv2%2Fcategories&post=6840"},{"taxonomy":"post_tag","embeddable":true,"href":"https:\/\/www.mtess.gov.py\/index.php?rest_route=%2Fwp%2Fv2%2Ftags&post=6840"}],"curies":[{"name":"wp","href":"https:\/\/api.w.org\/{rel}","templated":true}]}}