{"id":6841,"date":"2023-08-28T17:00:00","date_gmt":"2023-08-28T21:00:00","guid":{"rendered":"https:\/\/bi.mtess.gov.py\/v1\/?p=6841"},"modified":"2025-12-19T11:04:12","modified_gmt":"2025-12-19T14:04:12","slug":"presidente-de-la-republica-resalta-acciones-del-mtess-para-evitar-corrupcion","status":"publish","type":"post","link":"https:\/\/www.mtess.gov.py\/?p=6841","title":{"rendered":"Presidente de la Rep\u00fablica resalta acciones del MTESS para evitar corrupci\u00f3n"},"content":{"rendered":"<div id=\"ccm-layout-column-1\" class=\"ccm-layout-column\">\n<div class=\"ccm-layout-column-inner\">El Consejo de Ministros mantuvo en la ma\u00f1ana de hoy su primera reuni\u00f3n, que presidi\u00f3 el presidente de la Rep\u00fablica, Santiago Pe\u00f1a. El jefe de Estado y su gabinete analizaron los objetivos de Gobierno planificados para mejorar la calidad de vida de la poblaci\u00f3n y los principales lineamientos de acci\u00f3n para el cumplimiento de esos objetivos.<\/div>\n<\/div>\n<div id=\"ccm-layout-column-2\" class=\"ccm-layout-column\"><\/div>\n<p data-path-to-node=\"2\"><span class=\"citation-1825 citation-1826 citation-1827 citation-1828 citation-1829 citation-1830 citation-1831 citation-end-1831\">Pe\u00f1a insisti\u00f3 a los ministros en el combate a la corrupci\u00f3n e inst\u00f3 a realizar auditor\u00edas sobre las gestiones realizadas en las diferentes instituciones por la administraci\u00f3n anterior, para deslindar responsabilidades sobre cualquier irregularidad<\/span><span class=\"citation-1825 citation-1826 citation-1827 citation-1828 citation-1829 citation-1830 citation-end-1830\"> que se pudo haber cometido.<\/span><\/p>\n<div class=\"source-inline-chip-container ng-star-inserted\"><\/div>\n<p data-path-to-node=\"3\"><span class=\"citation-1819 citation-1820 citation-1821 citation-1822 citation-1823 citation-1824 citation-end-1824\">E<\/span><span class=\"citation-1819 citation-1820 citation-1821 citation-1822 citation-1823 citation-end-1823\">l presidente dijo que uno de los ejemplos de<\/span><span class=\"citation-1819 citation-1820 citation-1821 citation-1822 citation-end-1822\">l combate decidido a la corrupci\u00f3n es la medid<\/span><span class=\"citation-1819 citation-1820 citation-1821 citation-end-1821\">a tomada por el Ministerio de <\/span><span class=\"citation-1819 citation-1820 citation-end-1820\">Trabajo, Empleo y Seguridad Soci<\/span><span class=\"citation-1819 citation-end-1819\">al (MTESS) de suspender las fiscalizaciones laborales pa<\/span>ra evitar extorsiones, medida <span class=\"citation-1816 citation-1817 citation-1818 citation-end-1818\">dispuesta por la Resoluci\u00f3n Nro. 29\/2023 firmada por la ministra M\u00f3nica Recalde De Giacomi.<\/span><\/p>\n<div class=\"source-inline-chip-container ng-star-inserted\"><\/div>\n<p data-path-to-node=\"4\"><span class=\"citation-1813 citation-1814 citation-1815 citation-end-1815\">\u201cLastimosamente, en los \u00faltimos tiempos el brazo de control del Estado ha sido un brazo extorsivo; en vez de salir a controlar a aquellos que incumplen, ha salido a controlar y a ext<\/span><span class=\"citation-1813 citation-1814 citation-end-1814\">orsionar a aquellos que cumplen. Entonces, una de las medidas que hemos tomado es la suspensi\u00f3n de las fiscalizaciones y un redise\u00f1o del modelo de control que pueda promo<\/span><span class=\"citation-1813 citation-end-1813\">ver la formalizaci\u00f3n y no des<\/span>alentarla\u201d, <span class=\"citation-1811 citation-1812 citation-end-1812\">expres\u00f3.<\/span><\/p>\n<div class=\"source-inline-chip-container ng-star-inserted\"><\/div>\n<p data-path-to-node=\"5\"><span class=\"citation-1809 citation-1810 citation-end-1810\">Durante la reuni\u00f3n del Consejo de Ministros, el titular del Ejecutivo remarc\u00f3 que el Gobierno del Paraguay ser\u00e1 implacable en el combate al contrabando porque da\u00f1a la generaci\u00f3n de empleo. Subray\u00f3 que este flagelo est\u00e1 lastimando much\u00edsimo a la clase<\/span><span class=\"citation-1809 citation-end-1809\"> trabajadora. \u201cTenemos el desaf\u00edo de generar 500.000 empleos. Hoy se est\u00e1n perdiendo trabajos porque ingresan todos los d\u00edas produ<\/span>ctos de contrabando\u201d, indic\u00f3.<\/p>\n<div class=\"source-inline-chip-container ng-star-inserted\"><\/div>\n<p data-path-to-node=\"6\">El presidente Pe\u00f1a se\u00f1al\u00f3, adem\u00e1s, que todas las acciones de los ministerios deben ejecutarse de forma coordinada y que, para alcanzar los objetivos de gobierno, es fundamental el di\u00e1logo interinstitucional. Agreg\u00f3 que es muy importante dar respuestas oportunas a las necesidades de la gente, generando sinergias para la expansi\u00f3n del empleo, la lucha contra el contrabando y la atenci\u00f3n especial a la poblaci\u00f3n vulnerable a trav\u00e9s del acceso a mejores servicios, pidiendo a los ministros que conozcan el territorio y est\u00e9n cerca de la ciudadan\u00eda.<\/p>\n<p data-path-to-node=\"7\">El presidente Santiago Pe\u00f1a estuvo acompa\u00f1ado en el Consejo de Ministros por el vicepresidente de la Rep\u00fablica, Pedro Alliana; la jefa del Gabinete Civil, Lea Gim\u00e9nez; y el asesor pol\u00edtico de la Presidencia, Jos\u00e9 Alberto Alderete.<\/p>\n","protected":false},"excerpt":{"rendered":"<p>El Consejo de Ministros mantuvo en la ma\u00f1ana de hoy su primera reuni\u00f3n, que presidi\u00f3 el presidente de la Rep\u00fablica, Santiago Pe\u00f1a. El jefe de Estado y su gabinete analizaron los objetivos de Gobierno planificados para mejorar la calidad de vida de la poblaci\u00f3n y los principales lineamientos de acci\u00f3n para el cumplimiento de esos objetivos.<\/p>\n","protected":false},"author":7,"featured_media":27572,"comment_status":"open","ping_status":"open","sticky":false,"template":"","format":"standard","meta":{"_acf_changed":false,"_uag_custom_page_level_css":"","footnotes":""},"categories":[1],"tags":[],"class_list":["post-6841","post","type-post","status-publish","format-standard","has-post-thumbnail","hentry","category-sin-categoria"],"acf":[],"uagb_featured_image_src":{"full":["https:\/\/www.mtess.gov.py\/wp-content\/uploads\/2023\/08\/1_Reunion_de_Consejo_de_Ministros_28-08-23-20240926-183501.jpg",1600,936,false],"thumbnail":["https:\/\/www.mtess.gov.py\/wp-content\/uploads\/2023\/08\/1_Reunion_de_Consejo_de_Ministros_28-08-23-20240926-183501-150x150.jpg",150,150,true],"medium":["https:\/\/www.mtess.gov.py\/wp-content\/uploads\/2023\/08\/1_Reunion_de_Consejo_de_Ministros_28-08-23-20240926-183501-300x176.jpg",300,176,true],"medium_large":["https:\/\/www.mtess.gov.py\/wp-content\/uploads\/2023\/08\/1_Reunion_de_Consejo_de_Ministros_28-08-23-20240926-183501-768x449.jpg",768,449,true],"large":["https:\/\/www.mtess.gov.py\/wp-content\/uploads\/2023\/08\/1_Reunion_de_Consejo_de_Ministros_28-08-23-20240926-183501-300x176.jpg",300,176,true],"1536x1536":["https:\/\/www.mtess.gov.py\/wp-content\/uploads\/2023\/08\/1_Reunion_de_Consejo_de_Ministros_28-08-23-20240926-183501-1536x899.jpg",1536,899,true],"2048x2048":["https:\/\/www.mtess.gov.py\/wp-content\/uploads\/2023\/08\/1_Reunion_de_Consejo_de_Ministros_28-08-23-20240926-183501.jpg",1600,936,false],"depicter-thumbnail":["https:\/\/www.mtess.gov.py\/wp-content\/uploads\/2023\/08\/1_Reunion_de_Consejo_de_Ministros_28-08-23-20240926-183501.jpg",200,117,false]},"uagb_author_info":{"display_name":"Lucas Santacruz","author_link":"https:\/\/www.mtess.gov.py\/?author=7"},"uagb_comment_info":0,"uagb_excerpt":"El Consejo de Ministros mantuvo en la ma\u00f1ana de hoy su primera reuni\u00f3n, que presidi\u00f3 el presidente de la Rep\u00fablica, Santiago Pe\u00f1a. El jefe de Estado y su gabinete analizaron los objetivos de Gobierno planificados para mejorar la calidad de vida de la poblaci\u00f3n y los principales lineamientos de acci\u00f3n para el cumplimiento de esos&hellip;","_links":{"self":[{"href":"https:\/\/www.mtess.gov.py\/index.php?rest_route=\/wp\/v2\/posts\/6841","targetHints":{"allow":["GET"]}}],"collection":[{"href":"https:\/\/www.mtess.gov.py\/index.php?rest_route=\/wp\/v2\/posts"}],"about":[{"href":"https:\/\/www.mtess.gov.py\/index.php?rest_route=\/wp\/v2\/types\/post"}],"author":[{"embeddable":true,"href":"https:\/\/www.mtess.gov.py\/index.php?rest_route=\/wp\/v2\/users\/7"}],"replies":[{"embeddable":true,"href":"https:\/\/www.mtess.gov.py\/index.php?rest_route=%2Fwp%2Fv2%2Fcomments&post=6841"}],"version-history":[{"count":1,"href":"https:\/\/www.mtess.gov.py\/index.php?rest_route=\/wp\/v2\/posts\/6841\/revisions"}],"predecessor-version":[{"id":34423,"href":"https:\/\/www.mtess.gov.py\/index.php?rest_route=\/wp\/v2\/posts\/6841\/revisions\/34423"}],"wp:featuredmedia":[{"embeddable":true,"href":"https:\/\/www.mtess.gov.py\/index.php?rest_route=\/wp\/v2\/media\/27572"}],"wp:attachment":[{"href":"https:\/\/www.mtess.gov.py\/index.php?rest_route=%2Fwp%2Fv2%2Fmedia&parent=6841"}],"wp:term":[{"taxonomy":"category","embeddable":true,"href":"https:\/\/www.mtess.gov.py\/index.php?rest_route=%2Fwp%2Fv2%2Fcategories&post=6841"},{"taxonomy":"post_tag","embeddable":true,"href":"https:\/\/www.mtess.gov.py\/index.php?rest_route=%2Fwp%2Fv2%2Ftags&post=6841"}],"curies":[{"name":"wp","href":"https:\/\/api.w.org\/{rel}","templated":true}]}}