{"id":6843,"date":"2023-08-25T17:44:00","date_gmt":"2023-08-25T21:44:00","guid":{"rendered":"https:\/\/bi.mtess.gov.py\/v1\/?p=6843"},"modified":"2025-12-19T11:01:01","modified_gmt":"2025-12-19T14:01:01","slug":"destacan-importancia-de-formacion-en-mandos-medios-en-visita-a-futuro-mercado-en-minga-guazu","status":"publish","type":"post","link":"https:\/\/www.mtess.gov.py\/?p=6843","title":{"rendered":"Destacan importancia de formaci\u00f3n en mandos medios en visita a futuro mercado en Minga Guaz\u00fa"},"content":{"rendered":"<div id=\"ccm-layout-column-1\" class=\"ccm-layout-column\">\n<div class=\"ccm-layout-column-inner\">La viceministra de Empleo y Seguridad Social, Ver\u00f3nica L\u00f3pez; y el director general de Empleo, Wilberto Otaz\u00fa, visitaron hoy las futuras instalaciones del Mercado de Abasto Este, en Minga Guaz\u00fa. Durante el evento se destac\u00f3 la importancia de las capacitaciones impulsadas por el Ministerio de Trabajo, Empleo y Seguridad Social (MTESS) a trav\u00e9s del Servicio Nacional de Promoci\u00f3n Profesional (SNPP) para contratar mano de obra calificada. La comitiva fue recibida por el presidente de Abasto SA, Jorge Mendelzon; y la gerente general, Blanca Aveiro<\/div>\n<\/div>\n<div id=\"ccm-layout-column-2\" class=\"ccm-layout-column\"><\/div>\n<p><span style=\"text-align: justify;\">Abasto Este se construir\u00e1 en un predio de 10 hect\u00e1reas en Ciudad del Este y se proyecta como un centro comercial que brindar\u00e1 atenci\u00f3n a mayoristas y minoristas. Industrias, distribuidores, fabricantes, productores frutihort\u00edcolas, emprendedores, servicios financieros y gastron\u00f3micos formar\u00e1n parte de la propuesta del segundo mercado privado del pa\u00eds, que una vez operativo beneficiar\u00e1 a la zona con m\u00e1s de 500 puestos de trabajo directo.<\/span><\/p>\n<p style=\"text-align: justify;\"><span class=\"TextRun SCXW61050605 BCX8\"><span class=\"NormalTextRun SCXW61050605 BCX8\">El director general de Empleo destac\u00f3 la iniciativa y mencion\u00f3 que en el momento de la presentaci\u00f3n se destac\u00f3 la importancia de la capacitaci\u00f3n en mandos medios que realiza el MTESS a trav\u00e9s del SNPP.<\/span><\/span><\/p>\n<p style=\"text-align: justify;\"><span class=\"TextRun SCXW61050605 BCX8\">\u201cLa se\u00f1ora Blanca Aveiro, que es la gerente general, nos coment\u00f3 que en el Abasto Norte el trabajo de capacitaci\u00f3n realizado por el SNPP es fundamental y nos adelant\u00f3 que solicitar\u00e1n la habilitaci\u00f3n de una sede del ente capacitador dentro del predio del Abasto Este una vez que est\u00e9 en funcionamiento para la formaci\u00f3n de cajeros, repositores y otros oficios de r\u00e1pida salida laboral\u201d, sostuvo. <\/span><\/p>\n<p style=\"text-align: justify;\"><strong><span class=\"TextRun SCXW61050605 BCX8\">Fortalecimiento de emprendedores <\/span> <\/strong><\/p>\n<p style=\"text-align: justify;\"><span class=\"TextRun SCXW61050605 BCX8\"><span class=\"NormalTextRun SCXW61050605 BCX8\">Acciones que permitan la capacitaci\u00f3n, formalizaci\u00f3n y apoyo a emprendedores fue analizado entre la comitiva del MTESS y el Gobernador de Alto Paran\u00e1, C\u00e9sar Torres. <\/span> <\/span><\/p>\n<p style=\"text-align: justify;\"><span class=\"TextRun SCXW61050605 BCX8\">Por otro lado, las autoridades de la cartera de Estado tambi\u00e9n participaron de una reuni\u00f3n con la Asociaci\u00f3n de Mujeres Emprendedoras de Alto Paran\u00e1, que nuclea cerca de 200 emprendedoras de diferentes rubros.<\/span><\/p>\n","protected":false},"excerpt":{"rendered":"<p>La viceministra de Empleo y Seguridad Social, Ver\u00f3nica L\u00f3pez; y el director general de Empleo, Wilberto Otaz\u00fa, visitaron hoy las futuras instalaciones del Mercado de Abasto Este, en Minga Guaz\u00fa. Durante el evento se destac\u00f3 la importancia de las capacitaciones impulsadas por el Ministerio de Trabajo, Empleo y Seguridad Social (MTESS) a trav\u00e9s del Servicio Nacional de Promoci\u00f3n Profesional (SNPP) para contratar mano de obra calificada. La comitiva fue recibida por el presidente de Abasto SA, Jorge Mendelzon; y la gerente general, Blanca Aveiro<\/p>\n","protected":false},"author":7,"featured_media":27574,"comment_status":"open","ping_status":"open","sticky":false,"template":"","format":"standard","meta":{"_acf_changed":false,"_uag_custom_page_level_css":"","footnotes":""},"categories":[1],"tags":[],"class_list":["post-6843","post","type-post","status-publish","format-standard","has-post-thumbnail","hentry","category-sin-categoria"],"acf":[],"uagb_featured_image_src":{"full":["https:\/\/www.mtess.gov.py\/wp-content\/uploads\/2023\/08\/bb07ac1e4b1e4359564ffbde60935a18-12.jpg",250,188,false],"thumbnail":["https:\/\/www.mtess.gov.py\/wp-content\/uploads\/2023\/08\/bb07ac1e4b1e4359564ffbde60935a18-12-150x150.jpg",150,150,true],"medium":["https:\/\/www.mtess.gov.py\/wp-content\/uploads\/2023\/08\/bb07ac1e4b1e4359564ffbde60935a18-12.jpg",250,188,false],"medium_large":["https:\/\/www.mtess.gov.py\/wp-content\/uploads\/2023\/08\/bb07ac1e4b1e4359564ffbde60935a18-12.jpg",250,188,false],"large":["https:\/\/www.mtess.gov.py\/wp-content\/uploads\/2023\/08\/bb07ac1e4b1e4359564ffbde60935a18-12.jpg",250,188,false],"1536x1536":["https:\/\/www.mtess.gov.py\/wp-content\/uploads\/2023\/08\/bb07ac1e4b1e4359564ffbde60935a18-12.jpg",250,188,false],"2048x2048":["https:\/\/www.mtess.gov.py\/wp-content\/uploads\/2023\/08\/bb07ac1e4b1e4359564ffbde60935a18-12.jpg",250,188,false],"depicter-thumbnail":["https:\/\/www.mtess.gov.py\/wp-content\/uploads\/2023\/08\/bb07ac1e4b1e4359564ffbde60935a18-12.jpg",200,150,false]},"uagb_author_info":{"display_name":"Lucas Santacruz","author_link":"https:\/\/www.mtess.gov.py\/?author=7"},"uagb_comment_info":0,"uagb_excerpt":"La viceministra de Empleo y Seguridad Social, Ver\u00f3nica L\u00f3pez; y el director general de Empleo, Wilberto Otaz\u00fa, visitaron hoy las futuras instalaciones del Mercado de Abasto Este, en Minga Guaz\u00fa. Durante el evento se destac\u00f3 la importancia de las capacitaciones impulsadas por el Ministerio de Trabajo, Empleo y Seguridad Social (MTESS) a trav\u00e9s del Servicio&hellip;","_links":{"self":[{"href":"https:\/\/www.mtess.gov.py\/index.php?rest_route=\/wp\/v2\/posts\/6843","targetHints":{"allow":["GET"]}}],"collection":[{"href":"https:\/\/www.mtess.gov.py\/index.php?rest_route=\/wp\/v2\/posts"}],"about":[{"href":"https:\/\/www.mtess.gov.py\/index.php?rest_route=\/wp\/v2\/types\/post"}],"author":[{"embeddable":true,"href":"https:\/\/www.mtess.gov.py\/index.php?rest_route=\/wp\/v2\/users\/7"}],"replies":[{"embeddable":true,"href":"https:\/\/www.mtess.gov.py\/index.php?rest_route=%2Fwp%2Fv2%2Fcomments&post=6843"}],"version-history":[{"count":1,"href":"https:\/\/www.mtess.gov.py\/index.php?rest_route=\/wp\/v2\/posts\/6843\/revisions"}],"predecessor-version":[{"id":34419,"href":"https:\/\/www.mtess.gov.py\/index.php?rest_route=\/wp\/v2\/posts\/6843\/revisions\/34419"}],"wp:featuredmedia":[{"embeddable":true,"href":"https:\/\/www.mtess.gov.py\/index.php?rest_route=\/wp\/v2\/media\/27574"}],"wp:attachment":[{"href":"https:\/\/www.mtess.gov.py\/index.php?rest_route=%2Fwp%2Fv2%2Fmedia&parent=6843"}],"wp:term":[{"taxonomy":"category","embeddable":true,"href":"https:\/\/www.mtess.gov.py\/index.php?rest_route=%2Fwp%2Fv2%2Fcategories&post=6843"},{"taxonomy":"post_tag","embeddable":true,"href":"https:\/\/www.mtess.gov.py\/index.php?rest_route=%2Fwp%2Fv2%2Ftags&post=6843"}],"curies":[{"name":"wp","href":"https:\/\/api.w.org\/{rel}","templated":true}]}}