{"id":6844,"date":"2023-08-25T14:36:00","date_gmt":"2023-08-25T18:36:00","guid":{"rendered":"https:\/\/bi.mtess.gov.py\/v1\/?p=6844"},"modified":"2025-12-19T11:00:37","modified_gmt":"2025-12-19T14:00:37","slug":"dialogan-sobre-intermediacion-laboral-y-capacitacion-de-recursos-humanos","status":"publish","type":"post","link":"https:\/\/www.mtess.gov.py\/?p=6844","title":{"rendered":"Dialogan sobre intermediaci\u00f3n laboral y capacitaci\u00f3n de recursos humanos"},"content":{"rendered":"<div id=\"ccm-layout-column-1\" class=\"ccm-layout-column\">\n<div class=\"ccm-layout-column-inner\">La viceministra de Empleo, Ver\u00f3nica L\u00f3pez; el director general de Empleo, Wilberto Otaz\u00fa; y la coordinadora regional de Empleo de Alto Paran\u00e1, Juliana Garcete, visitaron las instalaciones Lunelli Industria Textil Paraguay, de la C\u00e1mara de Empresarios de Ciudad del Este y Alto Paran\u00e1, del Consejo de Desarrollo de Ciudad del Este y Centro de Apoyo a Emprendedores de Ciudad del Este. Los representantes de estas organizaciones coincidieron en la necesidad de que el Ministerio de Trabajo, Empleo y Seguridad Social (MTESS) fortalezca las capacitaciones en la zona y propicie la formalizaci\u00f3n de los puestos de trabajo.<\/div>\n<\/div>\n<div id=\"ccm-layout-column-2\" class=\"ccm-layout-column\">\n<div class=\"ccm-layout-column-inner\">\n<div id=\"owl-demo_slide\" class=\"owl-carousel Slider fade Navegacion-true owl-theme\">\n<div id=\"progressBar\"><\/div>\n<\/div>\n<\/div>\n<\/div>\n<p style=\"text-align: justify;\">Los empresarios solicitaron capacitaciones en habilidades blandas, liderazgo y ventas, entre otras, para los trabajadores. Adem\u00e1s, se\u00f1alaron la necesidad de conocer los beneficios de la seguridad social, derechos laborales, modelos de contrato de trabajo y estrategias de formalizaci\u00f3n para los empresarios.<\/p>\n<p style=\"text-align: justify;\"><span class=\"TextRun SCXW23278160 BCX8\"><span class=\"NormalTextRun SCXW23278160 BCX8\">\u201cNos reunimos con varios sectores quienes est\u00e1n interesados en establecer alianzas estrat\u00e9gicas con el Ministerio de Trabajo, Empleo y Seguridad Social, para brindar capacitaciones en diferentes \u00e1mbitos; tal es el caso del Consejo de Desarrollo de Ciudad del Este CODELESTE, que solicit\u00f3 un convenio con el MTESS para que a trav\u00e9s del Centro de Entrenamiento del Emprendedor puedan acceder a diferentes tipos de formaciones que son complementarias para los emprendedores, a fin de poder avanzar en el desarrollo de sus negocios\u201d, explic\u00f3 el director general de Empleo, Wilberto <span class=\"NormalTextRun SpellingErrorV2Themed SCXW23278160 BCX8\">Otaz\u00fa<\/span><span class=\"NormalTextRun SCXW23278160 BCX8\">. <\/span><\/span><\/span><\/p>\n<p style=\"text-align: justify;\"><span class=\"TextRun SCXW23278160 BCX8\"><span class=\"NormalTextRun SCXW23278160 BCX8\">Durante la visita a las empresas y gremios de CDE, las autoridades del MTESS se reunieron con Aldo Ben\u00edtez, representante de <span class=\"NormalTextRun SpellingErrorV2Themed SpellingErrorHighlight SCXW23278160 BCX8\">Lunelli<\/span> Industria Textil Paraguay S.A; Rigoberto Chamorro y directorio de la C\u00e1mara de Empresarios de Ciudad del Este y Alto Paran\u00e1; Luis Vernaza y directorio de <span class=\"NormalTextRun SpellingErrorV2Themed SCXW23278160 BCX8\">Codeleste<\/span> y Eligio Acu\u00f1a, representante del Centro de Apoyo a Emprendedores. <\/span><\/span><\/p>\n","protected":false},"excerpt":{"rendered":"<p>La viceministra de Empleo, Ver\u00f3nica L\u00f3pez; el director general de Empleo, Wilberto Otaz\u00fa; y la coordinadora regional de Empleo de Alto Paran\u00e1, Juliana Garcete, visitaron las instalaciones Lunelli Industria Textil Paraguay, de la C\u00e1mara de Empresarios de Ciudad del Este y Alto Paran\u00e1, del Consejo de Desarrollo de Ciudad del Este y Centro de Apoyo a Emprendedores de Ciudad del Este. Los representantes de estas organizaciones coincidieron en la necesidad de que el Ministerio de Trabajo, Empleo y Seguridad Social (MTESS) fortalezca las capacitaciones en la zona y propicie la formalizaci\u00f3n de los puestos de trabajo.<\/p>\n","protected":false},"author":7,"featured_media":27575,"comment_status":"open","ping_status":"open","sticky":false,"template":"","format":"standard","meta":{"_acf_changed":false,"_uag_custom_page_level_css":"","footnotes":""},"categories":[1],"tags":[],"class_list":["post-6844","post","type-post","status-publish","format-standard","has-post-thumbnail","hentry","category-sin-categoria"],"acf":[],"uagb_featured_image_src":{"full":["https:\/\/www.mtess.gov.py\/wp-content\/uploads\/2023\/08\/Reunion_con_gremio_empresarial_Alto_Parana2-7.jpg",1440,1024,false],"thumbnail":["https:\/\/www.mtess.gov.py\/wp-content\/uploads\/2023\/08\/Reunion_con_gremio_empresarial_Alto_Parana2-7-150x150.jpg",150,150,true],"medium":["https:\/\/www.mtess.gov.py\/wp-content\/uploads\/2023\/08\/Reunion_con_gremio_empresarial_Alto_Parana2-7-300x213.jpg",300,213,true],"medium_large":["https:\/\/www.mtess.gov.py\/wp-content\/uploads\/2023\/08\/Reunion_con_gremio_empresarial_Alto_Parana2-7-768x546.jpg",768,546,true],"large":["https:\/\/www.mtess.gov.py\/wp-content\/uploads\/2023\/08\/Reunion_con_gremio_empresarial_Alto_Parana2-7-300x213.jpg",300,213,true],"1536x1536":["https:\/\/www.mtess.gov.py\/wp-content\/uploads\/2023\/08\/Reunion_con_gremio_empresarial_Alto_Parana2-7.jpg",1440,1024,false],"2048x2048":["https:\/\/www.mtess.gov.py\/wp-content\/uploads\/2023\/08\/Reunion_con_gremio_empresarial_Alto_Parana2-7.jpg",1440,1024,false],"depicter-thumbnail":["https:\/\/www.mtess.gov.py\/wp-content\/uploads\/2023\/08\/Reunion_con_gremio_empresarial_Alto_Parana2-7.jpg",200,142,false]},"uagb_author_info":{"display_name":"Lucas Santacruz","author_link":"https:\/\/www.mtess.gov.py\/?author=7"},"uagb_comment_info":0,"uagb_excerpt":"La viceministra de Empleo, Ver\u00f3nica L\u00f3pez; el director general de Empleo, Wilberto Otaz\u00fa; y la coordinadora regional de Empleo de Alto Paran\u00e1, Juliana Garcete, visitaron las instalaciones Lunelli Industria Textil Paraguay, de la C\u00e1mara de Empresarios de Ciudad del Este y Alto Paran\u00e1, del Consejo de Desarrollo de Ciudad del Este y Centro de Apoyo&hellip;","_links":{"self":[{"href":"https:\/\/www.mtess.gov.py\/index.php?rest_route=\/wp\/v2\/posts\/6844","targetHints":{"allow":["GET"]}}],"collection":[{"href":"https:\/\/www.mtess.gov.py\/index.php?rest_route=\/wp\/v2\/posts"}],"about":[{"href":"https:\/\/www.mtess.gov.py\/index.php?rest_route=\/wp\/v2\/types\/post"}],"author":[{"embeddable":true,"href":"https:\/\/www.mtess.gov.py\/index.php?rest_route=\/wp\/v2\/users\/7"}],"replies":[{"embeddable":true,"href":"https:\/\/www.mtess.gov.py\/index.php?rest_route=%2Fwp%2Fv2%2Fcomments&post=6844"}],"version-history":[{"count":1,"href":"https:\/\/www.mtess.gov.py\/index.php?rest_route=\/wp\/v2\/posts\/6844\/revisions"}],"predecessor-version":[{"id":34418,"href":"https:\/\/www.mtess.gov.py\/index.php?rest_route=\/wp\/v2\/posts\/6844\/revisions\/34418"}],"wp:featuredmedia":[{"embeddable":true,"href":"https:\/\/www.mtess.gov.py\/index.php?rest_route=\/wp\/v2\/media\/27575"}],"wp:attachment":[{"href":"https:\/\/www.mtess.gov.py\/index.php?rest_route=%2Fwp%2Fv2%2Fmedia&parent=6844"}],"wp:term":[{"taxonomy":"category","embeddable":true,"href":"https:\/\/www.mtess.gov.py\/index.php?rest_route=%2Fwp%2Fv2%2Fcategories&post=6844"},{"taxonomy":"post_tag","embeddable":true,"href":"https:\/\/www.mtess.gov.py\/index.php?rest_route=%2Fwp%2Fv2%2Ftags&post=6844"}],"curies":[{"name":"wp","href":"https:\/\/api.w.org\/{rel}","templated":true}]}}