{"id":6845,"date":"2023-08-25T11:05:00","date_gmt":"2023-08-25T15:05:00","guid":{"rendered":"https:\/\/bi.mtess.gov.py\/v1\/?p=6845"},"modified":"2025-12-19T10:59:50","modified_gmt":"2025-12-19T13:59:50","slug":"representantes-de-paises-de-la-region-intercambiaron-conocimientos-sobre-trabajo-infantil-y-forzoso","status":"publish","type":"post","link":"https:\/\/www.mtess.gov.py\/?p=6845","title":{"rendered":"Representantes de pa\u00edses de la regi\u00f3n intercambiaron conocimientos sobre trabajo infantil y forzoso"},"content":{"rendered":"<div id=\"ccm-layout-column-1\" class=\"ccm-layout-column\">\n<div class=\"ccm-layout-column-inner\">En la sede de la Oficina Pa\u00eds de la Organizaci\u00f3n Internacional del Trabajo (OIT) para el Brasil, se llev\u00f3 a cabo las \u201cReuniones de intercambio de conocimientos en materia de trabajo infantil y trabajo forzoso entre Argentina, Brasil, Honduras, Paraguay y Per\u00fa\u201d, promovida por las oficinas de la OIT Brasilia, Lima, San Jos\u00e9 y Santiago, en alianza con el gobierno de Brasil, por medio de la Agencia Brasile\u00f1a de Cooperaci\u00f3n (ABC) los d\u00edas 22 y 23 de agosto. La misma cont\u00f3 con la presencia de las delegaciones tripartitas de Argentina, Brasil, Honduras, Paraguay y Per\u00fa.<\/div>\n<\/div>\n<div id=\"ccm-layout-column-2\" class=\"ccm-layout-column\">\n<div class=\"ccm-layout-column-inner\">\n<div id=\"owl-demo_slide\" class=\"owl-carousel Slider fade Navegacion-true owl-theme\">\n<div id=\"progressBar\"><\/div>\n<\/div>\n<\/div>\n<\/div>\n<p data-path-to-node=\"2\">En la ocasi\u00f3n, mediante el espacio informativo y de di\u00e1logo, los representantes de los gobiernos, trabajadores y organizaciones de empleadores de las cinco delegaciones invitadas pudieron compartir y debatir sus conocimientos y experiencias. El objetivo principal fue identificar las lecciones aprendidas y las recomendaciones para el combate del trabajo infantil y forzoso en las cadenas de suministros, de modo que puedan adaptarse operativamente <span class=\"citation-1055 citation-1056 citation-end-1056\">y reproducirse con eficacia en otros entornos y sectores de actividad econ\u00f3mica.<\/span><\/p>\n<div class=\"source-inline-chip-container ng-star-inserted\"><\/div>\n<p data-path-to-node=\"3\"><span class=\"citation-1053 citation-1054 citation-end-1054\">La delegaci\u00f3n tripartita de Paraguay estuvo conformada por la Mg. Abg. Laura D\u00edaz Gr\u00fctter, directora general de Protecci\u00f3n a la Ni\u00f1ez y Adolescencia (Gob<\/span><span class=\"citation-1053 citation-end-1053\">ierno); Luis Gonz\u00e1lez Arias, de la Federaci\u00f3n de la Producci\u00f3n, la Industria y el Comercio (Feprinco) <\/span>por el sector empleador; y Jos\u00e9 Pineda, de la CUT-A, por el sector de los <span class=\"citation-1052 citation-end-1052\">trabajadores.<\/span><\/p>\n<div class=\"source-inline-chip-container ng-star-inserted\"><\/div>\n<p data-path-to-node=\"4\"><span class=\"citation-1051\">La representante del Ministerio de Trabajo, Empleo y Seguridad Social (MTESS) present\u00f3 las <\/span><span class=\"citation-1051\">\u201cCampa\u00f1as de comunicaci\u00f3n y sensibilizaci\u00f3n de forma tripartita\u201d<\/span><span class=\"citation-1051\">, realizadas en el marco del <\/span><span class=\"citation-1051 citation-end-1051\">\u201cProyecto pa\u00eds algod\u00f3n con trabajo <\/span>decente\u201d. Este programa de Cooperaci\u00f3n Sur-Sur, implementado por la OIT y financiado por el gobierno de Brasil en Paraguay entre los a\u00f1os 2018 y 2021, tuvo como uno de sus productos principales la asistencia t\u00e9cnica para la nueva \u201cEstrategia Nacional <span class=\"citation-1048 citation-1049 citation-1050\">de Prevenci\u00f3n y Erradicaci\u00f3n del Trabajo Infantil y Protecci\u00f3n del Trabajo Adolescente en el Paraguay 2019-2024\u201d<\/span><span class=\"citation-1048 citation-1049 citation-1050 citation-end-1050\">.<\/span><\/p>\n<div class=\"source-inline-chip-container ng-star-inserted\"><\/div>\n<p data-path-to-node=\"5\"><span class=\"citation-1045 citation-1046 citation-1047 citation-end-1047\">Entre las l\u00edneas de acci\u00f3n de la mencionada estrategia, se estableci\u00f3 la sensibilizaci\u00f3n de la sociedad \u2014y en especial de los medios masivos de comunicaci\u00f3n\u2014 sobre los derechos de los ni\u00f1os, ni\u00f1as y adolescentes <\/span><span class=\"citation-1045 citation-1046\">y las peores formas de trabajo infantil. Durante la jornada del d\u00eda 2, la Dra. Laura D\u00edaz present\u00f3 el <\/span><span class=\"citation-1045 citation-1046 citation-end-1046\">\u201cModelo de Identificaci\u00f3n de Riesgo<\/span><span class=\"citation-1045 citation-end-1045\"> de Trabajo Infantil<\/span>\u201d (MIRTI), compartiendo la experiencia de Paraguay. Mencion\u00f3 que esta herramienta, desarrollada por la OIT y la CEPAL en el marco de la Iniciativa Regional Am\u00e9rica Latina Libre de Trabajo Infantil, permite identificar los territorios m\u00e1s vulnerables y ofrece una caracterizaci\u00f3n que incluye orientaciones para priorizar \u00e1reas y <span class=\"citation-1044 citation-end-1044\">adecuar pol\u00edticas p\u00fablicas.<\/span><\/p>\n<div class=\"source-inline-chip-container ng-star-inserted\"><\/div>\n<p data-path-to-node=\"6\"><span class=\"citation-1043 citation-end-1043\">El encuentro permiti\u00f3 no solo intercambiar conocimientos y experiencias, sino principalmente crear una red de contactos entre las delegaciones y los expertos, identificando buenas pr\u00e1cticas para colaboraciones futuras en el combate para prevenir y erradicar el trabajo infantil y el trabajo forzoso<\/span>.<\/p>\n","protected":false},"excerpt":{"rendered":"<p>En la sede de la Oficina Pa\u00eds de la Organizaci\u00f3n Internacional del Trabajo (OIT) para el Brasil, se llev\u00f3 a cabo las \u201cReuniones de intercambio de conocimientos en materia de trabajo infantil y trabajo forzoso entre Argentina, Brasil, Honduras, Paraguay y Per\u00fa\u201d, promovida por las oficinas de la OIT Brasilia, Lima, San Jos\u00e9 y Santiago, en alianza con el gobierno de Brasil, por medio de la Agencia Brasile\u00f1a de Cooperaci\u00f3n (ABC) los d\u00edas 22 y 23 de agosto. La misma cont\u00f3 con la presencia de las delegaciones tripartitas de Argentina, Brasil, Honduras, Paraguay y Per\u00fa.<\/p>\n","protected":false},"author":7,"featured_media":27576,"comment_status":"open","ping_status":"open","sticky":false,"template":"","format":"standard","meta":{"_acf_changed":false,"_uag_custom_page_level_css":"","footnotes":""},"categories":[1],"tags":[],"class_list":["post-6845","post","type-post","status-publish","format-standard","has-post-thumbnail","hentry","category-sin-categoria"],"acf":[],"uagb_featured_image_src":{"full":["https:\/\/www.mtess.gov.py\/wp-content\/uploads\/2023\/08\/1-_Ninez_en_Brasil_25-08-23-7.jpg",1440,1080,false],"thumbnail":["https:\/\/www.mtess.gov.py\/wp-content\/uploads\/2023\/08\/1-_Ninez_en_Brasil_25-08-23-7-150x150.jpg",150,150,true],"medium":["https:\/\/www.mtess.gov.py\/wp-content\/uploads\/2023\/08\/1-_Ninez_en_Brasil_25-08-23-7-300x225.jpg",300,225,true],"medium_large":["https:\/\/www.mtess.gov.py\/wp-content\/uploads\/2023\/08\/1-_Ninez_en_Brasil_25-08-23-7-768x576.jpg",768,576,true],"large":["https:\/\/www.mtess.gov.py\/wp-content\/uploads\/2023\/08\/1-_Ninez_en_Brasil_25-08-23-7-300x225.jpg",300,225,true],"1536x1536":["https:\/\/www.mtess.gov.py\/wp-content\/uploads\/2023\/08\/1-_Ninez_en_Brasil_25-08-23-7.jpg",1440,1080,false],"2048x2048":["https:\/\/www.mtess.gov.py\/wp-content\/uploads\/2023\/08\/1-_Ninez_en_Brasil_25-08-23-7.jpg",1440,1080,false],"depicter-thumbnail":["https:\/\/www.mtess.gov.py\/wp-content\/uploads\/2023\/08\/1-_Ninez_en_Brasil_25-08-23-7.jpg",200,150,false]},"uagb_author_info":{"display_name":"Lucas Santacruz","author_link":"https:\/\/www.mtess.gov.py\/?author=7"},"uagb_comment_info":0,"uagb_excerpt":"En la sede de la Oficina Pa\u00eds de la Organizaci\u00f3n Internacional del Trabajo (OIT) para el Brasil, se llev\u00f3 a cabo las \u201cReuniones de intercambio de conocimientos en materia de trabajo infantil y trabajo forzoso entre Argentina, Brasil, Honduras, Paraguay y Per\u00fa\u201d, promovida por las oficinas de la OIT Brasilia, Lima, San Jos\u00e9 y Santiago,&hellip;","_links":{"self":[{"href":"https:\/\/www.mtess.gov.py\/index.php?rest_route=\/wp\/v2\/posts\/6845","targetHints":{"allow":["GET"]}}],"collection":[{"href":"https:\/\/www.mtess.gov.py\/index.php?rest_route=\/wp\/v2\/posts"}],"about":[{"href":"https:\/\/www.mtess.gov.py\/index.php?rest_route=\/wp\/v2\/types\/post"}],"author":[{"embeddable":true,"href":"https:\/\/www.mtess.gov.py\/index.php?rest_route=\/wp\/v2\/users\/7"}],"replies":[{"embeddable":true,"href":"https:\/\/www.mtess.gov.py\/index.php?rest_route=%2Fwp%2Fv2%2Fcomments&post=6845"}],"version-history":[{"count":1,"href":"https:\/\/www.mtess.gov.py\/index.php?rest_route=\/wp\/v2\/posts\/6845\/revisions"}],"predecessor-version":[{"id":34417,"href":"https:\/\/www.mtess.gov.py\/index.php?rest_route=\/wp\/v2\/posts\/6845\/revisions\/34417"}],"wp:featuredmedia":[{"embeddable":true,"href":"https:\/\/www.mtess.gov.py\/index.php?rest_route=\/wp\/v2\/media\/27576"}],"wp:attachment":[{"href":"https:\/\/www.mtess.gov.py\/index.php?rest_route=%2Fwp%2Fv2%2Fmedia&parent=6845"}],"wp:term":[{"taxonomy":"category","embeddable":true,"href":"https:\/\/www.mtess.gov.py\/index.php?rest_route=%2Fwp%2Fv2%2Fcategories&post=6845"},{"taxonomy":"post_tag","embeddable":true,"href":"https:\/\/www.mtess.gov.py\/index.php?rest_route=%2Fwp%2Fv2%2Ftags&post=6845"}],"curies":[{"name":"wp","href":"https:\/\/api.w.org\/{rel}","templated":true}]}}