{"id":6846,"date":"2023-08-24T19:00:00","date_gmt":"2023-08-24T23:00:00","guid":{"rendered":"https:\/\/bi.mtess.gov.py\/v1\/?p=6846"},"modified":"2025-12-19T10:58:26","modified_gmt":"2025-12-19T13:58:26","slug":"ministerio-de-trabajo-y-gobernadores-apuntan-a-fortalecer-cursos-de-formacion-laboral","status":"publish","type":"post","link":"https:\/\/www.mtess.gov.py\/?p=6846","title":{"rendered":"Ministerio de Trabajo y gobernadores apuntan a fortalecer cursos de formaci\u00f3n laboral"},"content":{"rendered":"<div id=\"ccm-layout-column-1\" class=\"ccm-layout-column\">\n<div class=\"ccm-layout-column-inner\">La ministra de Trabajo, M\u00f3nica Recalde De Giacomi, se reuni\u00f3 hoy con tres gobernadores con quienes dialog\u00f3 sobre la necesidad de fortalecer los cursos de formaci\u00f3n laboral en cada distrito, para que los pobladores puedan ingresar al mercado laboral local o llevar adelante alguna actividad econ\u00f3mica rentable.<\/div>\n<\/div>\n<div id=\"ccm-layout-column-2\" class=\"ccm-layout-column\">\n<div class=\"ccm-layout-column-inner\">\n<div id=\"owl-demo_slide\" class=\"owl-carousel Slider fade Navegacion-true owl-theme\">\n<div id=\"progressBar\"><\/div>\n<\/div>\n<\/div>\n<\/div>\n<p><span style=\"font-size: 16px;\">Recalde De Giacomi mantuvo el encuentro con la gobernadora del departamento de Concepci\u00f3n, Liz Meza; asimismo con Richard Ram\u00edrez y Bernardo Z\u00e1rate, gobernadores de los departamentos de Misiones y Presidente Hayes, respectivamente. Algunos gobernadores estuvieron acompa\u00f1ados por concejales departamentales, legisladores y dirigentes de organizaciones civiles.<br \/>\n<\/span><\/p>\n<p><span style=\"font-size: 16px;\">El viceministro de Trabajo, C\u00e9sar Segovia, explic\u00f3 que las autoridades departamentales solicitaron por sobre todas las cosas, fortalecer la presencia del Servicio Nacional de Promoci\u00f3n Profesional (SNPP) y del Sistema Nacional de Formaci\u00f3n y Capacitaci\u00f3n Laboral (Sinafocal), \u00f3rganos dependientes de la cartera de Estado, para que puedan brindar cursos de capacitaci\u00f3n de acuerdo a la necesidad de los habitantes de cada distrito de estos departamentos.<\/span><\/p>\n<p><span style=\"font-size: 16px;\">\u201cA veces se llevan cursos que no son \u00fatiles al distrito, entonces la intenci\u00f3n es que los cursos sean territoriales, porque cada distrito tiene su particularidad, de manera que esos cursos le sean \u00fatiles y puedan generar mano de obra calificada local que posibilite obtener empleo digno a la gente\u201d, manifest\u00f3 Segovia.<\/span><\/p>\n<p><span style=\"font-size: 16px;\">Adem\u00e1s de tratar el mejoramiento de los cursos en estas zonas del pa\u00eds, tambi\u00e9n dialogaron sobre la intermediaci\u00f3n laboral, con una bolsa de empleo de f\u00e1cil acceso para que los habitantes puedan postularse a las vacancias laborales disponibles. As\u00ed mismo, conversaron sobre el control que se debe realizar para resguardar los derechos de los trabajadores.<\/span><\/p>\n","protected":false},"excerpt":{"rendered":"<p>La ministra de Trabajo, M\u00f3nica Recalde De Giacomi, se reuni\u00f3 hoy con tres gobernadores con quienes dialog\u00f3 sobre la necesidad de fortalecer los cursos de formaci\u00f3n laboral en cada distrito, para que los pobladores puedan ingresar al mercado laboral local o llevar adelante alguna actividad econ\u00f3mica rentable.<\/p>\n","protected":false},"author":7,"featured_media":27577,"comment_status":"open","ping_status":"open","sticky":false,"template":"","format":"standard","meta":{"_acf_changed":false,"_uag_custom_page_level_css":"","footnotes":""},"categories":[1],"tags":[],"class_list":["post-6846","post","type-post","status-publish","format-standard","has-post-thumbnail","hentry","category-sin-categoria"],"acf":[],"uagb_featured_image_src":{"full":["https:\/\/www.mtess.gov.py\/wp-content\/uploads\/2023\/08\/WhatsApp_Image_2023-08-24_at_10.40.09-7.jpeg",1280,853,false],"thumbnail":["https:\/\/www.mtess.gov.py\/wp-content\/uploads\/2023\/08\/WhatsApp_Image_2023-08-24_at_10.40.09-7-150x150.jpeg",150,150,true],"medium":["https:\/\/www.mtess.gov.py\/wp-content\/uploads\/2023\/08\/WhatsApp_Image_2023-08-24_at_10.40.09-7-300x200.jpeg",300,200,true],"medium_large":["https:\/\/www.mtess.gov.py\/wp-content\/uploads\/2023\/08\/WhatsApp_Image_2023-08-24_at_10.40.09-7-768x512.jpeg",768,512,true],"large":["https:\/\/www.mtess.gov.py\/wp-content\/uploads\/2023\/08\/WhatsApp_Image_2023-08-24_at_10.40.09-7-300x200.jpeg",300,200,true],"1536x1536":["https:\/\/www.mtess.gov.py\/wp-content\/uploads\/2023\/08\/WhatsApp_Image_2023-08-24_at_10.40.09-7.jpeg",1280,853,false],"2048x2048":["https:\/\/www.mtess.gov.py\/wp-content\/uploads\/2023\/08\/WhatsApp_Image_2023-08-24_at_10.40.09-7.jpeg",1280,853,false],"depicter-thumbnail":["https:\/\/www.mtess.gov.py\/wp-content\/uploads\/2023\/08\/WhatsApp_Image_2023-08-24_at_10.40.09-7.jpeg",200,133,false]},"uagb_author_info":{"display_name":"Lucas Santacruz","author_link":"https:\/\/www.mtess.gov.py\/?author=7"},"uagb_comment_info":0,"uagb_excerpt":"La ministra de Trabajo, M\u00f3nica Recalde De Giacomi, se reuni\u00f3 hoy con tres gobernadores con quienes dialog\u00f3 sobre la necesidad de fortalecer los cursos de formaci\u00f3n laboral en cada distrito, para que los pobladores puedan ingresar al mercado laboral local o llevar adelante alguna actividad econ\u00f3mica rentable.","_links":{"self":[{"href":"https:\/\/www.mtess.gov.py\/index.php?rest_route=\/wp\/v2\/posts\/6846","targetHints":{"allow":["GET"]}}],"collection":[{"href":"https:\/\/www.mtess.gov.py\/index.php?rest_route=\/wp\/v2\/posts"}],"about":[{"href":"https:\/\/www.mtess.gov.py\/index.php?rest_route=\/wp\/v2\/types\/post"}],"author":[{"embeddable":true,"href":"https:\/\/www.mtess.gov.py\/index.php?rest_route=\/wp\/v2\/users\/7"}],"replies":[{"embeddable":true,"href":"https:\/\/www.mtess.gov.py\/index.php?rest_route=%2Fwp%2Fv2%2Fcomments&post=6846"}],"version-history":[{"count":1,"href":"https:\/\/www.mtess.gov.py\/index.php?rest_route=\/wp\/v2\/posts\/6846\/revisions"}],"predecessor-version":[{"id":34415,"href":"https:\/\/www.mtess.gov.py\/index.php?rest_route=\/wp\/v2\/posts\/6846\/revisions\/34415"}],"wp:featuredmedia":[{"embeddable":true,"href":"https:\/\/www.mtess.gov.py\/index.php?rest_route=\/wp\/v2\/media\/27577"}],"wp:attachment":[{"href":"https:\/\/www.mtess.gov.py\/index.php?rest_route=%2Fwp%2Fv2%2Fmedia&parent=6846"}],"wp:term":[{"taxonomy":"category","embeddable":true,"href":"https:\/\/www.mtess.gov.py\/index.php?rest_route=%2Fwp%2Fv2%2Fcategories&post=6846"},{"taxonomy":"post_tag","embeddable":true,"href":"https:\/\/www.mtess.gov.py\/index.php?rest_route=%2Fwp%2Fv2%2Ftags&post=6846"}],"curies":[{"name":"wp","href":"https:\/\/api.w.org\/{rel}","templated":true}]}}