{"id":6848,"date":"2023-08-24T11:39:00","date_gmt":"2023-08-24T15:39:00","guid":{"rendered":"https:\/\/bi.mtess.gov.py\/v1\/?p=6848"},"modified":"2025-12-19T10:22:09","modified_gmt":"2025-12-19T13:22:09","slug":"entregaron-premios-a-ganadores-del-concurso-de-dibujo-no-al-trabajo-infantil","status":"publish","type":"post","link":"https:\/\/www.mtess.gov.py\/?p=6848","title":{"rendered":"Entregaron premios a ganadores del concurso de dibujo \u201cNo al trabajo infantil\u201d"},"content":{"rendered":"<div id=\"ccm-layout-column-1\" class=\"ccm-layout-column\">\n<div class=\"ccm-layout-column-inner\">La ministra de Trabajo, M\u00f3nica Recalde De Giacomi; y la viceministra de Empleo y Seguridad Social, Ver\u00f3nica L\u00f3pez, participaron del acto de entrega de premios a los ganadores del concurso de dibujo denominado \u201cNo al trabajo infantil\u201d. El encuentro tuvo lugar en la sede de la Uni\u00f3n Industrial Paraguaya (UIP), gremio que llev\u00f3 adelante esta iniciativa y que hab\u00eda sido lanzada durante la Expo de Mariano Roque Alonso.<\/div>\n<\/div>\n<div id=\"ccm-layout-column-2\" class=\"ccm-layout-column\">\n<div class=\"ccm-layout-column-inner\">\n<div id=\"owl-demo_slide\" class=\"owl-carousel Slider fade Navegacion-true owl-theme\">\n<div id=\"progressBar\"><\/div>\n<\/div>\n<\/div>\n<\/div>\n<p data-path-to-node=\"2\"><span class=\"citation-753 citation-754 citation-755 citation-756 citation-757 citation-end-757\">El evento fue encabezado por el presidente de la UIP, Enrique Duarte, con la participaci\u00f3n de otros directivos. El concurso fue organizado por la Comisi\u00f3n de Damas del gremio, cuyo objetivo principal fue concienciar sobre los perjuici<\/span><span class=\"citation-753 citation-754 citation-755 citation-756 citation-end-756\">os que ocasiona el trabajo infa<\/span><span class=\"citation-753 citation-754 citation-755 citation-end-755\">ntil.<\/span><\/p>\n<p data-path-to-node=\"3\"><span class=\"citation-750 citation-751 citation-752 citation-end-752\">Durante la ceremonia, la ministra Recalde<\/span><span class=\"citation-750 citation-751 citation-end-751\"> De Giacomi felicit\u00f3 a las ni\u00f1<\/span><span class=\"citation-750 citation-end-750\">as y ni\u00f1os ganadores del concurso y <\/span>remarc\u00f3 que el Ministerio de Trabajo fortalecer\u00e1 sus acciones para la erradicaci\u00f3n del trabajo infantil. Por su parte, la viceministra de Empleo, quien form\u00f3 parte del Jurado de Evaluaci\u00f3n, dijo que fueron sorprendentes las ideas que tuvieron los participantes al expresar sus conocimientos en dibujo sobre el trabajo infantil. A su turno, el presidente de la UIP manifest\u00f3 que el concurso dej\u00f3 una experiencia muy constructiva.<\/p>\n<p data-path-to-node=\"4\">Participaron m\u00e1s de 100 ni\u00f1os en tres categor\u00edas distintas (menores de 8 a\u00f1os; de 8 <span class=\"citation-748 citation-749 citation-end-749\">a 10 a\u00f1os; y de 11 a 13 a\u00f1os, respectivamente). El jurado estuvo compuesto por Ver\u00f3nica L\u00f3pez, viceministra de Empleo y Seguridad Social; Alice Mor\u00ednigo, artista pl\u00e1stica; Hilda Valenzano, artista pl\u00e1stica<\/span><span class=\"citation-748 citation-end-748\">, y la docente Andreza Ortigoza, quienes actuaron colegiadamente y resolvieron por mayor\u00eda de votos ot<\/span>orgar importantes premios a los ganadores, <span class=\"citation-744 citation-745 citation-746 citation-747 citation-end-747\">adem\u00e1s de reconocer el talento de los ni\u00f1os en tan importante tem\u00e1tica.<\/span><\/p>\n<p data-path-to-node=\"5\"><b data-path-to-node=\"5\" data-index-in-node=\"0\"><span class=\"citation-740 citation-741 citation-742 citation-743 citation-end-743\">Ganadores de la categor\u00eda menores de 8 a\u00f1os:<\/span><\/b><\/p>\n<ul data-path-to-node=\"6\">\n<li>\n<p data-path-to-node=\"6,0,0\"><b data-path-to-node=\"6,0,0\" data-index-in-node=\"0\"><span class=\"citation-736 citation-737 citation-738 citation-739\">1er Puesto:<\/span><\/b><span class=\"citation-736 citation-737 citation-738 citation-739 citation-end-739\"> Jamila Siebert (5 a\u00f1os)<\/span><\/p>\n<div class=\"source-inline-chip-container ng-star-inserted\"><\/div>\n<\/li>\n<li>\n<p data-path-to-node=\"6,1,0\"><b data-path-to-node=\"6,1,0\" data-index-in-node=\"0\"><span class=\"citation-732 citation-733 citation-734 citation-735\">2do Puesto:<\/span><\/b><span class=\"citation-732 citation-733 citation-734 citation-735 citation-end-735\"> Constanza Rodr\u00edguez Ram\u00edrez (7 a\u00f1os)<\/span><\/p>\n<div class=\"source-inline-chip-container ng-star-inserted\"><b style=\"font-size: revert;\" data-path-to-node=\"7\" data-index-in-node=\"0\"><span class=\"citation-728 citation-729 citation-730 citation-731 citation-end-731\">Ganadores de <\/span><span class=\"citation-728 citation-729 citation-730 citation-end-730\">la categor\u00eda de 8 a 10 a\u00f1os:<\/span><\/b><\/div>\n<\/li>\n<\/ul>\n<div class=\"source-inline-chip-container ng-star-inserted\"><\/div>\n<ul data-path-to-node=\"8\">\n<li>\n<p data-path-to-node=\"8,0,0\"><b data-path-to-node=\"8,0,0\" data-index-in-node=\"0\"><span class=\"citation-725 citation-726 citation-727\">1er Puesto:<\/span><\/b><span class=\"citation-725 citation-726 citation-727 citation-end-727\"> Josu\u00e9 Ezequiel Olmedo Rotela<\/span><span class=\"citation-725 citation-726 citation-end-726\"> (10 a\u00f1os)<\/span><\/p>\n<div class=\"source-inline-chip-container ng-star-inserted\"><\/div>\n<\/li>\n<li>\n<p data-path-to-node=\"8,1,0\"><b data-path-to-node=\"8,1,0\" data-index-in-node=\"0\"><span class=\"citation-723 citation-724\">2do Puesto:<\/span><\/b><span class=\"citation-723 citation-724 citation-end-724\"> Camila Schoeder Holz (10 a\u00f1os)<\/span><\/p>\n<div class=\"source-inline-chip-container ng-star-inserted\"><b style=\"font-size: revert;\" data-path-to-node=\"9\" data-index-in-node=\"0\"><span class=\"citation-721 citation-722 citation-end-722\">Ganadores de la categor\u00eda de 11 a 13 <\/span><span class=\"citation-721 citation-end-721\">a\u00f1os:<\/span><\/b><\/div>\n<\/li>\n<\/ul>\n<div class=\"source-inline-chip-container ng-star-inserted\"><\/div>\n<ul data-path-to-node=\"10\">\n<li>\n<p data-path-to-node=\"10,0,0\"><b data-path-to-node=\"10,0,0\" data-index-in-node=\"0\"><span class=\"citation-720\">1er Puesto:<\/span><\/b><span class=\"citation-720 citation-end-720\"> Diego Santiago Vera Pignolo (12 a\u00f1os)<\/span><\/p>\n<div class=\"source-inline-chip-container ng-star-inserted\"><\/div>\n<\/li>\n<li>\n<p data-path-to-node=\"10,1,0\"><b data-path-to-node=\"10,1,0\" data-index-in-node=\"0\"><span class=\"citation-719 citation-end-719\">2do Puesto:<\/span><\/b> Carla Meyer (12 a\u00f1os)<\/p>\n<div class=\"source-inline-chip-container ng-star-inserted\"><b style=\"font-size: revert;\" data-path-to-node=\"11\" data-index-in-node=\"0\">Dibujos destacados:<\/b><\/div>\n<\/li>\n<\/ul>\n<ul data-path-to-node=\"12\">\n<li>\n<p data-path-to-node=\"12,0,0\">Antonella Alem\u00e1n (8 a\u00f1os)<\/p>\n<\/li>\n<li>\n<p data-path-to-node=\"12,1,0\">Samira Anah\u00ed Olmedo Rotela (8 a\u00f1os)<\/p>\n<\/li>\n<li>\n<p data-path-to-node=\"12,2,0\">Sophie Estigarribia (9 a\u00f1os)<\/p>\n<\/li>\n<li>\n<p data-path-to-node=\"12,3,0\">Giulietta Felippo (11 a\u00f1os)<\/p>\n<\/li>\n<li>\n<p data-path-to-node=\"12,4,0\">Mariela Rodr\u00edguez Gonz\u00e1lez (11 a\u00f1os)<\/p>\n<\/li>\n<li>\n<p data-path-to-node=\"12,5,0\">Iv\u00e1n Gabriel Ottero Gayoso (11 a\u00f1os)<\/p>\n<\/li>\n<\/ul>\n","protected":false},"excerpt":{"rendered":"<p>La ministra de Trabajo, M\u00f3nica Recalde De Giacomi; y la viceministra de Empleo y Seguridad Social, Ver\u00f3nica L\u00f3pez, participaron del acto de entrega de premios a los ganadores del concurso de dibujo denominado \u201cNo al trabajo infantil\u201d. El encuentro tuvo lugar en la sede de la Uni\u00f3n Industrial Paraguaya (UIP), gremio que llev\u00f3 adelante esta iniciativa y que hab\u00eda sido lanzada durante la Expo de Mariano Roque Alonso.<\/p>\n","protected":false},"author":7,"featured_media":27579,"comment_status":"open","ping_status":"open","sticky":false,"template":"","format":"standard","meta":{"_acf_changed":false,"_uag_custom_page_level_css":"","footnotes":""},"categories":[1],"tags":[],"class_list":["post-6848","post","type-post","status-publish","format-standard","has-post-thumbnail","hentry","category-sin-categoria"],"acf":[],"uagb_featured_image_src":{"full":["https:\/\/www.mtess.gov.py\/wp-content\/uploads\/2023\/08\/1_Entrega_de_premios_de_concurso_de_dibujo_en_la_UIP_23-08-23-7.jpg",1620,1080,false],"thumbnail":["https:\/\/www.mtess.gov.py\/wp-content\/uploads\/2023\/08\/1_Entrega_de_premios_de_concurso_de_dibujo_en_la_UIP_23-08-23-7-150x150.jpg",150,150,true],"medium":["https:\/\/www.mtess.gov.py\/wp-content\/uploads\/2023\/08\/1_Entrega_de_premios_de_concurso_de_dibujo_en_la_UIP_23-08-23-7-300x200.jpg",300,200,true],"medium_large":["https:\/\/www.mtess.gov.py\/wp-content\/uploads\/2023\/08\/1_Entrega_de_premios_de_concurso_de_dibujo_en_la_UIP_23-08-23-7-768x512.jpg",768,512,true],"large":["https:\/\/www.mtess.gov.py\/wp-content\/uploads\/2023\/08\/1_Entrega_de_premios_de_concurso_de_dibujo_en_la_UIP_23-08-23-7-300x200.jpg",300,200,true],"1536x1536":["https:\/\/www.mtess.gov.py\/wp-content\/uploads\/2023\/08\/1_Entrega_de_premios_de_concurso_de_dibujo_en_la_UIP_23-08-23-7-1536x1024.jpg",1536,1024,true],"2048x2048":["https:\/\/www.mtess.gov.py\/wp-content\/uploads\/2023\/08\/1_Entrega_de_premios_de_concurso_de_dibujo_en_la_UIP_23-08-23-7.jpg",1620,1080,false],"depicter-thumbnail":["https:\/\/www.mtess.gov.py\/wp-content\/uploads\/2023\/08\/1_Entrega_de_premios_de_concurso_de_dibujo_en_la_UIP_23-08-23-7.jpg",200,133,false]},"uagb_author_info":{"display_name":"Lucas Santacruz","author_link":"https:\/\/www.mtess.gov.py\/?author=7"},"uagb_comment_info":0,"uagb_excerpt":"La ministra de Trabajo, M\u00f3nica Recalde De Giacomi; y la viceministra de Empleo y Seguridad Social, Ver\u00f3nica L\u00f3pez, participaron del acto de entrega de premios a los ganadores del concurso de dibujo denominado \u201cNo al trabajo infantil\u201d. El encuentro tuvo lugar en la sede de la Uni\u00f3n Industrial Paraguaya (UIP), gremio que llev\u00f3 adelante esta&hellip;","_links":{"self":[{"href":"https:\/\/www.mtess.gov.py\/index.php?rest_route=\/wp\/v2\/posts\/6848","targetHints":{"allow":["GET"]}}],"collection":[{"href":"https:\/\/www.mtess.gov.py\/index.php?rest_route=\/wp\/v2\/posts"}],"about":[{"href":"https:\/\/www.mtess.gov.py\/index.php?rest_route=\/wp\/v2\/types\/post"}],"author":[{"embeddable":true,"href":"https:\/\/www.mtess.gov.py\/index.php?rest_route=\/wp\/v2\/users\/7"}],"replies":[{"embeddable":true,"href":"https:\/\/www.mtess.gov.py\/index.php?rest_route=%2Fwp%2Fv2%2Fcomments&post=6848"}],"version-history":[{"count":1,"href":"https:\/\/www.mtess.gov.py\/index.php?rest_route=\/wp\/v2\/posts\/6848\/revisions"}],"predecessor-version":[{"id":34413,"href":"https:\/\/www.mtess.gov.py\/index.php?rest_route=\/wp\/v2\/posts\/6848\/revisions\/34413"}],"wp:featuredmedia":[{"embeddable":true,"href":"https:\/\/www.mtess.gov.py\/index.php?rest_route=\/wp\/v2\/media\/27579"}],"wp:attachment":[{"href":"https:\/\/www.mtess.gov.py\/index.php?rest_route=%2Fwp%2Fv2%2Fmedia&parent=6848"}],"wp:term":[{"taxonomy":"category","embeddable":true,"href":"https:\/\/www.mtess.gov.py\/index.php?rest_route=%2Fwp%2Fv2%2Fcategories&post=6848"},{"taxonomy":"post_tag","embeddable":true,"href":"https:\/\/www.mtess.gov.py\/index.php?rest_route=%2Fwp%2Fv2%2Ftags&post=6848"}],"curies":[{"name":"wp","href":"https:\/\/api.w.org\/{rel}","templated":true}]}}