{"id":6849,"date":"2023-08-24T09:27:00","date_gmt":"2023-08-24T13:27:00","guid":{"rendered":"https:\/\/bi.mtess.gov.py\/v1\/?p=6849"},"modified":"2025-12-19T10:19:33","modified_gmt":"2025-12-19T13:19:33","slug":"mtess-apostara-al-dialogo-social-para-establecer-politicas-que-favorezcan-a-trabajadores","status":"publish","type":"post","link":"https:\/\/www.mtess.gov.py\/?p=6849","title":{"rendered":"\u200bMTESS apostar\u00e1 al di\u00e1logo social para establecer pol\u00edticas que favorezcan a trabajadores"},"content":{"rendered":"<div id=\"ccm-layout-column-1\" class=\"ccm-layout-column\">\n<div class=\"ccm-layout-column-inner\">Durante una plenaria de la Central Nacional de Trabajadores (CNT) con autoridades del Gobierno del Paraguay, la ministra de Trabajo, Empleo y Seguridad Social, M\u00f3nica Recalde De Giacomi, reiter\u00f3 que desde la cartera de Estado se apostar\u00e1 al di\u00e1logo para establecer pol\u00edticas que puedan acompa\u00f1ar al trabajador.<\/div>\n<\/div>\n<div id=\"ccm-layout-column-2\" class=\"ccm-layout-column\"><\/div>\n<p style=\"text-align: justify;\">Todos los compromisos asumidos por la nueva administraci\u00f3n del MTESS, as\u00ed como los problemas estructurales con que cuenta tambi\u00e9n ser\u00e1n analizados desde el di\u00e1logo social, seg\u00fan manifest\u00f3 la secretaria de Estado durante el encuentro.<\/p>\n<p style=\"text-align: justify;\">\u201cDamos nuestro compromiso de poder trabajar conjuntamente con ustedes (sector trabajador) porque son las que van a llevar adelante las pol\u00edticas y los compromisos que asumimos. El MTESS va a ser la casa de todos porque siempre van a tener las puertas abiertas para sentarse con nosotros para discutir, negociar y validar cada una de las acciones que queremos llevar adelante\u201d, manifest\u00f3 la ministra Recalde De Giacomi.<\/p>\n<p style=\"text-align: justify;\">La secretaria de Estado refiri\u00f3 adem\u00e1s a la necesidad de fortalecer el consejo consultivo tripartito, donde se encuentran las representaciones sindicales de las centrales. \u201cVamos a abrir las mesas sectoriales del trabajo para que cada una de las problem\u00e1ticas que ustedes presentan puedan ser analizadas y estudiadas en tiempo y forma. Porque de nada nos sirve abrir dos o tres mesas sin obtener resultados\u201d, puntualiz\u00f3.<\/p>\n<p style=\"text-align: justify;\">Por otro lado, la ministra de Trabajo tambi\u00e9n expuso la necesidad de reivindicar a las mujeres trabajadoras, en especial a las madres que dejan a sus hijos para concurrir al trabajo.<\/p>\n<p style=\"text-align: justify;\">Cabe mencionar que la Ley N\u00b0 5508 \u201cDe Promoci\u00f3n, Protecci\u00f3n de la Maternidad y Apoyo a la Lactancia Materna\u201d fue una iniciativa en la que estuvo involucrada la ministra Recalde De Giacomi \u201cEsa protecci\u00f3n a la maternidad fue una ley que yo la impuls\u00e9 y que nosotros elevamos en el 2015 para que nuestras mujeres ampl\u00eden sus licencias\u201d, concluy\u00f3.<\/p>\n","protected":false},"excerpt":{"rendered":"<p>Durante una plenaria de la Central Nacional de Trabajadores (CNT) con autoridades del Gobierno del Paraguay, la ministra de Trabajo, Empleo y Seguridad Social, M\u00f3nica Recalde De Giacomi, reiter\u00f3 que desde la cartera de Estado se apostar\u00e1 al di\u00e1logo para establecer pol\u00edticas que puedan acompa\u00f1ar al trabajador.<\/p>\n","protected":false},"author":7,"featured_media":27580,"comment_status":"open","ping_status":"open","sticky":false,"template":"","format":"standard","meta":{"_acf_changed":false,"_uag_custom_page_level_css":"","footnotes":""},"categories":[1],"tags":[],"class_list":["post-6849","post","type-post","status-publish","format-standard","has-post-thumbnail","hentry","category-sin-categoria"],"acf":[],"uagb_featured_image_src":{"full":["https:\/\/www.mtess.gov.py\/wp-content\/uploads\/2023\/08\/Ministra_en_CNT-20240926-183505.jpg",1600,1066,false],"thumbnail":["https:\/\/www.mtess.gov.py\/wp-content\/uploads\/2023\/08\/Ministra_en_CNT-20240926-183505-150x150.jpg",150,150,true],"medium":["https:\/\/www.mtess.gov.py\/wp-content\/uploads\/2023\/08\/Ministra_en_CNT-20240926-183505-300x200.jpg",300,200,true],"medium_large":["https:\/\/www.mtess.gov.py\/wp-content\/uploads\/2023\/08\/Ministra_en_CNT-20240926-183505-768x512.jpg",768,512,true],"large":["https:\/\/www.mtess.gov.py\/wp-content\/uploads\/2023\/08\/Ministra_en_CNT-20240926-183505-300x200.jpg",300,200,true],"1536x1536":["https:\/\/www.mtess.gov.py\/wp-content\/uploads\/2023\/08\/Ministra_en_CNT-20240926-183505-1536x1023.jpg",1536,1023,true],"2048x2048":["https:\/\/www.mtess.gov.py\/wp-content\/uploads\/2023\/08\/Ministra_en_CNT-20240926-183505.jpg",1600,1066,false],"depicter-thumbnail":["https:\/\/www.mtess.gov.py\/wp-content\/uploads\/2023\/08\/Ministra_en_CNT-20240926-183505.jpg",200,133,false]},"uagb_author_info":{"display_name":"Lucas Santacruz","author_link":"https:\/\/www.mtess.gov.py\/?author=7"},"uagb_comment_info":0,"uagb_excerpt":"Durante una plenaria de la Central Nacional de Trabajadores (CNT) con autoridades del Gobierno del Paraguay, la ministra de Trabajo, Empleo y Seguridad Social, M\u00f3nica Recalde De Giacomi, reiter\u00f3 que desde la cartera de Estado se apostar\u00e1 al di\u00e1logo para establecer pol\u00edticas que puedan acompa\u00f1ar al trabajador.","_links":{"self":[{"href":"https:\/\/www.mtess.gov.py\/index.php?rest_route=\/wp\/v2\/posts\/6849","targetHints":{"allow":["GET"]}}],"collection":[{"href":"https:\/\/www.mtess.gov.py\/index.php?rest_route=\/wp\/v2\/posts"}],"about":[{"href":"https:\/\/www.mtess.gov.py\/index.php?rest_route=\/wp\/v2\/types\/post"}],"author":[{"embeddable":true,"href":"https:\/\/www.mtess.gov.py\/index.php?rest_route=\/wp\/v2\/users\/7"}],"replies":[{"embeddable":true,"href":"https:\/\/www.mtess.gov.py\/index.php?rest_route=%2Fwp%2Fv2%2Fcomments&post=6849"}],"version-history":[{"count":1,"href":"https:\/\/www.mtess.gov.py\/index.php?rest_route=\/wp\/v2\/posts\/6849\/revisions"}],"predecessor-version":[{"id":34411,"href":"https:\/\/www.mtess.gov.py\/index.php?rest_route=\/wp\/v2\/posts\/6849\/revisions\/34411"}],"wp:featuredmedia":[{"embeddable":true,"href":"https:\/\/www.mtess.gov.py\/index.php?rest_route=\/wp\/v2\/media\/27580"}],"wp:attachment":[{"href":"https:\/\/www.mtess.gov.py\/index.php?rest_route=%2Fwp%2Fv2%2Fmedia&parent=6849"}],"wp:term":[{"taxonomy":"category","embeddable":true,"href":"https:\/\/www.mtess.gov.py\/index.php?rest_route=%2Fwp%2Fv2%2Fcategories&post=6849"},{"taxonomy":"post_tag","embeddable":true,"href":"https:\/\/www.mtess.gov.py\/index.php?rest_route=%2Fwp%2Fv2%2Ftags&post=6849"}],"curies":[{"name":"wp","href":"https:\/\/api.w.org\/{rel}","templated":true}]}}