{"id":6850,"date":"2023-08-23T15:43:00","date_gmt":"2023-08-23T19:43:00","guid":{"rendered":"https:\/\/bi.mtess.gov.py\/v1\/?p=6850"},"modified":"2025-12-19T10:18:19","modified_gmt":"2025-12-19T13:18:19","slug":"analizaron-proyectos-de-cooperacion-del-banco-interamericano-de-desarrollo-bid","status":"publish","type":"post","link":"https:\/\/www.mtess.gov.py\/?p=6850","title":{"rendered":"Analizaron proyectos de cooperaci\u00f3n del Banco Interamericano de Desarrollo (BID)"},"content":{"rendered":"<div id=\"ccm-layout-column-1\" class=\"ccm-layout-column\">\n<div class=\"ccm-layout-column-inner\">La viceministra de Empleo y Seguridad Social, Ver\u00f3nica L\u00f3pez, y directores de varias \u00e1reas del Ministerio de Trabajo, se reunieron mediante sistema telem\u00e1tico con el representante del Banco Interamericano de Desarrollo (BID), Manuel Urquidi. Analizaron los proyectos de cooperaci\u00f3n en ejecuci\u00f3n y otros a implementarse, conforme al plan trazado por el nuevo Gobierno para la capacitaci\u00f3n de mano de obra calificada y facilitar empleo digno a los buscadores de trabajo.<\/div>\n<\/div>\n<div id=\"ccm-layout-column-2\" class=\"ccm-layout-column\"><\/div>\n<p data-path-to-node=\"2\">El representante del BID remitir\u00e1 documentaciones de los proyectos relacionados a las tareas que se vienen realizando respecto a diversos temas, sobre todo en el \u00e1rea t\u00e9cnica. Entre ellos, destaca <span class=\"citation-81 citation-82 citation-83\">el nuevo dise\u00f1o de la <\/span><span class=\"citation-81 citation-82 citation-83\">bolsa p\u00fablica de intermediaci\u00f3n laboral<\/span><span class=\"citation-81 citation-82 citation-83 citation-end-83\">, para que los buscadores de empleo tengan f\u00e1cil acceso a las oportunidades laborales en el mercado local.<\/span><\/p>\n<p data-path-to-node=\"3\"><span class=\"citation-78 citation-79 citation-80\">Entre los temas tratados tambi\u00e9n figuran el apoyo al <\/span><span class=\"citation-78 citation-79 citation-80 citation-end-80\">Programa<\/span><span class=\"citation-78 citation-79\"> de Formaci\u00f3n Dual<\/span><span class=\"citation-78 citation-79 citation-end-79\"> en el <\/span><span class=\"citation-78\">Servicio Nacional de Promoci\u00f3n Profesional (SNPP), que es un sistema de formaci\u00f3n de j\u00f3venes con el que aprenden un determinado oficio con <\/span><span class=\"citation-78 citation-end-78\">70% de pr\u00e1ctica en las empresas<\/span> y 30% de clase te\u00f3rica en el SNPP, con dos a\u00f1os de duraci\u00f3n; as\u00ed como la cooperaci\u00f3n para estudios regionales de discriminaciones del mercado laboral.<\/p>\n<p data-path-to-node=\"4\">Finalmente, se acord\u00f3 seguir dialogando sobre los diversos temas que se pretenden implementar en este nuevo periodo de Gobierno. Urquidi se\u00f1al\u00f3 que el Banco Interamericano de Desarrollo est\u00e1 abierto a recibir los pedidos de cooperaci\u00f3n financiera y prestar la atenci\u00f3n debida para que se puedan llevar adelante nuevos proyectos.<\/p>\n","protected":false},"excerpt":{"rendered":"<p>La viceministra de Empleo y Seguridad Social, Ver\u00f3nica L\u00f3pez, y directores de varias \u00e1reas del Ministerio de Trabajo, se reunieron mediante sistema telem\u00e1tico con el representante del Banco Interamericano de Desarrollo (BID), Manuel Urquidi. Analizaron los proyectos de cooperaci\u00f3n en ejecuci\u00f3n y otros a implementarse, conforme al plan trazado por el nuevo Gobierno para la capacitaci\u00f3n de mano de obra calificada y facilitar empleo digno a los buscadores de trabajo.<\/p>\n","protected":false},"author":7,"featured_media":27581,"comment_status":"open","ping_status":"open","sticky":false,"template":"","format":"standard","meta":{"_acf_changed":false,"_uag_custom_page_level_css":"","footnotes":""},"categories":[1],"tags":[],"class_list":["post-6850","post","type-post","status-publish","format-standard","has-post-thumbnail","hentry","category-sin-categoria"],"acf":[],"uagb_featured_image_src":{"full":["https:\/\/www.mtess.gov.py\/wp-content\/uploads\/2023\/08\/Reunion_de_viceministra_de_Empleo_23-08-23-12.jpg",1255,827,false],"thumbnail":["https:\/\/www.mtess.gov.py\/wp-content\/uploads\/2023\/08\/Reunion_de_viceministra_de_Empleo_23-08-23-12-150x150.jpg",150,150,true],"medium":["https:\/\/www.mtess.gov.py\/wp-content\/uploads\/2023\/08\/Reunion_de_viceministra_de_Empleo_23-08-23-12-300x198.jpg",300,198,true],"medium_large":["https:\/\/www.mtess.gov.py\/wp-content\/uploads\/2023\/08\/Reunion_de_viceministra_de_Empleo_23-08-23-12-768x506.jpg",768,506,true],"large":["https:\/\/www.mtess.gov.py\/wp-content\/uploads\/2023\/08\/Reunion_de_viceministra_de_Empleo_23-08-23-12-300x198.jpg",300,198,true],"1536x1536":["https:\/\/www.mtess.gov.py\/wp-content\/uploads\/2023\/08\/Reunion_de_viceministra_de_Empleo_23-08-23-12.jpg",1255,827,false],"2048x2048":["https:\/\/www.mtess.gov.py\/wp-content\/uploads\/2023\/08\/Reunion_de_viceministra_de_Empleo_23-08-23-12.jpg",1255,827,false],"depicter-thumbnail":["https:\/\/www.mtess.gov.py\/wp-content\/uploads\/2023\/08\/Reunion_de_viceministra_de_Empleo_23-08-23-12.jpg",200,132,false]},"uagb_author_info":{"display_name":"Lucas Santacruz","author_link":"https:\/\/www.mtess.gov.py\/?author=7"},"uagb_comment_info":0,"uagb_excerpt":"La viceministra de Empleo y Seguridad Social, Ver\u00f3nica L\u00f3pez, y directores de varias \u00e1reas del Ministerio de Trabajo, se reunieron mediante sistema telem\u00e1tico con el representante del Banco Interamericano de Desarrollo (BID), Manuel Urquidi. Analizaron los proyectos de cooperaci\u00f3n en ejecuci\u00f3n y otros a implementarse, conforme al plan trazado por el nuevo Gobierno para la&hellip;","_links":{"self":[{"href":"https:\/\/www.mtess.gov.py\/index.php?rest_route=\/wp\/v2\/posts\/6850","targetHints":{"allow":["GET"]}}],"collection":[{"href":"https:\/\/www.mtess.gov.py\/index.php?rest_route=\/wp\/v2\/posts"}],"about":[{"href":"https:\/\/www.mtess.gov.py\/index.php?rest_route=\/wp\/v2\/types\/post"}],"author":[{"embeddable":true,"href":"https:\/\/www.mtess.gov.py\/index.php?rest_route=\/wp\/v2\/users\/7"}],"replies":[{"embeddable":true,"href":"https:\/\/www.mtess.gov.py\/index.php?rest_route=%2Fwp%2Fv2%2Fcomments&post=6850"}],"version-history":[{"count":1,"href":"https:\/\/www.mtess.gov.py\/index.php?rest_route=\/wp\/v2\/posts\/6850\/revisions"}],"predecessor-version":[{"id":34410,"href":"https:\/\/www.mtess.gov.py\/index.php?rest_route=\/wp\/v2\/posts\/6850\/revisions\/34410"}],"wp:featuredmedia":[{"embeddable":true,"href":"https:\/\/www.mtess.gov.py\/index.php?rest_route=\/wp\/v2\/media\/27581"}],"wp:attachment":[{"href":"https:\/\/www.mtess.gov.py\/index.php?rest_route=%2Fwp%2Fv2%2Fmedia&parent=6850"}],"wp:term":[{"taxonomy":"category","embeddable":true,"href":"https:\/\/www.mtess.gov.py\/index.php?rest_route=%2Fwp%2Fv2%2Fcategories&post=6850"},{"taxonomy":"post_tag","embeddable":true,"href":"https:\/\/www.mtess.gov.py\/index.php?rest_route=%2Fwp%2Fv2%2Ftags&post=6850"}],"curies":[{"name":"wp","href":"https:\/\/api.w.org\/{rel}","templated":true}]}}