{"id":6851,"date":"2023-08-22T18:48:00","date_gmt":"2023-08-22T22:48:00","guid":{"rendered":"https:\/\/bi.mtess.gov.py\/v1\/?p=6851"},"modified":"2025-12-19T10:03:27","modified_gmt":"2025-12-19T13:03:27","slug":"impulsaran-empleo-de-jovenes-y-mujeres-a-traves-de-empresas-de-maquila","status":"publish","type":"post","link":"https:\/\/www.mtess.gov.py\/?p=6851","title":{"rendered":"Impulsar\u00e1n empleo de j\u00f3venes y mujeres a trav\u00e9s de empresas de maquila"},"content":{"rendered":"<div id=\"ccm-layout-column-1\" class=\"ccm-layout-column\">\n<div class=\"ccm-layout-column-inner\">La ministra de Trabajo, M\u00f3nica Recalde De Giacomi, en la tarde de hoy se reuni\u00f3 con la presidenta de la C\u00e1mara de Empresas Maquiladoras del Paraguay, Carina Daher, quien present\u00f3 al gremio e inform\u00f3 sobre las acciones que vienen realizando en el pa\u00eds, especialmente sobre las posibilidades de empleo que tienen los j\u00f3venes y mujeres a trav\u00e9s de las empresas del rubro que est\u00e1n asentadas en diferentes zonas del pa\u00eds. Del encuentro participaron tambi\u00e9n la viceministra de Empleo y Seguridad Social, Ver\u00f3nica L\u00f3pez; y el director general de Empleo, Wilberto Otaz\u00fa.<\/div>\n<\/div>\n<div id=\"ccm-layout-column-2\" class=\"ccm-layout-column\">\n<div class=\"ccm-layout-column-inner\">\n<div id=\"owl-demo_slide\" class=\"owl-carousel Slider fade Navegacion-true owl-theme\">\n<div id=\"progressBar\"><\/div>\n<\/div>\n<\/div>\n<\/div>\n<p><span style=\"font-size: 16px;\">\u201cEsta herramienta econ\u00f3mica (maquila) ha sumado mucho al desarrollo del pa\u00eds, principalmente en la formalizaci\u00f3n de empleos, en la inclusi\u00f3n de mujeres en estado de vulnerabilidad, de los j\u00f3venes que ingresan al primer empleo por medio de la maquila de servicio, y as\u00ed un sin fin de oportunidades que ha creado y desarrollado como herramienta econ\u00f3mica para todo el pa\u00eds\u201d, manifest\u00f3 Daher tras reunirse con la ministra de Trabajo, en la sede de la cartera de Estado en Asunci\u00f3n.<br \/>\n<\/span><\/p>\n<p><span style=\"font-size: 16px;\">Daher inform\u00f3 a las autoridades de la cartera estatal sobre la \u201cExpo Maquila\u201d que se realizar\u00e1 del 4 al 6 de setiembre en Ciudad del Este, en el shopping Salemma, e invit\u00f3 a la ministra Recalde para la apertura de la s\u00e9ptima edici\u00f3n de la muestra de la fuerza de producci\u00f3n de las empresas que trabajan bajo este r\u00e9gimen. Agreg\u00f3 que, el 6 de setiembre desde las 13:00 hasta las 16:00, los buscadores de empleo podr\u00e1n postularse para los puestos laborales vacantes y que el Ministerio de Trabajo tambi\u00e9n tendr\u00e1 un stand para atenderlos.<\/span><\/p>\n<p><span style=\"font-size: 16px;\">Por su parte, la viceministra de Empleo y Seguridad Social, Ver\u00f3nica L\u00f3pez, se\u00f1al\u00f3 que durante la reuni\u00f3n con los due\u00f1os de las empresas maquiladoras se habl\u00f3 de la necesidad de la formaci\u00f3n del capital humano calificado y que el Ministerio Trabajo, a trav\u00e9s del Servicio Nacional de Promoci\u00f3n Profesional (SNPP), formar\u00e1 la mano de obra calificada que precisan. <\/span><\/p>\n<p><span style=\"font-size: 16px;\">\u201cNos contaron de empresas nuevas que se van a instalar en el pa\u00eds y que van a ir generando empleos este a\u00f1o y en los siguientes, vamos ir trabajando para la capacitaci\u00f3n de esas personas, de tal manera que se puedan insertar al mercado laboral formal, con IPS, con salario fijo, con acceso a todos los derechos laborales\u201d, subray\u00f3.<\/span><\/p>\n","protected":false},"excerpt":{"rendered":"<p>La ministra de Trabajo, M\u00f3nica Recalde De Giacomi, en la tarde de hoy se reuni\u00f3 con la presidenta de la C\u00e1mara de Empresas Maquiladoras del Paraguay, Carina Daher, quien present\u00f3 al gremio e inform\u00f3 sobre las acciones que vienen realizando en el pa\u00eds, especialmente sobre las posibilidades de empleo que tienen los j\u00f3venes y mujeres a trav\u00e9s de las empresas del rubro que est\u00e1n asentadas en diferentes zonas del pa\u00eds. Del encuentro participaron tambi\u00e9n la viceministra de Empleo y Seguridad Social, Ver\u00f3nica L\u00f3pez; y el director general de Empleo, Wilberto Otaz\u00fa.<\/p>\n","protected":false},"author":7,"featured_media":27582,"comment_status":"open","ping_status":"open","sticky":false,"template":"","format":"standard","meta":{"_acf_changed":false,"_uag_custom_page_level_css":"","footnotes":""},"categories":[1],"tags":[],"class_list":["post-6851","post","type-post","status-publish","format-standard","has-post-thumbnail","hentry","category-sin-categoria"],"acf":[],"uagb_featured_image_src":{"full":["https:\/\/www.mtess.gov.py\/wp-content\/uploads\/2023\/08\/WhatsApp_Image_2023-08-22_at_12.51.17-7.jpeg",1600,1067,false],"thumbnail":["https:\/\/www.mtess.gov.py\/wp-content\/uploads\/2023\/08\/WhatsApp_Image_2023-08-22_at_12.51.17-7-150x150.jpeg",150,150,true],"medium":["https:\/\/www.mtess.gov.py\/wp-content\/uploads\/2023\/08\/WhatsApp_Image_2023-08-22_at_12.51.17-7-300x200.jpeg",300,200,true],"medium_large":["https:\/\/www.mtess.gov.py\/wp-content\/uploads\/2023\/08\/WhatsApp_Image_2023-08-22_at_12.51.17-7-768x512.jpeg",768,512,true],"large":["https:\/\/www.mtess.gov.py\/wp-content\/uploads\/2023\/08\/WhatsApp_Image_2023-08-22_at_12.51.17-7-300x200.jpeg",300,200,true],"1536x1536":["https:\/\/www.mtess.gov.py\/wp-content\/uploads\/2023\/08\/WhatsApp_Image_2023-08-22_at_12.51.17-7-1536x1024.jpeg",1536,1024,true],"2048x2048":["https:\/\/www.mtess.gov.py\/wp-content\/uploads\/2023\/08\/WhatsApp_Image_2023-08-22_at_12.51.17-7.jpeg",1600,1067,false],"depicter-thumbnail":["https:\/\/www.mtess.gov.py\/wp-content\/uploads\/2023\/08\/WhatsApp_Image_2023-08-22_at_12.51.17-7.jpeg",200,133,false]},"uagb_author_info":{"display_name":"Lucas Santacruz","author_link":"https:\/\/www.mtess.gov.py\/?author=7"},"uagb_comment_info":0,"uagb_excerpt":"La ministra de Trabajo, M\u00f3nica Recalde De Giacomi, en la tarde de hoy se reuni\u00f3 con la presidenta de la C\u00e1mara de Empresas Maquiladoras del Paraguay, Carina Daher, quien present\u00f3 al gremio e inform\u00f3 sobre las acciones que vienen realizando en el pa\u00eds, especialmente sobre las posibilidades de empleo que tienen los j\u00f3venes y mujeres&hellip;","_links":{"self":[{"href":"https:\/\/www.mtess.gov.py\/index.php?rest_route=\/wp\/v2\/posts\/6851","targetHints":{"allow":["GET"]}}],"collection":[{"href":"https:\/\/www.mtess.gov.py\/index.php?rest_route=\/wp\/v2\/posts"}],"about":[{"href":"https:\/\/www.mtess.gov.py\/index.php?rest_route=\/wp\/v2\/types\/post"}],"author":[{"embeddable":true,"href":"https:\/\/www.mtess.gov.py\/index.php?rest_route=\/wp\/v2\/users\/7"}],"replies":[{"embeddable":true,"href":"https:\/\/www.mtess.gov.py\/index.php?rest_route=%2Fwp%2Fv2%2Fcomments&post=6851"}],"version-history":[{"count":1,"href":"https:\/\/www.mtess.gov.py\/index.php?rest_route=\/wp\/v2\/posts\/6851\/revisions"}],"predecessor-version":[{"id":34408,"href":"https:\/\/www.mtess.gov.py\/index.php?rest_route=\/wp\/v2\/posts\/6851\/revisions\/34408"}],"wp:featuredmedia":[{"embeddable":true,"href":"https:\/\/www.mtess.gov.py\/index.php?rest_route=\/wp\/v2\/media\/27582"}],"wp:attachment":[{"href":"https:\/\/www.mtess.gov.py\/index.php?rest_route=%2Fwp%2Fv2%2Fmedia&parent=6851"}],"wp:term":[{"taxonomy":"category","embeddable":true,"href":"https:\/\/www.mtess.gov.py\/index.php?rest_route=%2Fwp%2Fv2%2Fcategories&post=6851"},{"taxonomy":"post_tag","embeddable":true,"href":"https:\/\/www.mtess.gov.py\/index.php?rest_route=%2Fwp%2Fv2%2Ftags&post=6851"}],"curies":[{"name":"wp","href":"https:\/\/api.w.org\/{rel}","templated":true}]}}