{"id":6852,"date":"2023-08-22T14:49:00","date_gmt":"2023-08-22T18:49:00","guid":{"rendered":"https:\/\/bi.mtess.gov.py\/v1\/?p=6852"},"modified":"2025-12-19T09:53:48","modified_gmt":"2025-12-19T12:53:48","slug":"nueva-administracion-del-mtess-atacara-la-desocupacion-la-subocupacion-y-el-empleo-informal","status":"publish","type":"post","link":"https:\/\/www.mtess.gov.py\/?p=6852","title":{"rendered":"Nueva administraci\u00f3n del MTESS atacar\u00e1 la desocupaci\u00f3n, la subocupaci\u00f3n y el empleo informal"},"content":{"rendered":"<div id=\"ccm-layout-column-1\" class=\"ccm-layout-column\">\n<div class=\"ccm-layout-column-inner\">La administraci\u00f3n de la ministra M\u00f3nica Recalde De Giacomi estableci\u00f3 los ejes principales para su gesti\u00f3n durante los pr\u00f3ximos cinco a\u00f1os. Entre las prioridades se encuentran el fortalecimiento de las pol\u00edticas p\u00fablicas de lucha contra el trabajo infantil y trabajo forzoso, la reactivaci\u00f3n del an\u00e1lisis de la pol\u00edtica salarial, la modernizaci\u00f3n de la mediaci\u00f3n de conflictos laborales, discusiones sobre las nuevas formas de empleo, reglamentar la Ley de Salud y Seguridad Ocupacional, entre otros.<\/div>\n<\/div>\n<div id=\"ccm-layout-column-2\" class=\"ccm-layout-column\"><\/div>\n<p><span style=\"font-size: 16px;\">Tambi\u00e9n forman parte de los ejes establecidos el fortalecimiento del trabajo decente, el mejoramiento de los niveles de formalizaci\u00f3n del empleo, el apoyo a las unidades productivas para mejorar su expansi\u00f3n a trav\u00e9s de un capital humano capacitado y el fortalecimiento de los mecanismos de di\u00e1logo que facilite la comunicaci\u00f3n entre los sectores laborales del tripartismo.<\/span><\/p>\n<p><span style=\"font-size: 16px;\"> \u00abNo podemos desconocer que en este ecosistema productivo persisten problemas estructurales que requieren de un abordaje de pol\u00edticas p\u00fablicas integrales y por sobre todo coordinadas. La desocupaci\u00f3n, la subocupaci\u00f3n y el empleo informal deben ser atacados de manera frontal\u201d, expres\u00f3 la ministra M\u00f3nica Recalde De Giacomi. <\/span><\/p>\n<p><span style=\"font-size: 16px;\">La nueva administraci\u00f3n de la cartera de Estado impulsar\u00e1 adem\u00e1s acciones para que cada paraguayo que busca un empleo encuentre dentro de la instituci\u00f3n servicios de intermediaci\u00f3n oportunos, que reciba una oferta formativa adecuada a sus necesidades de capacitaci\u00f3n y que se provea de una atenci\u00f3n \u00f3ptima para dar una respuesta de necesidad de inserci\u00f3n al mercado de trabajo.<\/span><\/p>\n","protected":false},"excerpt":{"rendered":"<p>La administraci\u00f3n de la ministra M\u00f3nica Recalde De Giacomi estableci\u00f3 los ejes principales para su gesti\u00f3n durante los pr\u00f3ximos cinco a\u00f1os. Entre las prioridades se encuentran el fortalecimiento de las pol\u00edticas p\u00fablicas de lucha contra el trabajo infantil y trabajo forzoso, la reactivaci\u00f3n del an\u00e1lisis de la pol\u00edtica salarial, la modernizaci\u00f3n de la mediaci\u00f3n de conflictos laborales, discusiones sobre las nuevas formas de empleo, reglamentar la Ley de Salud y Seguridad Ocupacional, entre otros.<\/p>\n","protected":false},"author":7,"featured_media":27583,"comment_status":"open","ping_status":"open","sticky":false,"template":"","format":"standard","meta":{"_acf_changed":false,"_uag_custom_page_level_css":"","footnotes":""},"categories":[1],"tags":[],"class_list":["post-6852","post","type-post","status-publish","format-standard","has-post-thumbnail","hentry","category-sin-categoria"],"acf":[],"uagb_featured_image_src":{"full":["https:\/\/www.mtess.gov.py\/wp-content\/uploads\/2023\/08\/WhatsApp_Image_2023-08-21_at_15.58.05_4-20240926-183507.jpeg",1280,853,false],"thumbnail":["https:\/\/www.mtess.gov.py\/wp-content\/uploads\/2023\/08\/WhatsApp_Image_2023-08-21_at_15.58.05_4-20240926-183507-150x150.jpeg",150,150,true],"medium":["https:\/\/www.mtess.gov.py\/wp-content\/uploads\/2023\/08\/WhatsApp_Image_2023-08-21_at_15.58.05_4-20240926-183507-300x200.jpeg",300,200,true],"medium_large":["https:\/\/www.mtess.gov.py\/wp-content\/uploads\/2023\/08\/WhatsApp_Image_2023-08-21_at_15.58.05_4-20240926-183507-768x512.jpeg",768,512,true],"large":["https:\/\/www.mtess.gov.py\/wp-content\/uploads\/2023\/08\/WhatsApp_Image_2023-08-21_at_15.58.05_4-20240926-183507-300x200.jpeg",300,200,true],"1536x1536":["https:\/\/www.mtess.gov.py\/wp-content\/uploads\/2023\/08\/WhatsApp_Image_2023-08-21_at_15.58.05_4-20240926-183507.jpeg",1280,853,false],"2048x2048":["https:\/\/www.mtess.gov.py\/wp-content\/uploads\/2023\/08\/WhatsApp_Image_2023-08-21_at_15.58.05_4-20240926-183507.jpeg",1280,853,false],"depicter-thumbnail":["https:\/\/www.mtess.gov.py\/wp-content\/uploads\/2023\/08\/WhatsApp_Image_2023-08-21_at_15.58.05_4-20240926-183507.jpeg",200,133,false]},"uagb_author_info":{"display_name":"Lucas Santacruz","author_link":"https:\/\/www.mtess.gov.py\/?author=7"},"uagb_comment_info":0,"uagb_excerpt":"La administraci\u00f3n de la ministra M\u00f3nica Recalde De Giacomi estableci\u00f3 los ejes principales para su gesti\u00f3n durante los pr\u00f3ximos cinco a\u00f1os. Entre las prioridades se encuentran el fortalecimiento de las pol\u00edticas p\u00fablicas de lucha contra el trabajo infantil y trabajo forzoso, la reactivaci\u00f3n del an\u00e1lisis de la pol\u00edtica salarial, la modernizaci\u00f3n de la mediaci\u00f3n de&hellip;","_links":{"self":[{"href":"https:\/\/www.mtess.gov.py\/index.php?rest_route=\/wp\/v2\/posts\/6852","targetHints":{"allow":["GET"]}}],"collection":[{"href":"https:\/\/www.mtess.gov.py\/index.php?rest_route=\/wp\/v2\/posts"}],"about":[{"href":"https:\/\/www.mtess.gov.py\/index.php?rest_route=\/wp\/v2\/types\/post"}],"author":[{"embeddable":true,"href":"https:\/\/www.mtess.gov.py\/index.php?rest_route=\/wp\/v2\/users\/7"}],"replies":[{"embeddable":true,"href":"https:\/\/www.mtess.gov.py\/index.php?rest_route=%2Fwp%2Fv2%2Fcomments&post=6852"}],"version-history":[{"count":1,"href":"https:\/\/www.mtess.gov.py\/index.php?rest_route=\/wp\/v2\/posts\/6852\/revisions"}],"predecessor-version":[{"id":34407,"href":"https:\/\/www.mtess.gov.py\/index.php?rest_route=\/wp\/v2\/posts\/6852\/revisions\/34407"}],"wp:featuredmedia":[{"embeddable":true,"href":"https:\/\/www.mtess.gov.py\/index.php?rest_route=\/wp\/v2\/media\/27583"}],"wp:attachment":[{"href":"https:\/\/www.mtess.gov.py\/index.php?rest_route=%2Fwp%2Fv2%2Fmedia&parent=6852"}],"wp:term":[{"taxonomy":"category","embeddable":true,"href":"https:\/\/www.mtess.gov.py\/index.php?rest_route=%2Fwp%2Fv2%2Fcategories&post=6852"},{"taxonomy":"post_tag","embeddable":true,"href":"https:\/\/www.mtess.gov.py\/index.php?rest_route=%2Fwp%2Fv2%2Ftags&post=6852"}],"curies":[{"name":"wp","href":"https:\/\/api.w.org\/{rel}","templated":true}]}}