{"id":6853,"date":"2023-08-21T19:00:00","date_gmt":"2023-08-21T23:00:00","guid":{"rendered":"https:\/\/bi.mtess.gov.py\/v1\/?p=6853"},"modified":"2025-12-19T09:52:52","modified_gmt":"2025-12-19T12:52:52","slug":"monica-recalde-de-giacomi-asumio-funciones-como-ministra-de-trabajo-empleo-y-seguridad-social","status":"publish","type":"post","link":"https:\/\/www.mtess.gov.py\/?p=6853","title":{"rendered":"M\u00f3nica Recalde De Giacomi asumi\u00f3 funciones como ministra de Trabajo, Empleo y Seguridad Social"},"content":{"rendered":"<div id=\"ccm-layout-column-1\" class=\"ccm-layout-column\">\n<div class=\"ccm-layout-column-inner\">M\u00f3nica Recalde De Giacomi asumi\u00f3 hoy sus funciones como ministra de Trabajo, Empleo y Seguridad Social, durante el acto protocolar de toma de mando realizado en el Edificio del Viceministerio de Empleo y Seguridad Social. De la ceremonia oficial participaron los viceministros C\u00e9sar Segovia y Ver\u00f3nica L\u00f3pez, de Trabajo y de Empleo y Seguridad Social, respectivamente. La titular del Ministerio de Trabajo, Empleo y Seguridad Social (MTESS), estuvo acompa\u00f1ada tambi\u00e9n por el presidente del Congreso Nacional, senador Silvio Ovelar; el director general del Servicio Nacional de Promoci\u00f3n Profesional (SNPP), Jos\u00e9 Cogliolo; y el secretario t\u00e9cnico del Sistema Nacional de Formaci\u00f3n y Capacitaci\u00f3n Laboral (Sinafocal), Alfredo Mongel\u00f3s. Adem\u00e1s, participaron otros legisladores, ex autoridades, directivos de gremios empresariales y centrales sindicales, representantes de la Organizaci\u00f3n Internacional del Trabajo (OIT) y funcionarios de la cartera, entre otros.<\/div>\n<\/div>\n<div id=\"ccm-layout-column-2\" class=\"ccm-layout-column\">\n<div class=\"ccm-layout-column-inner\">\n<div id=\"owl-demo_slide\" class=\"owl-carousel Slider fade Navegacion-true owl-theme\">\n<div id=\"progressBar\"><\/div>\n<\/div>\n<\/div>\n<\/div>\n<p><span style=\"font-size: 16px;\">En su discurso de toma de mando, la ministra Recalde De Giacomi manifest\u00f3 en primer lugar su agradecimiento al presidente Santiago Pe\u00f1a por la designaci\u00f3n y asegur\u00f3 que liderar\u00e1 el MTESS con compromiso, orgullo, profesionalismo, honestidad e integridad.<\/span><\/p>\n<p><span style=\"font-size: 16px;\">\u201cRedoblo la apuesta para comenzar mi labor en pos de mejores pol\u00edticas p\u00fablicas que est\u00e9n enfocadas principalmente a fortalecer el trabajo decente, a mejorar los niveles de formalizaci\u00f3n del empleo, a apoyar a las unidades productivas para mejorar su expansi\u00f3n y crecimiento a trav\u00e9s de un capital humano capacitado, y a fortalecer por sobre todo los mecanismos de relacionamiento entre todas las partes a trav\u00e9s de un di\u00e1logo abierto que re\u00fana las voces de todos los sectores a trav\u00e9s del tripartismo\u201d, expres\u00f3.<\/span><\/p>\n<p><span style=\"font-size: 16px;\">Reconoci\u00f3 que los desaf\u00edos son muchos, pero que la gente ya no puede esperar. En ese sentido, enfatiz\u00f3 en que el MTESS tendr\u00e1 un protagonismo activo en el compromiso de generar 500.000 puestos de trabajo en los pr\u00f3ximos 5 a\u00f1os, como proyect\u00f3 el presidente Santiago Pe\u00f1a.<\/span><\/p>\n<p><span style=\"font-size: 16px;\">Adem\u00e1s, hizo especial menci\u00f3n a las micro, peque\u00f1as y medianas empresas (mipymes). Recalc\u00f3 que la cartera insistir\u00e1 en generar mecanismos m\u00e1s \u00e1giles y tr\u00e1mites m\u00e1s sencillos para su registro, simplificando los procesos y reduciendo los costes no laborales que en muchas ocasiones desincentivan la formalizaci\u00f3n<\/span>.<\/p>\n","protected":false},"excerpt":{"rendered":"<p>M\u00f3nica Recalde De Giacomi asumi\u00f3 hoy sus funciones como ministra de Trabajo, Empleo y Seguridad Social, durante el acto protocolar de toma de mando realizado en el Edificio del Viceministerio de Empleo y Seguridad Social. De la ceremonia oficial participaron los viceministros C\u00e9sar Segovia y Ver\u00f3nica L\u00f3pez, de Trabajo y de Empleo y Seguridad Social, respectivamente. La titular del Ministerio de Trabajo, Empleo y Seguridad Social (MTESS), estuvo acompa\u00f1ada tambi\u00e9n por el presidente del Congreso Nacional, senador Silvio Ovelar; el director general del Servicio Nacional de Promoci\u00f3n Profesional (SNPP), Jos\u00e9 Cogliolo; y el secretario t\u00e9cnico del Sistema Nacional de Formaci\u00f3n y Capacitaci\u00f3n Laboral (Sinafocal), Alfredo Mongel\u00f3s. Adem\u00e1s, participaron otros legisladores, ex autoridades, directivos de gremios empresariales y centrales sindicales, representantes de la Organizaci\u00f3n Internacional del Trabajo (OIT) y funcionarios de la cartera, entre otros.<\/p>\n","protected":false},"author":7,"featured_media":27584,"comment_status":"open","ping_status":"open","sticky":false,"template":"","format":"standard","meta":{"_acf_changed":false,"_uag_custom_page_level_css":"","footnotes":""},"categories":[1],"tags":[],"class_list":["post-6853","post","type-post","status-publish","format-standard","has-post-thumbnail","hentry","category-sin-categoria"],"acf":[],"uagb_featured_image_src":{"full":["https:\/\/www.mtess.gov.py\/wp-content\/uploads\/2023\/08\/WhatsApp_Image_2023-08-21_at_15.58.05-7.jpeg",1280,853,false],"thumbnail":["https:\/\/www.mtess.gov.py\/wp-content\/uploads\/2023\/08\/WhatsApp_Image_2023-08-21_at_15.58.05-7-150x150.jpeg",150,150,true],"medium":["https:\/\/www.mtess.gov.py\/wp-content\/uploads\/2023\/08\/WhatsApp_Image_2023-08-21_at_15.58.05-7-300x200.jpeg",300,200,true],"medium_large":["https:\/\/www.mtess.gov.py\/wp-content\/uploads\/2023\/08\/WhatsApp_Image_2023-08-21_at_15.58.05-7-768x512.jpeg",768,512,true],"large":["https:\/\/www.mtess.gov.py\/wp-content\/uploads\/2023\/08\/WhatsApp_Image_2023-08-21_at_15.58.05-7-300x200.jpeg",300,200,true],"1536x1536":["https:\/\/www.mtess.gov.py\/wp-content\/uploads\/2023\/08\/WhatsApp_Image_2023-08-21_at_15.58.05-7.jpeg",1280,853,false],"2048x2048":["https:\/\/www.mtess.gov.py\/wp-content\/uploads\/2023\/08\/WhatsApp_Image_2023-08-21_at_15.58.05-7.jpeg",1280,853,false],"depicter-thumbnail":["https:\/\/www.mtess.gov.py\/wp-content\/uploads\/2023\/08\/WhatsApp_Image_2023-08-21_at_15.58.05-7.jpeg",200,133,false]},"uagb_author_info":{"display_name":"Lucas Santacruz","author_link":"https:\/\/www.mtess.gov.py\/?author=7"},"uagb_comment_info":0,"uagb_excerpt":"M\u00f3nica Recalde De Giacomi asumi\u00f3 hoy sus funciones como ministra de Trabajo, Empleo y Seguridad Social, durante el acto protocolar de toma de mando realizado en el Edificio del Viceministerio de Empleo y Seguridad Social. De la ceremonia oficial participaron los viceministros C\u00e9sar Segovia y Ver\u00f3nica L\u00f3pez, de Trabajo y de Empleo y Seguridad Social,&hellip;","_links":{"self":[{"href":"https:\/\/www.mtess.gov.py\/index.php?rest_route=\/wp\/v2\/posts\/6853","targetHints":{"allow":["GET"]}}],"collection":[{"href":"https:\/\/www.mtess.gov.py\/index.php?rest_route=\/wp\/v2\/posts"}],"about":[{"href":"https:\/\/www.mtess.gov.py\/index.php?rest_route=\/wp\/v2\/types\/post"}],"author":[{"embeddable":true,"href":"https:\/\/www.mtess.gov.py\/index.php?rest_route=\/wp\/v2\/users\/7"}],"replies":[{"embeddable":true,"href":"https:\/\/www.mtess.gov.py\/index.php?rest_route=%2Fwp%2Fv2%2Fcomments&post=6853"}],"version-history":[{"count":1,"href":"https:\/\/www.mtess.gov.py\/index.php?rest_route=\/wp\/v2\/posts\/6853\/revisions"}],"predecessor-version":[{"id":34406,"href":"https:\/\/www.mtess.gov.py\/index.php?rest_route=\/wp\/v2\/posts\/6853\/revisions\/34406"}],"wp:featuredmedia":[{"embeddable":true,"href":"https:\/\/www.mtess.gov.py\/index.php?rest_route=\/wp\/v2\/media\/27584"}],"wp:attachment":[{"href":"https:\/\/www.mtess.gov.py\/index.php?rest_route=%2Fwp%2Fv2%2Fmedia&parent=6853"}],"wp:term":[{"taxonomy":"category","embeddable":true,"href":"https:\/\/www.mtess.gov.py\/index.php?rest_route=%2Fwp%2Fv2%2Fcategories&post=6853"},{"taxonomy":"post_tag","embeddable":true,"href":"https:\/\/www.mtess.gov.py\/index.php?rest_route=%2Fwp%2Fv2%2Ftags&post=6853"}],"curies":[{"name":"wp","href":"https:\/\/api.w.org\/{rel}","templated":true}]}}