{"id":6854,"date":"2023-08-21T12:38:00","date_gmt":"2023-08-21T16:38:00","guid":{"rendered":"https:\/\/bi.mtess.gov.py\/v1\/?p=6854"},"modified":"2025-12-19T09:41:42","modified_gmt":"2025-12-19T12:41:42","slug":"el-gobierno-simplificara-el-proceso-de-formalizacion-de-mipymes-y-del-empleo","status":"publish","type":"post","link":"https:\/\/www.mtess.gov.py\/?p=6854","title":{"rendered":"El Gobierno simplificar\u00e1 el proceso de formalizaci\u00f3n de mipymes y del empleo"},"content":{"rendered":"<div id=\"ccm-layout-column-1\" class=\"ccm-layout-column\">\n<div class=\"ccm-layout-column-inner\">La ministra de Trabajo, M\u00f3nica Recalde De Giacomi, manifest\u00f3 que una de las prioridades del Gobierno es la simplificaci\u00f3n de procesos para la formalizaci\u00f3n de las micro, peque\u00f1as y medianas empresas (mipymes) y el empleo en los diversos sectores de la econom\u00eda nacional.<\/div>\n<\/div>\n<div id=\"ccm-layout-column-2\" class=\"ccm-layout-column\"><\/div>\n<p style=\"text-align: left;\"><span style=\"font-size: 16px;\">Dijo que en la actualidad los procesos son largos y costosos para la formalizaci\u00f3n de las mipymes.<br \/>\nMencion\u00f3 el Registro de Tributaci\u00f3n, Registro en IPS y Registro Patronal en el MTESS con varios documentos duplicados que generan un costo importante a este sector de la producci\u00f3n econ\u00f3mica. <\/span><span style=\"font-size: 16px;\">\u201cLo que queremos es analizar jur\u00eddicamente cu\u00e1les son las documentaciones que se requieren y poder evaluar algunos mecanismos para simplificar esto, para ver si podemos utilizar el mismo sistema de IPS para que las empresas ahorren esos costos tanto en tiempo como en generaci\u00f3n de documentaci\u00f3n con los contadores, con sus propios recursos humanos, porque muchas empresas no tienen directamente dentro de sus comercios y eso genera un costo muy alto\u201d, dijo durante el programa Cara o Cruz, emitido por Unicanal.<\/span><span style=\"font-size: 16px;\">Asimismo habl\u00f3 sobre la implementaci\u00f3n de pol\u00edticas p\u00fablicas para aumentar la formalizaci\u00f3n del empleo en general en el pa\u00eds. Indic\u00f3 que es un c\u00famulo de pol\u00edticas p\u00fablicas que se tienen que desarrollar<br \/>\nenfocadas tanto al sector industrial, como en el sector de las<br \/>\ngrandes empresas que tiene alrededor de 88% de su mano de obra<br \/>\nformalizada. <\/span><span style=\"font-size: 16px;\">\u201cTambi\u00e9n tenemos un problema que es el trabajo asalariado encubierto, trabajadores que est\u00e1n en relaci\u00f3n de dependencia pero est\u00e1n facturando, ese es un mecanismo que hoy tenemos una laguna jur\u00eddica y que tenemos que resolver para que estos trabajadores sean efectivamente incorporados de manera formal por su puesto a trav\u00e9s de un sistema de control, no directamente con multa, con sanciones, sino con el acompa\u00f1amiento en una primera fase\u201d, expres\u00f3.<\/span><\/p>\n","protected":false},"excerpt":{"rendered":"<p>La ministra de Trabajo, M\u00f3nica Recalde De Giacomi, manifest\u00f3 que una de las prioridades del Gobierno es la simplificaci\u00f3n de procesos para la formalizaci\u00f3n de las micro, peque\u00f1as y medianas empresas (mipymes) y el empleo en los diversos sectores de la econom\u00eda nacional.<\/p>\n","protected":false},"author":7,"featured_media":27585,"comment_status":"open","ping_status":"open","sticky":false,"template":"","format":"standard","meta":{"_acf_changed":false,"_uag_custom_page_level_css":"","footnotes":""},"categories":[1],"tags":[],"class_list":["post-6854","post","type-post","status-publish","format-standard","has-post-thumbnail","hentry","category-sin-categoria"],"acf":[],"uagb_featured_image_src":{"full":["https:\/\/www.mtess.gov.py\/wp-content\/uploads\/2023\/08\/Ministra_en_Cara_o_Cruz-20240926-183508.jpg",1600,900,false],"thumbnail":["https:\/\/www.mtess.gov.py\/wp-content\/uploads\/2023\/08\/Ministra_en_Cara_o_Cruz-20240926-183508-150x150.jpg",150,150,true],"medium":["https:\/\/www.mtess.gov.py\/wp-content\/uploads\/2023\/08\/Ministra_en_Cara_o_Cruz-20240926-183508-300x169.jpg",300,169,true],"medium_large":["https:\/\/www.mtess.gov.py\/wp-content\/uploads\/2023\/08\/Ministra_en_Cara_o_Cruz-20240926-183508-768x432.jpg",768,432,true],"large":["https:\/\/www.mtess.gov.py\/wp-content\/uploads\/2023\/08\/Ministra_en_Cara_o_Cruz-20240926-183508-300x169.jpg",300,169,true],"1536x1536":["https:\/\/www.mtess.gov.py\/wp-content\/uploads\/2023\/08\/Ministra_en_Cara_o_Cruz-20240926-183508-1536x864.jpg",1536,864,true],"2048x2048":["https:\/\/www.mtess.gov.py\/wp-content\/uploads\/2023\/08\/Ministra_en_Cara_o_Cruz-20240926-183508.jpg",1600,900,false],"depicter-thumbnail":["https:\/\/www.mtess.gov.py\/wp-content\/uploads\/2023\/08\/Ministra_en_Cara_o_Cruz-20240926-183508.jpg",200,113,false]},"uagb_author_info":{"display_name":"Lucas Santacruz","author_link":"https:\/\/www.mtess.gov.py\/?author=7"},"uagb_comment_info":0,"uagb_excerpt":"La ministra de Trabajo, M\u00f3nica Recalde De Giacomi, manifest\u00f3 que una de las prioridades del Gobierno es la simplificaci\u00f3n de procesos para la formalizaci\u00f3n de las micro, peque\u00f1as y medianas empresas (mipymes) y el empleo en los diversos sectores de la econom\u00eda nacional.","_links":{"self":[{"href":"https:\/\/www.mtess.gov.py\/index.php?rest_route=\/wp\/v2\/posts\/6854","targetHints":{"allow":["GET"]}}],"collection":[{"href":"https:\/\/www.mtess.gov.py\/index.php?rest_route=\/wp\/v2\/posts"}],"about":[{"href":"https:\/\/www.mtess.gov.py\/index.php?rest_route=\/wp\/v2\/types\/post"}],"author":[{"embeddable":true,"href":"https:\/\/www.mtess.gov.py\/index.php?rest_route=\/wp\/v2\/users\/7"}],"replies":[{"embeddable":true,"href":"https:\/\/www.mtess.gov.py\/index.php?rest_route=%2Fwp%2Fv2%2Fcomments&post=6854"}],"version-history":[{"count":1,"href":"https:\/\/www.mtess.gov.py\/index.php?rest_route=\/wp\/v2\/posts\/6854\/revisions"}],"predecessor-version":[{"id":34404,"href":"https:\/\/www.mtess.gov.py\/index.php?rest_route=\/wp\/v2\/posts\/6854\/revisions\/34404"}],"wp:featuredmedia":[{"embeddable":true,"href":"https:\/\/www.mtess.gov.py\/index.php?rest_route=\/wp\/v2\/media\/27585"}],"wp:attachment":[{"href":"https:\/\/www.mtess.gov.py\/index.php?rest_route=%2Fwp%2Fv2%2Fmedia&parent=6854"}],"wp:term":[{"taxonomy":"category","embeddable":true,"href":"https:\/\/www.mtess.gov.py\/index.php?rest_route=%2Fwp%2Fv2%2Fcategories&post=6854"},{"taxonomy":"post_tag","embeddable":true,"href":"https:\/\/www.mtess.gov.py\/index.php?rest_route=%2Fwp%2Fv2%2Ftags&post=6854"}],"curies":[{"name":"wp","href":"https:\/\/api.w.org\/{rel}","templated":true}]}}