{"id":6856,"date":"2023-08-18T07:30:00","date_gmt":"2023-08-18T11:30:00","guid":{"rendered":"https:\/\/bi.mtess.gov.py\/v1\/?p=6856"},"modified":"2025-12-19T09:13:49","modified_gmt":"2025-12-19T12:13:49","slug":"nombran-a-viceministros-del-ministerio-de-trabajo-y-al-director-del-snpp","status":"publish","type":"post","link":"https:\/\/www.mtess.gov.py\/?p=6856","title":{"rendered":"Nombran a viceministros del Ministerio de Trabajo y al director del SNPP"},"content":{"rendered":"<p>El presidente de la Rep\u00fablica, Santiago Pe\u00f1a, nombr\u00f3 a Ver\u00f3nica L\u00f3pez como viceministra de Empleo y Seguridad Social, a C\u00e9sar Segovia como viceministro de Trabajo, y a Jos\u00e9 Cogliolo al frente de la Direcci\u00f3n General del Servicio Nacional de Promoci\u00f3n Profesional (SNPP), mediante los Decretos N\u00ba 050, 065 y 066. Los mismos tomar\u00e1n posesi\u00f3n de sus cargos pr\u00f3ximamente y acompa\u00f1ar\u00e1n a la ministra M\u00f3nica Recalde De Giacomi en su gesti\u00f3n.<\/p>\n<p style=\"text-align: justify;\"><span class=\"NormalTextRun SCXW25864396 BCX8\">La doctora en Ciencias Jur\u00eddicas, Ver\u00f3nica Diana L\u00f3pez Ben\u00edtez, ven\u00eda desempe\u00f1\u00e1ndose como directora de Normas Internacionales de la Direcci\u00f3n General de Asesor\u00eda Jur\u00eddica del Ministerio de Trabajo. La misma es magister en Ciencias Jur\u00eddicas de la Universidad de Columbia de Paraguay. Adem\u00e1s, tiene post grado en did\u00e1ctica universitaria de la Universidad Nacional de Asunci\u00f3n (UNA). Se recibi\u00f3 como abogada en el a\u00f1o 1996 en la Universidad Nacional de Asunci\u00f3n (UNA). Tambi\u00e9n es escribana desde el a\u00f1o 2000 y tiene diplomado de tesis, expedido por la universidad <\/span><span class=\"NormalTextRun SpellingErrorV2Themed SCXW25864396 BCX8\">Nihon<\/span> <span class=\"NormalTextRun SpellingErrorV2Themed SCXW25864396 BCX8\">Gakko<\/span><span class=\"NormalTextRun SCXW25864396 BCX8\">. <\/span><\/p>\n<p style=\"text-align: justify;\"><span class=\"TextRun SCXW25864396 BCX8\">Realiz\u00f3 curso de especializaci\u00f3n en Derecho del Trabajo en la universidad de Salamanca, Espa\u00f1a, en el a\u00f1o 2017. En los a\u00f1os 2000, 2004, 2007 y 2020 particip\u00f3 de varios cursos realizado por la Organizaci\u00f3n Internacional del Trabajo (OIT) sobre normas internacionales del trabajo y su aplicaci\u00f3n. L\u00f3pez Ben\u00edtez es funcionario del Ministerio de Trabajo desde 1991 y desde entonces ocup\u00f3 diversos cargos.<\/span><\/p>\n<p style=\"text-align: justify;\"><span class=\"TextRun SCXW25864396 BCX8\"><span class=\"NormalTextRun SCXW25864396 BCX8\">Como viceministro de Trabajo fue nombrado el economista y abogado C\u00e9sar Augusto Segovia <\/span><span class=\"NormalTextRun SpellingErrorV2Themed SCXW25864396 BCX8\">Villassanti<\/span><span class=\"NormalTextRun SCXW25864396 BCX8\">, egresado de la facultad de Ciencias Econ\u00f3micas y de la facultad de Derecho y Ciencias Sociales de la Universidad Nacional de Asunci\u00f3n (UNA). <\/span><span class=\"NormalTextRun SCXW25864396 BCX8\">El mismo ya ocup\u00f3 el cargo desde el mes de mayo del 2014 a agosto del 2018.<\/span><\/span><\/p>\n<p style=\"text-align: justify;\"><span class=\"TextRun SCXW25864396 BCX8\"><span class=\"NormalTextRun SCXW25864396 BCX8\">Asimismo,<\/span> se desempe\u00f1\u00f3 como asesor econ\u00f3mico y secretario general de la Gobernaci\u00f3n de Caaguaz\u00fa, director de administraci\u00f3n y finanzas de la Secretar\u00eda de Acci\u00f3n Social (SAS) de la Presidencia de la Rep\u00fablica, donde tambi\u00e9n ocup\u00f3 varios otros cargos. Fue concejal municipal desde diciembre del 2001 a agosto del 2003 en la ciudad de <\/span><span class=\"NormalTextRun ContextualSpellingAndGrammarErrorV2Themed SCXW25864396 BCX8\">Coronel<\/span> Oviedo, de donde es oriundo, y tambi\u00e9n fue diputado nacional por un corto periodo, desde noviembre del 2012 a diciembre del mismo a\u00f1o.<\/p>\n<p style=\"text-align: justify;\"><span class=\"TextRun SCXW25864396 BCX8\"><span class=\"NormalTextRun SCXW25864396 BCX8\">Frente a la direcci\u00f3n general del Servicio Nacional de Promoci\u00f3n Profesional (SNPP) estar\u00e1 el abogado Jos\u00e9 <\/span><span class=\"NormalTextRun SpellingErrorV2Themed SCXW25864396 BCX8\">Cogliolo<\/span><span class=\"NormalTextRun SCXW25864396 BCX8\">, quien es especialista en Gobernabilidad en Gerencia P\u00fablica y Gesti\u00f3n P\u00fablica, de la Universidad Columbia con Certificaci\u00f3n de la <\/span><span class=\"NormalTextRun SpellingErrorV2Themed SCXW25864396 BCX8\">University<\/span> <span class=\"NormalTextRun SpellingErrorV2Themed SCXW25864396 BCX8\">The<\/span> George Washington y Magister en Asuntos P\u00fablicos y Gobernabilidad de la Universidad Columbia del Paraguay.<\/span><\/p>\n<p style=\"text-align: justify;\"><span class=\"TextRun SCXW25864396 BCX8\">Ocupo de los cargos de Asesor del Consejo de Gobernadores y del Ministerio de Justicia. Director General del Registro Civil de las Personas. Secretario General de la Asociaci\u00f3n Nacional Republicana.<\/span><\/p>\n<p style=\"text-align: justify;\"><span class=\"TextRun SCXW25864396 BCX8\"><span class=\"NormalTextRun SCXW25864396 BCX8\">Fue electo v<\/span><span class=\"NormalTextRun SCXW25864396 BCX8\">icepresidente<\/span> del Consejo Latinoamericano y del Caribe de Registro Civil, Identidad y Estad\u00edsticas Vitales \u2013 CLARCIEV. Exposici\u00f3n sobre buenas pr\u00e1cticas y avances tecnol\u00f3gicos en el XI encuentro internacional; haciendo \u00e9nfasis en el trabajo de modernizaci\u00f3n, informatizaci\u00f3n y digitalizaci\u00f3n que se realiz\u00f3 en la instituci\u00f3n a su cargo.<\/span><\/p>\n","protected":false},"excerpt":{"rendered":"<p>El presidente de la Rep\u00fablica, Santiago Pe\u00f1a, nombr\u00f3 a Ver\u00f3nica L\u00f3pez como viceministra de Empleo y Seguridad Social, a C\u00e9sar Segovia como viceministro de Trabajo, y a Jos\u00e9 Cogliolo al frente de la Direcci\u00f3n General del Servicio Nacional de Promoci\u00f3n Profesional (SNPP), mediante los Decretos N\u00ba 050, 065 y 066. Los mismos tomar\u00e1n posesi\u00f3n de sus cargos pr\u00f3ximamente y acompa\u00f1ar\u00e1n a la ministra M\u00f3nica Recalde De Giacomi en su gesti\u00f3n.<\/p>\n","protected":false},"author":7,"featured_media":27589,"comment_status":"open","ping_status":"open","sticky":false,"template":"","format":"standard","meta":{"_acf_changed":false,"_uag_custom_page_level_css":"","footnotes":""},"categories":[1],"tags":[],"class_list":["post-6856","post","type-post","status-publish","format-standard","has-post-thumbnail","hentry","category-sin-categoria"],"acf":[],"uagb_featured_image_src":{"full":["https:\/\/www.mtess.gov.py\/wp-content\/uploads\/2023\/08\/Vicemistra_de_Empleo_y_Seguridad_Social_Veronica_Lopez-7.jpg",1478,1080,false],"thumbnail":["https:\/\/www.mtess.gov.py\/wp-content\/uploads\/2023\/08\/Vicemistra_de_Empleo_y_Seguridad_Social_Veronica_Lopez-7-150x150.jpg",150,150,true],"medium":["https:\/\/www.mtess.gov.py\/wp-content\/uploads\/2023\/08\/Vicemistra_de_Empleo_y_Seguridad_Social_Veronica_Lopez-7-300x219.jpg",300,219,true],"medium_large":["https:\/\/www.mtess.gov.py\/wp-content\/uploads\/2023\/08\/Vicemistra_de_Empleo_y_Seguridad_Social_Veronica_Lopez-7-768x561.jpg",768,561,true],"large":["https:\/\/www.mtess.gov.py\/wp-content\/uploads\/2023\/08\/Vicemistra_de_Empleo_y_Seguridad_Social_Veronica_Lopez-7-300x219.jpg",300,219,true],"1536x1536":["https:\/\/www.mtess.gov.py\/wp-content\/uploads\/2023\/08\/Vicemistra_de_Empleo_y_Seguridad_Social_Veronica_Lopez-7.jpg",1478,1080,false],"2048x2048":["https:\/\/www.mtess.gov.py\/wp-content\/uploads\/2023\/08\/Vicemistra_de_Empleo_y_Seguridad_Social_Veronica_Lopez-7.jpg",1478,1080,false],"depicter-thumbnail":["https:\/\/www.mtess.gov.py\/wp-content\/uploads\/2023\/08\/Vicemistra_de_Empleo_y_Seguridad_Social_Veronica_Lopez-7.jpg",200,146,false]},"uagb_author_info":{"display_name":"Lucas Santacruz","author_link":"https:\/\/www.mtess.gov.py\/?author=7"},"uagb_comment_info":0,"uagb_excerpt":"El presidente de la Rep\u00fablica, Santiago Pe\u00f1a, nombr\u00f3 a Ver\u00f3nica L\u00f3pez como viceministra de Empleo y Seguridad Social, a C\u00e9sar Segovia como viceministro de Trabajo, y a Jos\u00e9 Cogliolo al frente de la Direcci\u00f3n General del Servicio Nacional de Promoci\u00f3n Profesional (SNPP), mediante los Decretos N\u00ba 050, 065 y 066. Los mismos tomar\u00e1n posesi\u00f3n de&hellip;","_links":{"self":[{"href":"https:\/\/www.mtess.gov.py\/index.php?rest_route=\/wp\/v2\/posts\/6856","targetHints":{"allow":["GET"]}}],"collection":[{"href":"https:\/\/www.mtess.gov.py\/index.php?rest_route=\/wp\/v2\/posts"}],"about":[{"href":"https:\/\/www.mtess.gov.py\/index.php?rest_route=\/wp\/v2\/types\/post"}],"author":[{"embeddable":true,"href":"https:\/\/www.mtess.gov.py\/index.php?rest_route=\/wp\/v2\/users\/7"}],"replies":[{"embeddable":true,"href":"https:\/\/www.mtess.gov.py\/index.php?rest_route=%2Fwp%2Fv2%2Fcomments&post=6856"}],"version-history":[{"count":1,"href":"https:\/\/www.mtess.gov.py\/index.php?rest_route=\/wp\/v2\/posts\/6856\/revisions"}],"predecessor-version":[{"id":34401,"href":"https:\/\/www.mtess.gov.py\/index.php?rest_route=\/wp\/v2\/posts\/6856\/revisions\/34401"}],"wp:featuredmedia":[{"embeddable":true,"href":"https:\/\/www.mtess.gov.py\/index.php?rest_route=\/wp\/v2\/media\/27589"}],"wp:attachment":[{"href":"https:\/\/www.mtess.gov.py\/index.php?rest_route=%2Fwp%2Fv2%2Fmedia&parent=6856"}],"wp:term":[{"taxonomy":"category","embeddable":true,"href":"https:\/\/www.mtess.gov.py\/index.php?rest_route=%2Fwp%2Fv2%2Fcategories&post=6856"},{"taxonomy":"post_tag","embeddable":true,"href":"https:\/\/www.mtess.gov.py\/index.php?rest_route=%2Fwp%2Fv2%2Ftags&post=6856"}],"curies":[{"name":"wp","href":"https:\/\/api.w.org\/{rel}","templated":true}]}}