{"id":6857,"date":"2023-08-17T08:51:00","date_gmt":"2023-08-17T12:51:00","guid":{"rendered":"https:\/\/bi.mtess.gov.py\/v1\/?p=6857"},"modified":"2025-12-19T09:12:33","modified_gmt":"2025-12-19T12:12:33","slug":"ministra-dialogo-con-la-oit-sobre-proyecto-pais","status":"publish","type":"post","link":"https:\/\/www.mtess.gov.py\/?p=6857","title":{"rendered":"Ministra dialog\u00f3 con la OIT sobre Proyecto Pa\u00eds"},"content":{"rendered":"<p>La ministra de Trabajo, Empleo y Seguridad Social, M\u00f3nica Recalde De Giacomi, mantuvo su primera reuni\u00f3n oficial, ocasi\u00f3n en la que recibi\u00f3 al director de la Oficina de la Organizaci\u00f3n Internacional del Trabajo (OIT) para el Cono Sur, Fabio Bertranou.<\/p>\n<p style=\"text-align: justify;\"><span class=\"NormalTextRun SCXW189532410 BCX8\">La secretaria de Estado y el alto representante la OIT dialogaron sobre el Proyecto Pa\u00eds <\/span><span class=\"NormalTextRun SCXW189532410 BCX8\">que implementar\u00e1<\/span> el Ministerio de Trabajo, Empleo y Seguridad Social (MTESS) en sus principales dependencias misionales en el Gobierno de Santiago Pe\u00f1a, la cartera de programas que ya se est\u00e1n ejecutando en conjunto y los planes que se buscan implementar en el corto y mediano plazo.<\/p>\n<p style=\"text-align: justify;\"><span class=\"TextRun SCXW189532410 BCX8\">Durante la reuni\u00f3n, la ministra Recalde, enfatiz\u00f3 en el compromiso de la cartera en seguir trabajando en conjunto con la OIT en temas claves como la simplificaci\u00f3n de los procesos administrativos y el desaf\u00edo de generar mayores y mejores empleos. <\/span><\/p>\n<p style=\"text-align: justify;\"><span class=\"TextRun SCXW189532410 BCX8\"><span class=\"NormalTextRun SCXW189532410 BCX8\">Adem\u00e1s de la secretaria de Estado y el director de la OIT, participaron de la reuni\u00f3n el especialista principal en pol\u00edticas de empleo y coordinador del Programa de la OIT en Paraguay desde la Oficina de Santiago, Gerhard <\/span><span class=\"NormalTextRun SpellingErrorV2Themed SCXW189532410 BCX8\">Reinecke<\/span><span class=\"NormalTextRun SCXW189532410 BCX8\">; el oficial nacional del Programa de Trabajo Decente de la OIT en Paraguay, Aram Cunego; la oficial nacional de Protecci\u00f3n Social de la OIT en Paraguay, Ver\u00f3nica <\/span><span class=\"NormalTextRun SpellingErrorV2Themed SCXW189532410 BCX8\">Herken<\/span><span class=\"NormalTextRun SCXW189532410 BCX8\">; y el coordinador de Proyecto de la OIT en Paraguay, Ignacio Gonz\u00e1lez. Por parte del MTESS participaron todos los nuevos miembros del Gabinete Oficial. <\/span><\/span><\/p>\n","protected":false},"excerpt":{"rendered":"<p>La ministra de Trabajo, Empleo y Seguridad Social, M\u00f3nica Recalde De Giacomi, mantuvo su primera reuni\u00f3n oficial, ocasi\u00f3n en la que recibi\u00f3 al director de la Oficina de la Organizaci\u00f3n Internacional del Trabajo (OIT) para el Cono Sur, Fabio Bertranou.<\/p>\n","protected":false},"author":7,"featured_media":27591,"comment_status":"open","ping_status":"open","sticky":false,"template":"","format":"standard","meta":{"_acf_changed":false,"_uag_custom_page_level_css":"","footnotes":""},"categories":[1],"tags":[],"class_list":["post-6857","post","type-post","status-publish","format-standard","has-post-thumbnail","hentry","category-sin-categoria"],"acf":[],"uagb_featured_image_src":{"full":["https:\/\/www.mtess.gov.py\/wp-content\/uploads\/2023\/08\/Reunion_con_representante_de_la_OIT-20240926-183510.jpeg",1200,800,false],"thumbnail":["https:\/\/www.mtess.gov.py\/wp-content\/uploads\/2023\/08\/Reunion_con_representante_de_la_OIT-20240926-183510-150x150.jpeg",150,150,true],"medium":["https:\/\/www.mtess.gov.py\/wp-content\/uploads\/2023\/08\/Reunion_con_representante_de_la_OIT-20240926-183510-300x200.jpeg",300,200,true],"medium_large":["https:\/\/www.mtess.gov.py\/wp-content\/uploads\/2023\/08\/Reunion_con_representante_de_la_OIT-20240926-183510-768x512.jpeg",768,512,true],"large":["https:\/\/www.mtess.gov.py\/wp-content\/uploads\/2023\/08\/Reunion_con_representante_de_la_OIT-20240926-183510-300x200.jpeg",300,200,true],"1536x1536":["https:\/\/www.mtess.gov.py\/wp-content\/uploads\/2023\/08\/Reunion_con_representante_de_la_OIT-20240926-183510.jpeg",1200,800,false],"2048x2048":["https:\/\/www.mtess.gov.py\/wp-content\/uploads\/2023\/08\/Reunion_con_representante_de_la_OIT-20240926-183510.jpeg",1200,800,false],"depicter-thumbnail":["https:\/\/www.mtess.gov.py\/wp-content\/uploads\/2023\/08\/Reunion_con_representante_de_la_OIT-20240926-183510.jpeg",200,133,false]},"uagb_author_info":{"display_name":"Lucas Santacruz","author_link":"https:\/\/www.mtess.gov.py\/?author=7"},"uagb_comment_info":0,"uagb_excerpt":"La ministra de Trabajo, Empleo y Seguridad Social, M\u00f3nica Recalde De Giacomi, mantuvo su primera reuni\u00f3n oficial, ocasi\u00f3n en la que recibi\u00f3 al director de la Oficina de la Organizaci\u00f3n Internacional del Trabajo (OIT) para el Cono Sur, Fabio Bertranou.","_links":{"self":[{"href":"https:\/\/www.mtess.gov.py\/index.php?rest_route=\/wp\/v2\/posts\/6857","targetHints":{"allow":["GET"]}}],"collection":[{"href":"https:\/\/www.mtess.gov.py\/index.php?rest_route=\/wp\/v2\/posts"}],"about":[{"href":"https:\/\/www.mtess.gov.py\/index.php?rest_route=\/wp\/v2\/types\/post"}],"author":[{"embeddable":true,"href":"https:\/\/www.mtess.gov.py\/index.php?rest_route=\/wp\/v2\/users\/7"}],"replies":[{"embeddable":true,"href":"https:\/\/www.mtess.gov.py\/index.php?rest_route=%2Fwp%2Fv2%2Fcomments&post=6857"}],"version-history":[{"count":1,"href":"https:\/\/www.mtess.gov.py\/index.php?rest_route=\/wp\/v2\/posts\/6857\/revisions"}],"predecessor-version":[{"id":34400,"href":"https:\/\/www.mtess.gov.py\/index.php?rest_route=\/wp\/v2\/posts\/6857\/revisions\/34400"}],"wp:featuredmedia":[{"embeddable":true,"href":"https:\/\/www.mtess.gov.py\/index.php?rest_route=\/wp\/v2\/media\/27591"}],"wp:attachment":[{"href":"https:\/\/www.mtess.gov.py\/index.php?rest_route=%2Fwp%2Fv2%2Fmedia&parent=6857"}],"wp:term":[{"taxonomy":"category","embeddable":true,"href":"https:\/\/www.mtess.gov.py\/index.php?rest_route=%2Fwp%2Fv2%2Fcategories&post=6857"},{"taxonomy":"post_tag","embeddable":true,"href":"https:\/\/www.mtess.gov.py\/index.php?rest_route=%2Fwp%2Fv2%2Ftags&post=6857"}],"curies":[{"name":"wp","href":"https:\/\/api.w.org\/{rel}","templated":true}]}}