{"id":6858,"date":"2023-08-16T19:55:00","date_gmt":"2023-08-16T23:55:00","guid":{"rendered":"https:\/\/bi.mtess.gov.py\/v1\/?p=6858"},"modified":"2025-12-19T09:05:08","modified_gmt":"2025-12-19T12:05:08","slug":"monica-recalde-de-giacomi-juro-como-ministra-de-trabajo-empleo-y-seguridad-social","status":"publish","type":"post","link":"https:\/\/www.mtess.gov.py\/?p=6858","title":{"rendered":"M\u00f3nica Recalde De Giacomi jur\u00f3 como ministra de Trabajo, Empleo y Seguridad Social"},"content":{"rendered":"<p>Jur\u00f3 este 15 de agosto M\u00f3nica Recalde De Giacomi como nueva ministra de Trabajo, Empleo y Seguridad Social (MTESS), en un acto llevado adelante por el presidente de la Rep\u00fablica, Santiago Pe\u00f1a, en la Explanada del Palacio de L\u00f3pez. Del acto oficial participaron adem\u00e1s los otros miembros del Gabinete Oficial.<\/p>\n<p><span style=\"font-size: 16px;\">La designaci\u00f3n qued\u00f3 plasmada en el Decreto 02\/2023, firmado por el titular del Ejecutivo y refrendado por el ministro de Educaci\u00f3n y Ciencias, Enrique Riera.<\/span><\/p>\n<p><span style=\"font-size: 16px;\">M\u00f3nica Recalde De Giacomi es de profesi\u00f3n abogada, egresada de la Facultad de Derecho de la Universidad Nacional de Asunci\u00f3n (UNA) y mag\u00edster en Direcci\u00f3n y Gesti\u00f3n de los Sistemas en Seguridad Social por la Universidad de Alcal\u00e1 de Henares de Espa\u00f1a.<\/span><\/p>\n<p><span style=\"font-size: 16px;\">Cuenta con m\u00e1s de 17 a\u00f1os de experiencia como funcionaria p\u00fablica; 9 a\u00f1os de trayectoria en elaboraci\u00f3n, an\u00e1lisis y gesti\u00f3n de pol\u00edticas en materia de seguridad social y mercados de trabajo, y vasta experiencia en coordinaci\u00f3n de mesas sectoriales de trabajo con sindicatos, jubilados y sectores empresariales.<\/span><\/p>\n<p><span style=\"font-size: 16px;\">Lider\u00f3 proyectos enfocados en la protecci\u00f3n a la maternidad, el empleo dom\u00e9stico, el empleo parcial, el teletrabajo, el salario m\u00ednimo, el desempleo, la regulaci\u00f3n y control de fondos de pensiones, con resultados en varias leyes nacionales vigentes.<\/span><\/p>\n","protected":false},"excerpt":{"rendered":"<p>Jur\u00f3 este 15 de agosto M\u00f3nica Recalde De Giacomi como nueva ministra de Trabajo, Empleo y Seguridad Social (MTESS), en un acto llevado adelante por el presidente de la Rep\u00fablica, Santiago Pe\u00f1a, en la Explanada del Palacio de L\u00f3pez. Del acto oficial participaron adem\u00e1s los otros miembros del Gabinete Oficial.<\/p>\n","protected":false},"author":7,"featured_media":27592,"comment_status":"open","ping_status":"open","sticky":false,"template":"","format":"standard","meta":{"_acf_changed":false,"_uag_custom_page_level_css":"","footnotes":""},"categories":[1],"tags":[],"class_list":["post-6858","post","type-post","status-publish","format-standard","has-post-thumbnail","hentry","category-sin-categoria"],"acf":[],"uagb_featured_image_src":{"full":["https:\/\/www.mtess.gov.py\/wp-content\/uploads\/2023\/08\/WhatsApp_Image_2023-08-15_at_13.35.07-7.jpeg",1280,853,false],"thumbnail":["https:\/\/www.mtess.gov.py\/wp-content\/uploads\/2023\/08\/WhatsApp_Image_2023-08-15_at_13.35.07-7-150x150.jpeg",150,150,true],"medium":["https:\/\/www.mtess.gov.py\/wp-content\/uploads\/2023\/08\/WhatsApp_Image_2023-08-15_at_13.35.07-7-300x200.jpeg",300,200,true],"medium_large":["https:\/\/www.mtess.gov.py\/wp-content\/uploads\/2023\/08\/WhatsApp_Image_2023-08-15_at_13.35.07-7-768x512.jpeg",768,512,true],"large":["https:\/\/www.mtess.gov.py\/wp-content\/uploads\/2023\/08\/WhatsApp_Image_2023-08-15_at_13.35.07-7-300x200.jpeg",300,200,true],"1536x1536":["https:\/\/www.mtess.gov.py\/wp-content\/uploads\/2023\/08\/WhatsApp_Image_2023-08-15_at_13.35.07-7.jpeg",1280,853,false],"2048x2048":["https:\/\/www.mtess.gov.py\/wp-content\/uploads\/2023\/08\/WhatsApp_Image_2023-08-15_at_13.35.07-7.jpeg",1280,853,false],"depicter-thumbnail":["https:\/\/www.mtess.gov.py\/wp-content\/uploads\/2023\/08\/WhatsApp_Image_2023-08-15_at_13.35.07-7.jpeg",200,133,false]},"uagb_author_info":{"display_name":"Lucas Santacruz","author_link":"https:\/\/www.mtess.gov.py\/?author=7"},"uagb_comment_info":0,"uagb_excerpt":"Jur\u00f3 este 15 de agosto M\u00f3nica Recalde De Giacomi como nueva ministra de Trabajo, Empleo y Seguridad Social (MTESS), en un acto llevado adelante por el presidente de la Rep\u00fablica, Santiago Pe\u00f1a, en la Explanada del Palacio de L\u00f3pez. Del acto oficial participaron adem\u00e1s los otros miembros del Gabinete Oficial.","_links":{"self":[{"href":"https:\/\/www.mtess.gov.py\/index.php?rest_route=\/wp\/v2\/posts\/6858","targetHints":{"allow":["GET"]}}],"collection":[{"href":"https:\/\/www.mtess.gov.py\/index.php?rest_route=\/wp\/v2\/posts"}],"about":[{"href":"https:\/\/www.mtess.gov.py\/index.php?rest_route=\/wp\/v2\/types\/post"}],"author":[{"embeddable":true,"href":"https:\/\/www.mtess.gov.py\/index.php?rest_route=\/wp\/v2\/users\/7"}],"replies":[{"embeddable":true,"href":"https:\/\/www.mtess.gov.py\/index.php?rest_route=%2Fwp%2Fv2%2Fcomments&post=6858"}],"version-history":[{"count":1,"href":"https:\/\/www.mtess.gov.py\/index.php?rest_route=\/wp\/v2\/posts\/6858\/revisions"}],"predecessor-version":[{"id":34398,"href":"https:\/\/www.mtess.gov.py\/index.php?rest_route=\/wp\/v2\/posts\/6858\/revisions\/34398"}],"wp:featuredmedia":[{"embeddable":true,"href":"https:\/\/www.mtess.gov.py\/index.php?rest_route=\/wp\/v2\/media\/27592"}],"wp:attachment":[{"href":"https:\/\/www.mtess.gov.py\/index.php?rest_route=%2Fwp%2Fv2%2Fmedia&parent=6858"}],"wp:term":[{"taxonomy":"category","embeddable":true,"href":"https:\/\/www.mtess.gov.py\/index.php?rest_route=%2Fwp%2Fv2%2Fcategories&post=6858"},{"taxonomy":"post_tag","embeddable":true,"href":"https:\/\/www.mtess.gov.py\/index.php?rest_route=%2Fwp%2Fv2%2Ftags&post=6858"}],"curies":[{"name":"wp","href":"https:\/\/api.w.org\/{rel}","templated":true}]}}