{"id":6859,"date":"2023-08-11T17:47:00","date_gmt":"2023-08-11T21:47:00","guid":{"rendered":"https:\/\/bi.mtess.gov.py\/v1\/?p=6859"},"modified":"2023-08-11T17:47:00","modified_gmt":"2023-08-11T21:47:00","slug":"ministra-de-trabajo-informo-a-la-ciudadania-de-los-cinco-anos-de-su-gestion","status":"publish","type":"post","link":"https:\/\/www.mtess.gov.py\/?p=6859","title":{"rendered":"Ministra de Trabajo inform\u00f3 a la ciudadan\u00eda de los cinco a\u00f1os de su gesti\u00f3n"},"content":{"rendered":"<p style=\"text-align: justify\"><span style=\"font-size: 16px\">La<br \/>\nceremonia de audiencia p\u00fablica e informe de gesti\u00f3n de Bacigalupo<br \/>\nse realiz\u00f3 en la sede del Servicio Nacional de Promoci\u00f3n<br \/>\nProfesional (SNPP). En la ocasi\u00f3n inform\u00f3 que desde el mes de<br \/>\nagosto del 2018 el Ministerio de Trabajo capacit\u00f3 a un total de<br \/>\n920.572 personas, a trav\u00e9s de sus entes, el Servicio Nacional de<br \/>\nPromoci\u00f3n Profesional (SNPP) y el Sistema Nacional de Formaci\u00f3n y<br \/>\nCapacitaci\u00f3n Laboral (Sinafocal). De esta cantidad 580.049 son<br \/>\nmujeres y 340.523 son hombres. Las capacitaciones se realizaron<br \/>\nconforme a la demanda del mercado laboral, en diferentes \u00e1reas y con<br \/>\nmallas curriculares renovadas, principalmente con innovaciones<br \/>\ntecnol\u00f3gicas.<\/span><\/p>\n<p style=\"text-align: justify\"><span style=\"font-size: 16px\">La<br \/>\ncartera de Estado inici\u00f3 la transformaci\u00f3n del sistema de<br \/>\ncapacitaci\u00f3n para el trabajo en el 2018 para responder a la demanda<br \/>\nde mano de obra calificada de empresas del sector privado. El 31 de<br \/>\ndiciembre del 2020, mediante el Decreto N\u00ba 4678 del Poder Ejecutivo<br \/>\nse aprob\u00f3  la  Estrategia Nacional de Formaci\u00f3n Profesional, que la<br \/>\ncartera de Estado ha desarrollado en un proceso participativo con<br \/>\ntodos los sectores de inter\u00e9s relevantes, gremios, empresas y<br \/>\nsindicatos.<\/span><\/p>\n<p style=\"text-align: justify\"><span style=\"font-size: 16px\">Con<br \/>\nla nueva estrategia de capacitaci\u00f3n la cartera de Estado busca<br \/>\ncontribuir con el mejoramiento de la productividad nacional, la<br \/>\nempleabilidad, la transformaci\u00f3n digital y el progreso social<br \/>\nmediante la formaci\u00f3n t\u00e9cnica y profesional. El objetivo principal<br \/>\nes brindar competencias laborales profesionales a los ciudadanos de<br \/>\ndiferentes edades para que puedan insertarse al mercado laboral<br \/>\nformal o realizar sus propios emprendimientos rentables.<br \/>\n<\/span><\/p>\n<p style=\"text-align: justify\"><strong><span style=\"font-size: 16px\">EMPLEO<\/span><\/strong><\/p>\n<p style=\"text-align: justify\"><span style=\"font-size: 16px\">La<br \/>\nministra Bacigalupo se\u00f1al\u00f3 que desde el 2018 a trav\u00e9s del<br \/>\nMinisterio de Trabajo alrededor 150.000 compatriotas han conseguido<br \/>\nun empleo formal. La cartera de Estado mediante su servicio p\u00fablico<br \/>\nde empleo, gu\u00eda, orienta, capacita, vincula e inserta laboralmente a<br \/>\nlos j\u00f3venes y adultos, a trav\u00e9s de las ferias presenciales y<br \/>\nvirtuales. Asimismo, durante el per\u00edodo que va de agosto del 2018 a<br \/>\nla fecha, fueron formalizadas 30.242 nuevas empresas, con 115.357<br \/>\ntrabajadoras y trabajadores formalizados.<\/span><\/p>\n<p style=\"text-align: justify\"><span style=\"font-size: 16px\"><strong>PLAN<br \/>\nNACIONAL DE EMPLEO<\/strong><br \/>\n<\/span><\/p>\n<p style=\"text-align: justify\"><span style=\"font-size: 16px\">En<br \/>\nla ocasi\u00f3n, la ministra de Trabajo destac\u00f3<br \/>\nel Plan Nacional de Empleo<br \/>\n2022-2026, creado por la cartera de Estado y que fue aprobado en mayo<br \/>\ndel presente a\u00f1o por Decreto N\u00ba 7029\/22. El documento fue elaborado<br \/>\nde manera tripartita (el sector trabajador, empleador y gobierno),<br \/>\ncon la colaboraci\u00f3n de la<br \/>\nOrganizaci\u00f3n Internacional del Trabajo (OIT)<br \/>\ny tiene como objetivo fomentar el empleo decente impulsando pol\u00edticas<br \/>\ny acciones que contribuyan a la reactivaci\u00f3n y el crecimiento<br \/>\necon\u00f3mico, la estimulaci\u00f3n de la demanda, la reconversi\u00f3n laboral,<br \/>\nel potenciamiento de adecuadas habilidades y competencias, la<br \/>\nintermediaci\u00f3n laboral y el fortalecimiento institucional en un<br \/>\ncontexto inclusivo y sostenido.<br \/>\n<\/span><\/p>\n<p style=\"text-align: justify\"><strong><span style=\"font-size: 16px\">DIGITALIZACI\u00d3N<br \/>\nDE SERVICIOS<\/span><\/strong><\/p>\n<p style=\"text-align: justify\"><span style=\"font-size: 16px\">El<br \/>\nMinisterio de Trabajo aceler\u00f3<br \/>\nel proceso de digitalizaci\u00f3n de los<br \/>\nservicios de la cartera de Estado durante<br \/>\nla pandemia por covid-19<br \/>\npara atender a los<br \/>\nempleadores y trabajadores en forma telem\u00e1tica. En la actualidad el<br \/>\n90% de todos los servicios<br \/>\nya son digitales. Con la<br \/>\ndigitalizaci\u00f3n del sistema se facilita la conexi\u00f3n desde cualquier<br \/>\npunto del pa\u00eds, para la realizaci\u00f3n de gestiones en varias \u00e1reas,<br \/>\ntanto de los empleadores y trabajadores. El sistema permiti\u00f3 418.026<br \/>\natenciones laborales v\u00eda<br \/>\nplataforma electr\u00f3nica, telef\u00f3nica, e-mail, y Whatsapp.<\/span><\/p>\n<p style=\"text-align: justify\"><span style=\"font-size: 16px\">En<br \/>\nla ocasi\u00f3n, tambi\u00e9n remarc\u00f3 la implementaci\u00f3n desde el mes de<br \/>\noctubre del 2019 del Sistema Digital de Gesti\u00f3n Educativa denominado<br \/>\n\u201cIdentidad\u201d,  Es una herramienta gratuita que permite a los<br \/>\nj\u00f3venes y adultos elegir cursos de capacitaci\u00f3n laboral del<br \/>\nServicio Nacional de Promoci\u00f3n Profesional (SNPP), realizar<br \/>\nconsultas, y generar certificados digitales.<br \/><\/span><\/p>\n<p style=\"text-align: justify\"><strong><span style=\"font-size: 16px\">EMPRENDEDURISMO<\/span><\/strong><\/p>\n<p style=\"text-align: justify\"><span style=\"font-size: 16px\">El<br \/>\nMinisterio de Trabajo ha brindado capacitaci\u00f3n y asesoramiento en<br \/>\ndiferentes \u00e1reas a 46.155 emprendedores, a trav\u00e9s de su Centro de<br \/>\nEntrenamiento del Emprendedor (CEE), que fue creado en el mes de<br \/>\ndiciembre del 2018. Muchos de ellos formalizaron sus emprendimientos<br \/>\ny han concretado sus propios negocios. En<br \/>\neste periodo fueron entregados 34.527 kits de herramientas de trabajo<br \/>\ny emprendedurismo a los egresados de variados cursos.<\/span><\/p>\n<p style=\"text-align: justify\"><span style=\"font-size: 16px\"><strong>N<\/strong><strong>UEVOS<br \/>\nCENTROS TECNOL\u00d3GICOS<\/strong><\/span><\/p>\n<p style=\"text-align: justify\"><span style=\"font-size: 16px\">En<br \/>\nla oportunidad, la ministra de Trabajo, tambi\u00e9n destac\u00f3 la<br \/>\nconstrucci\u00f3n de seis nuevos centros tecnol\u00f3gicos y laboratorios con<br \/>\ntecnolog\u00eda 4.0, con m\u00e1s de 50.000 millones de guaran\u00edes invertidos<br \/>\nque permiten la formaci\u00f3n de alto nivel de los j\u00f3venes,<br \/>\nprincipalmente en diferentes \u00e1reas t\u00e9cnicas, que en la actualidad<br \/>\nrequieren las empresas.<\/span><\/p>\n<p style=\"text-align: justify\"><strong><span style=\"font-size: 16px\">EXONERACI\u00d3N<br \/>\nDE MULTAS A MIPYMES<\/span><\/strong><\/p>\n<p style=\"text-align: justify\"><span style=\"font-size: 16px\"><br \/>\nBacigalupo tambi\u00e9n se refiri\u00f3 a<br \/>\nla exoneraci\u00f3n de multas a las micro, peque\u00f1as y medianas empresas<br \/>\n(mipymes), por la<br \/>\ninscripci\u00f3n tard\u00eda, presentaci\u00f3n tard\u00eda de planillas laborales y<br \/>\nla falta de comunicaci\u00f3n de movimientos de empleados. Desde<br \/>\nque se inici\u00f3 el periodo de exoneraci\u00f3n, en abril del 2021, con el<br \/>\nprop\u00f3sito de formalizar la actividad econ\u00f3mica de este sector, ya<br \/>\nsuman un total de 2.926 unidades econ\u00f3micas beneficiadas con la<br \/>\nexoneraci\u00f3n que llega a 18.000.000.000 de guaran\u00edes.<\/span><\/p>\n<p style=\"text-align: justify\"><strong><span style=\"font-size: 16px\">FORMACI\u00d3N<br \/>\nDUAL<\/span><\/strong><\/p>\n<p style=\"text-align: justify\"><span style=\"font-size: 16px\">Asimismo<br \/>\nse refiri\u00f3 al Programa de Formaci\u00f3n Dual, una modalidad de<br \/>\nense\u00f1anza que se basa en un r\u00e9gimen de capacitaci\u00f3n combinada, es<br \/>\ndecir 70% de pr\u00e1ctica en las empresas y 30% de clases te\u00f3ricas en<br \/>\nel Servicio Nacional de Promoci\u00f3n Profesional (SNPP), conforme a un<br \/>\nplan curricular. Su duraci\u00f3n es de dos a\u00f1os y los aprendices<br \/>\nperciben un salario de las empresas, con seguro del Instituto de<br \/>\nPrevisi\u00f3n Social (IPS).<\/span><\/p>\n<p style=\"text-align: justify\"><span style=\"font-size: 16px\">Entre<br \/>\nlas empresas que ya forman parte del programa est\u00e1n Nestl\u00e9, De La<br \/>\nSobera,  MSC, IDESA, Manpower, Prosegur, Grupo Universo, Automaq,<br \/>\nINC, Ferreventas,  Pepsi, Wal Metal\u00fargica, Tosoni Preda, Corsat,<br \/>\nAnde, Rieder, entre otras firmas. La ministra remarc\u00f3 que este<br \/>\nmodelo de formaci\u00f3n se tiene ir fortaleciendo e implementar desde la<br \/>\neducaci\u00f3n formal.<\/span><\/p>\n<p style=\"text-align: justify\"><\/p>\n","protected":false},"excerpt":{"rendered":"<p>La ministra de Trabajo, Carla Bacigalupo, en la ma\u00f1ana de hoy brind\u00f3 informe de su gesti\u00f3n a la ciudadan\u00eda de los cinco a\u00f1os frente a la cartera de Estado y entre sus logros se destac\u00f3 la transformaci\u00f3n del sistema de formaci\u00f3n profesional que permiti\u00f3 preparar a m\u00e1s de 900.000 compatriotas, hombres y mujeres, para su inserci\u00f3n al mercado laboral. Asimismo, la implementaci\u00f3n del Plan Nacional de Empleo, las medidas adoptadas para el cumplimiento de los derechos laborales, las gestiones realizadas durante la pandemia por covid-19 para la contenci\u00f3n del empleo formal en el pa\u00eds y varias otras acciones relevantes.<\/p>\n","protected":false},"author":7,"featured_media":27593,"comment_status":"open","ping_status":"open","sticky":false,"template":"","format":"standard","meta":{"_acf_changed":false,"_uag_custom_page_level_css":"","footnotes":""},"categories":[1],"tags":[],"class_list":["post-6859","post","type-post","status-publish","format-standard","has-post-thumbnail","hentry","category-sin-categoria"],"acf":[],"uagb_featured_image_src":{"full":["https:\/\/www.mtess.gov.py\/wp-content\/uploads\/2023\/08\/Ministra_-_informe_de_gestion_11-08-23-12.jpg",969,632,false],"thumbnail":["https:\/\/www.mtess.gov.py\/wp-content\/uploads\/2023\/08\/Ministra_-_informe_de_gestion_11-08-23-12-150x150.jpg",150,150,true],"medium":["https:\/\/www.mtess.gov.py\/wp-content\/uploads\/2023\/08\/Ministra_-_informe_de_gestion_11-08-23-12-300x196.jpg",300,196,true],"medium_large":["https:\/\/www.mtess.gov.py\/wp-content\/uploads\/2023\/08\/Ministra_-_informe_de_gestion_11-08-23-12-768x501.jpg",768,501,true],"large":["https:\/\/www.mtess.gov.py\/wp-content\/uploads\/2023\/08\/Ministra_-_informe_de_gestion_11-08-23-12-300x196.jpg",300,196,true],"1536x1536":["https:\/\/www.mtess.gov.py\/wp-content\/uploads\/2023\/08\/Ministra_-_informe_de_gestion_11-08-23-12.jpg",969,632,false],"2048x2048":["https:\/\/www.mtess.gov.py\/wp-content\/uploads\/2023\/08\/Ministra_-_informe_de_gestion_11-08-23-12.jpg",969,632,false],"depicter-thumbnail":["https:\/\/www.mtess.gov.py\/wp-content\/uploads\/2023\/08\/Ministra_-_informe_de_gestion_11-08-23-12.jpg",200,130,false]},"uagb_author_info":{"display_name":"Lucas Santacruz","author_link":"https:\/\/www.mtess.gov.py\/?author=7"},"uagb_comment_info":0,"uagb_excerpt":"La ministra de Trabajo, Carla Bacigalupo, en la ma\u00f1ana de hoy brind\u00f3 informe de su gesti\u00f3n a la ciudadan\u00eda de los cinco a\u00f1os frente a la cartera de Estado y entre sus logros se destac\u00f3 la transformaci\u00f3n del sistema de formaci\u00f3n profesional que permiti\u00f3 preparar a m\u00e1s de 900.000 compatriotas, hombres y mujeres, para su&hellip;","_links":{"self":[{"href":"https:\/\/www.mtess.gov.py\/index.php?rest_route=\/wp\/v2\/posts\/6859","targetHints":{"allow":["GET"]}}],"collection":[{"href":"https:\/\/www.mtess.gov.py\/index.php?rest_route=\/wp\/v2\/posts"}],"about":[{"href":"https:\/\/www.mtess.gov.py\/index.php?rest_route=\/wp\/v2\/types\/post"}],"author":[{"embeddable":true,"href":"https:\/\/www.mtess.gov.py\/index.php?rest_route=\/wp\/v2\/users\/7"}],"replies":[{"embeddable":true,"href":"https:\/\/www.mtess.gov.py\/index.php?rest_route=%2Fwp%2Fv2%2Fcomments&post=6859"}],"version-history":[{"count":0,"href":"https:\/\/www.mtess.gov.py\/index.php?rest_route=\/wp\/v2\/posts\/6859\/revisions"}],"wp:featuredmedia":[{"embeddable":true,"href":"https:\/\/www.mtess.gov.py\/index.php?rest_route=\/wp\/v2\/media\/27593"}],"wp:attachment":[{"href":"https:\/\/www.mtess.gov.py\/index.php?rest_route=%2Fwp%2Fv2%2Fmedia&parent=6859"}],"wp:term":[{"taxonomy":"category","embeddable":true,"href":"https:\/\/www.mtess.gov.py\/index.php?rest_route=%2Fwp%2Fv2%2Fcategories&post=6859"},{"taxonomy":"post_tag","embeddable":true,"href":"https:\/\/www.mtess.gov.py\/index.php?rest_route=%2Fwp%2Fv2%2Ftags&post=6859"}],"curies":[{"name":"wp","href":"https:\/\/api.w.org\/{rel}","templated":true}]}}