{"id":6862,"date":"2023-08-07T14:46:00","date_gmt":"2023-08-07T18:46:00","guid":{"rendered":"https:\/\/bi.mtess.gov.py\/v1\/?p=6862"},"modified":"2023-08-07T14:46:00","modified_gmt":"2023-08-07T18:46:00","slug":"realizaran-seminario-por-semana-de-la-lactancia-materna","status":"publish","type":"post","link":"https:\/\/www.mtess.gov.py\/?p=6862","title":{"rendered":"Realizar\u00e1n seminario por semana de la lactancia materna"},"content":{"rendered":"<p style=\"text-align: justify\">En el marco de las actividades implementadas conjuntamente entre el Ministerio de Trabajo, Empleo y Seguridad Social y el Ministerio de Salud P\u00fablica y Bienestar Social (MSPBS), el MTESS invita al IV Seminario Internacional de la Lactancia Materna denominada \u201cFacilitar la lactancia materna. Marcando la diferencia para las madres y padres que trabajan\u201d. <\/p>\n<p style=\"text-align: justify\">La iniciativa se desarrollar\u00e1 por la Semana Nacional de la Lactancia Materna-Paraguay 2023, que en nuestro pa\u00eds se celebra por Ley 5508\/15 en la segunda semana de agosto (8 al 14) con el objetivo de sensibilizar y concienciar a los padres, las familias y la sociedad respecto a su importancia.  <\/p>\n<p style=\"text-align: justify\">El seminario que abarcar\u00e1 diversos temas contar\u00e1 con profesionales de Chile, EEUU, Argentina y Espa\u00f1a. Las personas interesadas en participar del mismo deben ingresar a los siguientes enlaces: fecha 07\/08\/2023 de 19:00 a 20:00 horas https:\/\/t.ly\/Lactancia070823, fecha 08\/08\/2023 de 16:00 a 18:00 horas https:\/\/t.ly\/Lactancia080823, fecha 09\/08\/2023 de 19:00 a 20:00 horas https:\/\/t.ly\/Lactancia090823, fecha 10\/08\/2023 de 19:00 a 20:00 horas <a href=\"https:\/\/t.ly\/Lactancia100823\">https:\/\/t.ly\/Lactancia100823<\/a> fecha 11\/08\/2023 de 19:00 a 201:00 horas https:\/\/t.ly\/Lactancia110823. <\/p>\n<p style=\"text-align: justify\">El apoyo a la lactancia en los lugares de trabajo es una responsabilidad compartida con las empresas, instituciones y los gobiernos. Abarca desde la instalaci\u00f3n de espacios c\u00f3modos para la extracci\u00f3n y el almacenamiento de la leche materna extra\u00edda, dentro del horario de trabajo, y permisos de lactancia para amamantar a su hijo en la casa. Los gobiernos, al fiscalizar el cumplimiento de la Ley, efectivizan las pol\u00edticas p\u00fablicas de apoyo en el lugar de trabajo.<\/p>\n","protected":false},"excerpt":{"rendered":"<p>En el marco de las actividades implementadas conjuntamente entre el Ministerio de Trabajo, Empleo y Seguridad Social y el Ministerio de Salud P\u00fablica y Bienestar Social (MSPBS), el MTESS invita al IV Seminario Internacional de la Lactancia Materna denominada \u201cFacilitar la lactancia materna. Marcando la diferencia para las madres y padres que trabajan\u201d.<\/p>\n","protected":false},"author":7,"featured_media":27596,"comment_status":"open","ping_status":"open","sticky":false,"template":"","format":"standard","meta":{"_acf_changed":false,"_uag_custom_page_level_css":"","footnotes":""},"categories":[1],"tags":[],"class_list":["post-6862","post","type-post","status-publish","format-standard","has-post-thumbnail","hentry","category-sin-categoria"],"acf":[],"uagb_featured_image_src":{"full":["https:\/\/www.mtess.gov.py\/wp-content\/uploads\/2023\/08\/Logo_seminario_lactancia_materna-20240926-183513.jpg",1600,621,false],"thumbnail":["https:\/\/www.mtess.gov.py\/wp-content\/uploads\/2023\/08\/Logo_seminario_lactancia_materna-20240926-183513-150x150.jpg",150,150,true],"medium":["https:\/\/www.mtess.gov.py\/wp-content\/uploads\/2023\/08\/Logo_seminario_lactancia_materna-20240926-183513-300x116.jpg",300,116,true],"medium_large":["https:\/\/www.mtess.gov.py\/wp-content\/uploads\/2023\/08\/Logo_seminario_lactancia_materna-20240926-183513-768x298.jpg",768,298,true],"large":["https:\/\/www.mtess.gov.py\/wp-content\/uploads\/2023\/08\/Logo_seminario_lactancia_materna-20240926-183513-300x116.jpg",300,116,true],"1536x1536":["https:\/\/www.mtess.gov.py\/wp-content\/uploads\/2023\/08\/Logo_seminario_lactancia_materna-20240926-183513-1536x596.jpg",1536,596,true],"2048x2048":["https:\/\/www.mtess.gov.py\/wp-content\/uploads\/2023\/08\/Logo_seminario_lactancia_materna-20240926-183513.jpg",1600,621,false],"depicter-thumbnail":["https:\/\/www.mtess.gov.py\/wp-content\/uploads\/2023\/08\/Logo_seminario_lactancia_materna-20240926-183513.jpg",200,78,false]},"uagb_author_info":{"display_name":"Lucas Santacruz","author_link":"https:\/\/www.mtess.gov.py\/?author=7"},"uagb_comment_info":0,"uagb_excerpt":"En el marco de las actividades implementadas conjuntamente entre el Ministerio de Trabajo, Empleo y Seguridad Social y el Ministerio de Salud P\u00fablica y Bienestar Social (MSPBS), el MTESS invita al IV Seminario Internacional de la Lactancia Materna denominada \u201cFacilitar la lactancia materna. Marcando la diferencia para las madres y padres que trabajan\u201d.","_links":{"self":[{"href":"https:\/\/www.mtess.gov.py\/index.php?rest_route=\/wp\/v2\/posts\/6862","targetHints":{"allow":["GET"]}}],"collection":[{"href":"https:\/\/www.mtess.gov.py\/index.php?rest_route=\/wp\/v2\/posts"}],"about":[{"href":"https:\/\/www.mtess.gov.py\/index.php?rest_route=\/wp\/v2\/types\/post"}],"author":[{"embeddable":true,"href":"https:\/\/www.mtess.gov.py\/index.php?rest_route=\/wp\/v2\/users\/7"}],"replies":[{"embeddable":true,"href":"https:\/\/www.mtess.gov.py\/index.php?rest_route=%2Fwp%2Fv2%2Fcomments&post=6862"}],"version-history":[{"count":0,"href":"https:\/\/www.mtess.gov.py\/index.php?rest_route=\/wp\/v2\/posts\/6862\/revisions"}],"wp:featuredmedia":[{"embeddable":true,"href":"https:\/\/www.mtess.gov.py\/index.php?rest_route=\/wp\/v2\/media\/27596"}],"wp:attachment":[{"href":"https:\/\/www.mtess.gov.py\/index.php?rest_route=%2Fwp%2Fv2%2Fmedia&parent=6862"}],"wp:term":[{"taxonomy":"category","embeddable":true,"href":"https:\/\/www.mtess.gov.py\/index.php?rest_route=%2Fwp%2Fv2%2Fcategories&post=6862"},{"taxonomy":"post_tag","embeddable":true,"href":"https:\/\/www.mtess.gov.py\/index.php?rest_route=%2Fwp%2Fv2%2Ftags&post=6862"}],"curies":[{"name":"wp","href":"https:\/\/api.w.org\/{rel}","templated":true}]}}