{"id":6864,"date":"2023-08-04T16:11:00","date_gmt":"2023-08-04T20:11:00","guid":{"rendered":"https:\/\/bi.mtess.gov.py\/v1\/?p=6864"},"modified":"2023-08-04T16:11:00","modified_gmt":"2023-08-04T20:11:00","slug":"ministra-de-trabajo-destaca-el-exito-de-la-formacion-dual-de-jovenes-en-el-pais","status":"publish","type":"post","link":"https:\/\/www.mtess.gov.py\/?p=6864","title":{"rendered":"Ministra de Trabajo destaca el \u00e9xito de la formaci\u00f3n dual de j\u00f3venes en el pa\u00eds"},"content":{"rendered":"<p style=\"text-align: justify\"><span style=\"font-size: 18px\">El Ministerio de Trabajo, Empleo<br \/>\ny Seguridad Social (MTESS) viene impulsando<br \/>\nel Programa de Formaci\u00f3n Dual conjuntamente con varias empresas, que<br \/>\nimplica 30 % de clases te\u00f3ricas y 70 % de pr\u00e1ctica, es decir el<br \/>\ntrabajador aprendiz aprende su oficio haciendo las tareas en los<br \/>\nlocales de las empresas.<\/span><\/p>\n<p style=\"text-align: justify\"><span style=\"font-size: 18px\">El<br \/>\nmodelo de formaci\u00f3n dual es una modalidad de ense\u00f1anza que se basa<br \/>\nen un r\u00e9gimen de capacitaci\u00f3n combinada, es decir 70% de pr\u00e1ctica<br \/>\nen las empresas y 30% de clases te\u00f3ricas en el Servicio Nacional de<br \/>\nPromoci\u00f3n Profesional (SNPP), conforme a un plan curricular. Su<br \/>\nduraci\u00f3n es de dos a\u00f1os y los aprendices perciben un salario de las<br \/>\nempresas, con seguro del Instituto de Previsi\u00f3n Social (IPS).<\/span><\/p>\n<p style=\"text-align: justify\"><span style=\"font-size: 18px\">El<br \/>\nPrograma de Formaci\u00f3n Profesional Dual de la cartera de Estado es<br \/>\nuna estrategia de aprendizaje que es implementado tambi\u00e9n en varios<br \/>\notros pa\u00edses con mucho \u00e9xito y tiene como objeto preparar a los<br \/>\naprendices para su vida profesional, implementando carreras de<br \/>\nformaci\u00f3n en profesiones espec\u00edficas, conforme a la demanda del<br \/>\nmercado laboral.<\/span><\/p>\n<p style=\"text-align: justify\"><span style=\"font-size: 18px\">El<br \/>\nMinisterio de Trabajo impulsa el Programa de Formaci\u00f3n Dual en el<br \/>\nmarco del Plan Nacional de Empleo. Entre las empresas que ya forman<br \/>\ndel programa est\u00e1n Nestl\u00e9, De La Sobera,  MSC, IDESA, Manpower,<br \/>\nProsegur, Grupo Universo, Automaq, INC, Ferreventas,  Pepsi, Wal<br \/>\nMetal\u00fargica, Tosoni Preda, Corsat, Ande, Rieder, entre otras firmas.<\/p>\n<p><\/span><\/p>\n<p style=\"text-align: justify\"><span style=\"font-size: 18px\">El<br \/>\nsistema de formaci\u00f3n brinda ventajas a las empresas, que a la vez<br \/>\napoyan a los j\u00f3venes a conseguir sus primeras experiencias laborales<br \/>\ny formalizar el primer empleo si son escogidos por las firmas al<br \/>\nterminar su periodo de capacitaci\u00f3n. M\u00e1s de 400 j\u00f3venes ya fueron<br \/>\nbeneficiados por esta modalidad de formaci\u00f3n con posibilidades de<br \/>\ninserci\u00f3n laboral. Este<br \/>\njueves 27 j\u00f3venes egresaron mediante este sistema de formaci\u00f3n que<br \/>\nestuvo a cargo de la empresa multinacional Nestl\u00e9 y en la que fueron<br \/>\ncontratados como trabajadores fijos al terminar su capacitaci\u00f3n.<\/span><\/p>\n<p style=\"text-align: justify\"><span style=\"font-size: 18px\">Las<br \/>\ncarreras que est\u00e1n habilitadas en esta modalidad son Programaci\u00f3n<br \/>\nde sistemas, Asistente administrativo, Gesti\u00f3n comercial, Mec\u00e1nica<br \/>\nindustrial, Mec\u00e1nica automotriz, Mec\u00e1nica de maquinarias pesadas,<br \/>\nElectr\u00f3nica industrial, Electricidad industrial, Electricidad de<br \/>\nredes y, Electromec\u00e1nica. Cada<br \/>\nvez se est\u00e1n habilitando<br \/>\nm\u00e1s carreras t\u00e9cnicas duales seg\u00fan las necesidades de las<br \/>\nempresas.<\/span><\/p>\n<p style=\"text-align: justify\"><span style=\"font-size: 18px\">Los<br \/>\nempleadores que quieran ingresar al Programa de Formaci\u00f3n Dual<br \/>\npueden informarse a trav\u00e9s de los n\u00fameros telef\u00f3nicos 0981-240709<br \/>\ny 0981-386299.    <\/span><\/p>\n","protected":false},"excerpt":{"rendered":"<p>La ministra de Trabajo, Carla Bacigalupo, durante la celebraci\u00f3n del D\u00eda Nacional de Suiza, que se realiz\u00f3 en la ma\u00f1ana de hoy en la sede de la C\u00e1mara de Comercio Paraguayo Suizo, destac\u00f3 el \u00e9xito de la formaci\u00f3n dual de j\u00f3venes en el pa\u00eds e invit\u00f3 a las empresas establecidas formalmente a ser parte de este sistema de formaci\u00f3n implementada por la cartera de Estado.<\/p>\n","protected":false},"author":7,"featured_media":27598,"comment_status":"open","ping_status":"open","sticky":false,"template":"","format":"standard","meta":{"_acf_changed":false,"_uag_custom_page_level_css":"","footnotes":""},"categories":[1],"tags":[],"class_list":["post-6864","post","type-post","status-publish","format-standard","has-post-thumbnail","hentry","category-sin-categoria"],"acf":[],"uagb_featured_image_src":{"full":["https:\/\/www.mtess.gov.py\/wp-content\/uploads\/2023\/08\/1-20240926-183513.jpg",1600,900,false],"thumbnail":["https:\/\/www.mtess.gov.py\/wp-content\/uploads\/2023\/08\/1-20240926-183513-150x150.jpg",150,150,true],"medium":["https:\/\/www.mtess.gov.py\/wp-content\/uploads\/2023\/08\/1-20240926-183513-300x169.jpg",300,169,true],"medium_large":["https:\/\/www.mtess.gov.py\/wp-content\/uploads\/2023\/08\/1-20240926-183513-768x432.jpg",768,432,true],"large":["https:\/\/www.mtess.gov.py\/wp-content\/uploads\/2023\/08\/1-20240926-183513-300x169.jpg",300,169,true],"1536x1536":["https:\/\/www.mtess.gov.py\/wp-content\/uploads\/2023\/08\/1-20240926-183513-1536x864.jpg",1536,864,true],"2048x2048":["https:\/\/www.mtess.gov.py\/wp-content\/uploads\/2023\/08\/1-20240926-183513.jpg",1600,900,false],"depicter-thumbnail":["https:\/\/www.mtess.gov.py\/wp-content\/uploads\/2023\/08\/1-20240926-183513.jpg",200,113,false]},"uagb_author_info":{"display_name":"Lucas Santacruz","author_link":"https:\/\/www.mtess.gov.py\/?author=7"},"uagb_comment_info":0,"uagb_excerpt":"La ministra de Trabajo, Carla Bacigalupo, durante la celebraci\u00f3n del D\u00eda Nacional de Suiza, que se realiz\u00f3 en la ma\u00f1ana de hoy en la sede de la C\u00e1mara de Comercio Paraguayo Suizo, destac\u00f3 el \u00e9xito de la formaci\u00f3n dual de j\u00f3venes en el pa\u00eds e invit\u00f3 a las empresas establecidas formalmente a ser parte de&hellip;","_links":{"self":[{"href":"https:\/\/www.mtess.gov.py\/index.php?rest_route=\/wp\/v2\/posts\/6864","targetHints":{"allow":["GET"]}}],"collection":[{"href":"https:\/\/www.mtess.gov.py\/index.php?rest_route=\/wp\/v2\/posts"}],"about":[{"href":"https:\/\/www.mtess.gov.py\/index.php?rest_route=\/wp\/v2\/types\/post"}],"author":[{"embeddable":true,"href":"https:\/\/www.mtess.gov.py\/index.php?rest_route=\/wp\/v2\/users\/7"}],"replies":[{"embeddable":true,"href":"https:\/\/www.mtess.gov.py\/index.php?rest_route=%2Fwp%2Fv2%2Fcomments&post=6864"}],"version-history":[{"count":0,"href":"https:\/\/www.mtess.gov.py\/index.php?rest_route=\/wp\/v2\/posts\/6864\/revisions"}],"wp:featuredmedia":[{"embeddable":true,"href":"https:\/\/www.mtess.gov.py\/index.php?rest_route=\/wp\/v2\/media\/27598"}],"wp:attachment":[{"href":"https:\/\/www.mtess.gov.py\/index.php?rest_route=%2Fwp%2Fv2%2Fmedia&parent=6864"}],"wp:term":[{"taxonomy":"category","embeddable":true,"href":"https:\/\/www.mtess.gov.py\/index.php?rest_route=%2Fwp%2Fv2%2Fcategories&post=6864"},{"taxonomy":"post_tag","embeddable":true,"href":"https:\/\/www.mtess.gov.py\/index.php?rest_route=%2Fwp%2Fv2%2Ftags&post=6864"}],"curies":[{"name":"wp","href":"https:\/\/api.w.org\/{rel}","templated":true}]}}