{"id":6865,"date":"2023-08-03T22:00:00","date_gmt":"2023-08-04T02:00:00","guid":{"rendered":"https:\/\/bi.mtess.gov.py\/v1\/?p=6865"},"modified":"2023-08-03T22:00:00","modified_gmt":"2023-08-04T02:00:00","slug":"en-nestle-27-jovenes-culminaron-su-formacion-dual-y-fueron-insertados-como-trabajadores-fijos-de-la-empresa-multinacional","status":"publish","type":"post","link":"https:\/\/www.mtess.gov.py\/?p=6865","title":{"rendered":"En Nestl\u00e9 27 j\u00f3venes culminaron su formaci\u00f3n dual y fueron insertados como trabajadores fijos de la empresa multinacional"},"content":{"rendered":"<p><span style=\"font-size: 16px\"><span>Los j\u00f3venes duales han sido capacitados en diversas \u00e1reas dentro de Nestl\u00e9. Su formaci\u00f3n integral les ha proporcionado habilidades valiosas que los preparan para enfrentar los retos del mundo laboral. Cabe resaltar que los j\u00f3venes que est\u00e1n terminando su formaci\u00f3n dual en Nestl\u00e9, ya poseen contrataci\u00f3n en la compa\u00f1\u00eda como colaboradores fijos.<\/span><\/span><\/p>\n<p><span style=\"font-size: 16px\"><span>Los graduados bajo el modelo de formaci\u00f3n dual han demostrado su capacidad para enfrentar desaf\u00edos y aprender de cada experiencia, lo que les permitir\u00e1 tener un impacto positivo en sus vidas y en la sociedad. Nestle est\u00e1 comprometido con la formaci\u00f3n de j\u00f3venes en el pa\u00eds, acompa\u00f1\u00e1ndolos en generar m\u00e1s y mejores oportunidades para los j\u00f3venes. Desde el 2017 a la fecha, ya impactaron a m\u00e1s de 27.000 j\u00f3venes con distintos proyectos de pr\u00e1cticas, capacitaciones y entrenamiento en todo el Paraguay.<\/span><\/span><\/p>\n<p><span style=\"font-size: 16px\"><span>Para m\u00e1s informaci\u00f3n sobre el modelo de educaci\u00f3n dual y las pr\u00f3ximas convocatorias, ingresar a <a href=\"http:\/\/www.nestle.com.py\">www.nestle.com.py<\/a> o en las redes sociales de la compa\u00f1\u00eda: Facebook: Nestl\u00e9 Paraguay, Instagram: @Nestlepy.<\/span><\/span><\/p>\n<p><span style=\"font-size: 16px\"><span>ACERCA DE NESTL\u00c9<\/span><\/span><\/p>\n<p><span style=\"font-size: 16px\"><span>Nestl\u00e9 una la empresa de alimentos y bebidas m\u00e1s grande del mundo. Actualmente est\u00e1 presente en 187 pa\u00edses de todo el mundo y sus 300.000 empleados est\u00e1n comprometidos con el prop\u00f3sito de NESTLE\u00ae de mejorar la calidad de vida y contribuir a un futuro m\u00e1s saludable. Nestl\u00e9 ofrece una amplia cartera de productos y servicios para las personas y sus mascotas durante toda su vida. Cuenta con m\u00e1s de 2.000 marcas desde \u00edconos globales como KITKAT, el prop\u00f3sito de \u201cDesarrollar todo el poder de la alimentaci\u00f3n para mejorar la calidad de vida, hoy y para las futuras generaciones. Nestl\u00e9 tiene su sede en la ciudad suiza de Vevey, donde se fund\u00f3 hace 155 a\u00f1os. En Paraguay, sus marcas y productos est\u00e1n presentes desde hace m\u00e1s de 70 a\u00f1os, y desde hace m\u00e1s de 25 a\u00f1os como Nestl\u00e9 Paraguay.<\/span><\/span><\/p>\n","protected":false},"excerpt":{"rendered":"<p>En un emotivo evento realizado en la tarde de este jueves, Nestl\u00e9 tuvo el honor de celebrar la graduaci\u00f3n de un grupo de 27 j\u00f3venes que completaron su capacitaci\u00f3n bajo el programa de Formaci\u00f3n Dual. Durante los \u00faltimos dos a\u00f1os, estos j\u00f3venes han demostrado su arduo trabajo, dedicaci\u00f3n y pasi\u00f3n por aprender, desarroll\u00e1ndose profesional y personalmente en la compa\u00f1\u00eda, donde tuvo lugar la ceremonia. El modelo de educaci\u00f3n dual es un modelo suizo que consiste en una formaci\u00f3n profesional que combina la pr\u00e1ctica en una empresa con el aprendizaje en un centro de formaci\u00f3n. Esta modalidad de \u201caprender haciendo\u201d es una herramienta valiosa para el problema del desempleo juvenil. Nestl\u00e9 lanz\u00f3 por primera vez su programa de educaci\u00f3n dual en el 2021 junto con el Ministerio de Trabajo, Empleo y Seguridad Social (MTESS) y la Embajada de Suiza, culminado la primera generaci\u00f3n de j\u00f3venes bajo este exitoso modelo, y siendo la primera multinacional en contar con este sistema de formaci\u00f3n en el pa\u00eds. El evento de graduaci\u00f3n cont\u00f3 con la presencia de la ministra de Trabajo, Carla Bacigalupo; el embajador de Suiza para Paraguay y Uruguay Daniel Derzic, representantes de Nestl\u00e9 Paraguay y Nestl\u00e9 Business Services, entre otros. Durante la ceremonia, los j\u00f3venes duales recibieron sus merecidos t\u00edtulos y se reconoci\u00f3 su arduo trabajo y logros sobresalientes durante el programa.<\/p>\n","protected":false},"author":7,"featured_media":27599,"comment_status":"open","ping_status":"open","sticky":false,"template":"","format":"standard","meta":{"_acf_changed":false,"_uag_custom_page_level_css":"","footnotes":""},"categories":[1],"tags":[],"class_list":["post-6865","post","type-post","status-publish","format-standard","has-post-thumbnail","hentry","category-sin-categoria"],"acf":[],"uagb_featured_image_src":{"full":["https:\/\/www.mtess.gov.py\/wp-content\/uploads\/2023\/08\/WhatsApp_Image_2023-08-03_at_18.03.49-7.jpeg",1600,900,false],"thumbnail":["https:\/\/www.mtess.gov.py\/wp-content\/uploads\/2023\/08\/WhatsApp_Image_2023-08-03_at_18.03.49-7-150x150.jpeg",150,150,true],"medium":["https:\/\/www.mtess.gov.py\/wp-content\/uploads\/2023\/08\/WhatsApp_Image_2023-08-03_at_18.03.49-7-300x169.jpeg",300,169,true],"medium_large":["https:\/\/www.mtess.gov.py\/wp-content\/uploads\/2023\/08\/WhatsApp_Image_2023-08-03_at_18.03.49-7-768x432.jpeg",768,432,true],"large":["https:\/\/www.mtess.gov.py\/wp-content\/uploads\/2023\/08\/WhatsApp_Image_2023-08-03_at_18.03.49-7-300x169.jpeg",300,169,true],"1536x1536":["https:\/\/www.mtess.gov.py\/wp-content\/uploads\/2023\/08\/WhatsApp_Image_2023-08-03_at_18.03.49-7-1536x864.jpeg",1536,864,true],"2048x2048":["https:\/\/www.mtess.gov.py\/wp-content\/uploads\/2023\/08\/WhatsApp_Image_2023-08-03_at_18.03.49-7.jpeg",1600,900,false],"depicter-thumbnail":["https:\/\/www.mtess.gov.py\/wp-content\/uploads\/2023\/08\/WhatsApp_Image_2023-08-03_at_18.03.49-7.jpeg",200,113,false]},"uagb_author_info":{"display_name":"Lucas Santacruz","author_link":"https:\/\/www.mtess.gov.py\/?author=7"},"uagb_comment_info":0,"uagb_excerpt":"En un emotivo evento realizado en la tarde de este jueves, Nestl\u00e9 tuvo el honor de celebrar la graduaci\u00f3n de un grupo de 27 j\u00f3venes que completaron su capacitaci\u00f3n bajo el programa de Formaci\u00f3n Dual. Durante los \u00faltimos dos a\u00f1os, estos j\u00f3venes han demostrado su arduo trabajo, dedicaci\u00f3n y pasi\u00f3n por aprender, desarroll\u00e1ndose profesional y&hellip;","_links":{"self":[{"href":"https:\/\/www.mtess.gov.py\/index.php?rest_route=\/wp\/v2\/posts\/6865","targetHints":{"allow":["GET"]}}],"collection":[{"href":"https:\/\/www.mtess.gov.py\/index.php?rest_route=\/wp\/v2\/posts"}],"about":[{"href":"https:\/\/www.mtess.gov.py\/index.php?rest_route=\/wp\/v2\/types\/post"}],"author":[{"embeddable":true,"href":"https:\/\/www.mtess.gov.py\/index.php?rest_route=\/wp\/v2\/users\/7"}],"replies":[{"embeddable":true,"href":"https:\/\/www.mtess.gov.py\/index.php?rest_route=%2Fwp%2Fv2%2Fcomments&post=6865"}],"version-history":[{"count":0,"href":"https:\/\/www.mtess.gov.py\/index.php?rest_route=\/wp\/v2\/posts\/6865\/revisions"}],"wp:featuredmedia":[{"embeddable":true,"href":"https:\/\/www.mtess.gov.py\/index.php?rest_route=\/wp\/v2\/media\/27599"}],"wp:attachment":[{"href":"https:\/\/www.mtess.gov.py\/index.php?rest_route=%2Fwp%2Fv2%2Fmedia&parent=6865"}],"wp:term":[{"taxonomy":"category","embeddable":true,"href":"https:\/\/www.mtess.gov.py\/index.php?rest_route=%2Fwp%2Fv2%2Fcategories&post=6865"},{"taxonomy":"post_tag","embeddable":true,"href":"https:\/\/www.mtess.gov.py\/index.php?rest_route=%2Fwp%2Fv2%2Ftags&post=6865"}],"curies":[{"name":"wp","href":"https:\/\/api.w.org\/{rel}","templated":true}]}}