{"id":6869,"date":"2023-07-31T20:37:00","date_gmt":"2023-08-01T00:37:00","guid":{"rendered":"https:\/\/bi.mtess.gov.py\/v1\/?p=6869"},"modified":"2023-07-31T20:37:00","modified_gmt":"2023-08-01T00:37:00","slug":"ministra-bacigalupo-diserto-en-congreso-internacional-sobre-reforma-penitenciaria","status":"publish","type":"post","link":"https:\/\/www.mtess.gov.py\/?p=6869","title":{"rendered":"Ministra Bacigalupo disert\u00f3 en congreso internacional sobre reforma penitenciaria"},"content":{"rendered":"<p style=\"text-align: justify\"><span style=\"font-size: 16px\">El encuentro internacional se<br \/>\nrealiz\u00f3 tambi\u00e9n con el objetivo de identificar los temas cruciales<br \/>\npara la construcci\u00f3n de una agenda de prioridades en la reforma<br \/>\npenitenciaria, con \u00e9nfasis en la promoci\u00f3n de los derechos humanos<br \/>\ny el acceso a la justicia de este sector de la poblaci\u00f3n, en busca<br \/>\nde una inclusi\u00f3n social y laboral sostenible.<\/span><\/p>\n<p style=\"text-align: justify\"><span style=\"font-size: 16px\"><br \/>\nLa ministra,<br \/>\nCarla Bacigalupo, refiri\u00f3 sobre las pol\u00edticas p\u00fablicas para la<br \/>\ninclusi\u00f3n laboral de las personas privadas de libertad, que<br \/>\nconllevan una seria de acciones implementadas por la cartera de<br \/>\nEstado en materia de capacitaci\u00f3n a fin de que las mismas puedan<br \/>\nestar preparadas para el mercado laboral una vez recuperada la<br \/>\nlibertad.<\/span><\/p>\n<p style=\"text-align: justify\"><span style=\"font-size: 16px\">El congreso que se realiz\u00f3 en hotel Guaran\u00ed, fue en<br \/>\nel marco del Proyecto \u00abAcceso a Justicia y derechos humanos de<br \/>\npersonas privadas de libertad\u00bb, una iniciativa desarrollada por<br \/>\nel Centro de Estudios Judiciales y con la cooperaci\u00f3n de la Uni\u00f3n<br \/>\nEuropea en Paraguay (UE).<\/span><\/p>\n<p style=\"text-align: justify\"><\/p>\n","protected":false},"excerpt":{"rendered":"<p>La ministra de Trabajo, Empleo y Seguridad Social (MTESS), Carla Bacigalupo, particip\u00f3 como expositora en el congreso internacional \u201cReforma penitenciaria: agendas prioritarias para la reinserci\u00f3n sociolaboral, Paraguay 2023\u201d, que fue organizado por el Ministerio de Justicia y el Centro de Estudios Judiciales para instalar un debate pol\u00edtico, t\u00e9cnico y social sobre los avances de la reforma penitenciaria en nuestro pa\u00eds.<\/p>\n","protected":false},"author":7,"featured_media":27603,"comment_status":"open","ping_status":"open","sticky":false,"template":"","format":"standard","meta":{"_acf_changed":false,"_uag_custom_page_level_css":"","footnotes":""},"categories":[1],"tags":[],"class_list":["post-6869","post","type-post","status-publish","format-standard","has-post-thumbnail","hentry","category-sin-categoria"],"acf":[],"uagb_featured_image_src":{"full":["https:\/\/www.mtess.gov.py\/wp-content\/uploads\/2023\/07\/Ministra_en_congreso_en_hotel_Guarani_31-07-23-20240926-183518.jpg",1200,800,false],"thumbnail":["https:\/\/www.mtess.gov.py\/wp-content\/uploads\/2023\/07\/Ministra_en_congreso_en_hotel_Guarani_31-07-23-20240926-183518-150x150.jpg",150,150,true],"medium":["https:\/\/www.mtess.gov.py\/wp-content\/uploads\/2023\/07\/Ministra_en_congreso_en_hotel_Guarani_31-07-23-20240926-183518-300x200.jpg",300,200,true],"medium_large":["https:\/\/www.mtess.gov.py\/wp-content\/uploads\/2023\/07\/Ministra_en_congreso_en_hotel_Guarani_31-07-23-20240926-183518-768x512.jpg",768,512,true],"large":["https:\/\/www.mtess.gov.py\/wp-content\/uploads\/2023\/07\/Ministra_en_congreso_en_hotel_Guarani_31-07-23-20240926-183518-300x200.jpg",300,200,true],"1536x1536":["https:\/\/www.mtess.gov.py\/wp-content\/uploads\/2023\/07\/Ministra_en_congreso_en_hotel_Guarani_31-07-23-20240926-183518.jpg",1200,800,false],"2048x2048":["https:\/\/www.mtess.gov.py\/wp-content\/uploads\/2023\/07\/Ministra_en_congreso_en_hotel_Guarani_31-07-23-20240926-183518.jpg",1200,800,false],"depicter-thumbnail":["https:\/\/www.mtess.gov.py\/wp-content\/uploads\/2023\/07\/Ministra_en_congreso_en_hotel_Guarani_31-07-23-20240926-183518.jpg",200,133,false]},"uagb_author_info":{"display_name":"Lucas Santacruz","author_link":"https:\/\/www.mtess.gov.py\/?author=7"},"uagb_comment_info":0,"uagb_excerpt":"La ministra de Trabajo, Empleo y Seguridad Social (MTESS), Carla Bacigalupo, particip\u00f3 como expositora en el congreso internacional \u201cReforma penitenciaria: agendas prioritarias para la reinserci\u00f3n sociolaboral, Paraguay 2023\u201d, que fue organizado por el Ministerio de Justicia y el Centro de Estudios Judiciales para instalar un debate pol\u00edtico, t\u00e9cnico y social sobre los avances de la&hellip;","_links":{"self":[{"href":"https:\/\/www.mtess.gov.py\/index.php?rest_route=\/wp\/v2\/posts\/6869","targetHints":{"allow":["GET"]}}],"collection":[{"href":"https:\/\/www.mtess.gov.py\/index.php?rest_route=\/wp\/v2\/posts"}],"about":[{"href":"https:\/\/www.mtess.gov.py\/index.php?rest_route=\/wp\/v2\/types\/post"}],"author":[{"embeddable":true,"href":"https:\/\/www.mtess.gov.py\/index.php?rest_route=\/wp\/v2\/users\/7"}],"replies":[{"embeddable":true,"href":"https:\/\/www.mtess.gov.py\/index.php?rest_route=%2Fwp%2Fv2%2Fcomments&post=6869"}],"version-history":[{"count":0,"href":"https:\/\/www.mtess.gov.py\/index.php?rest_route=\/wp\/v2\/posts\/6869\/revisions"}],"wp:featuredmedia":[{"embeddable":true,"href":"https:\/\/www.mtess.gov.py\/index.php?rest_route=\/wp\/v2\/media\/27603"}],"wp:attachment":[{"href":"https:\/\/www.mtess.gov.py\/index.php?rest_route=%2Fwp%2Fv2%2Fmedia&parent=6869"}],"wp:term":[{"taxonomy":"category","embeddable":true,"href":"https:\/\/www.mtess.gov.py\/index.php?rest_route=%2Fwp%2Fv2%2Fcategories&post=6869"},{"taxonomy":"post_tag","embeddable":true,"href":"https:\/\/www.mtess.gov.py\/index.php?rest_route=%2Fwp%2Fv2%2Ftags&post=6869"}],"curies":[{"name":"wp","href":"https:\/\/api.w.org\/{rel}","templated":true}]}}