{"id":6870,"date":"2023-07-31T12:09:00","date_gmt":"2023-07-31T16:09:00","guid":{"rendered":"https:\/\/bi.mtess.gov.py\/v1\/?p=6870"},"modified":"2023-07-31T12:09:00","modified_gmt":"2023-07-31T16:09:00","slug":"ministerio-de-trabajo-dispone-de-130-puestos-laborales-para-el-sector-privado","status":"publish","type":"post","link":"https:\/\/www.mtess.gov.py\/?p=6870","title":{"rendered":"Ministerio de Trabajo dispone de 130 puestos laborales para el sector privado"},"content":{"rendered":"<p style=\"text-align: justify\"><span style=\"font-size: 16px\">Adem\u00e1s, las empresas necesitan<br \/>\ncontratar mozos, analistas<br \/>\nde eventos, t\u00e9cnico en electr\u00f3nica, encargada de marketing,<br \/>\nsupervisores de caja,<br \/>\nentre otras vacancias laborales. El<br \/>\nMinisterio de Trabajo inici\u00f3 la implementaci\u00f3n del Plan Nacional de<br \/>\nEmpleo desde el mes de mayo del a\u00f1o pasado. El objetivo es fomentar<br \/>\nel empleo decente impulsando pol\u00edticas y acciones que contribuyan a<br \/>\nla reactivaci\u00f3n y el crecimiento econ\u00f3mico, la estimulaci\u00f3n de la<br \/>\ndemanda, la reconversi\u00f3n laboral, el potenciamiento de adecuadas<br \/>\nhabilidades y competencias, la intermediaci\u00f3n y el fortalecimiento<br \/>\ninstitucional en un contexto inclusivo y sostenido.<\/span><\/p>\n<p style=\"text-align: justify\"><span style=\"font-size: 16px\">Atendiendo<br \/>\nla necesidad de las empresas de contar con vendedores profesionales,<br \/>\nel Ministerio de Trabajo habilit\u00f3 en el mes de febrero de este a\u00f1o<br \/>\nuna \u201cEscuela de ventas\u201d en la sede del Servicio Nacional de<br \/>\nPromoci\u00f3n Profesional (SNPP). Actualmente muchos hombres y mujeres<br \/>\nest\u00e1n siendo capacitados para desempe\u00f1arse como los mejores<br \/>\nvendedores profesionales en diferentes \u00e1reas..<\/span><\/p>\n<p style=\"text-align: justify\"><span style=\"font-size: 16px\">Las<br \/>\npersonas interesadas en las vacancias deben registrarse en la bolsa<br \/>\nde empleo, <strong><a href=\"https:\/\/bit.ly\/3Y8Zdi5\">https:\/\/bit.ly\/3Y8Zdi5<\/a><br \/>\n<\/strong> y<br \/>\nposteriormente acceder a las vacancias disponibles en esta semana y<br \/>\notras que a\u00fan no fueron llenadas en el siguiente enlace:<br \/>\n<a href=\"https:\/\/www.mtess.gov.py\/busca-empleo\/vidriera-de-empleo\">https:\/\/www.mtess.gov.py\/busca-empleo\/vidriera-de-empleo<\/a>.<br \/>\nAsimismo, pueden llegar hasta la sede del Viceministerio de Empleo y<br \/>\nSeguridad Social, situada en avenida Per\u00fa esquina R\u00edo de Janeiro, a<br \/>\nuna cuadra de avenida Mariscal L\u00f3pez, para registrarse y postularse<br \/>\na los puestos de trabajo.<br \/>\n<\/span><\/p>\n<p style=\"text-align: justify\"><span style=\"font-size: 16px\">Desde<br \/>\nla Direcci\u00f3n General de Empleo los funcionarios se comunicar\u00e1n con<br \/>\nlas personas que se postulan para los diferentes puestos a trav\u00e9s de<br \/>\nla plataforma digital para guiarles sobre los pasos a seguir antes de<br \/>\nlas entrevistas con representantes de las empresas.  <\/span><\/p>\n","protected":false},"excerpt":{"rendered":"<p>El Ministerio de Trabajo cuenta con 130 vacancias laborales para el sector privado esta semana, en empresas ubicadas en Asunci\u00f3n y en varias otras ciudades del interior del pa\u00eds. En primer lugar de trabajadores solicitados en encuentra puestos para vendedores en distintas modalidades y los interesados pueden postularse a trav\u00e9s de la p\u00e1gina web de la cartera de Estado o concurrir a la sede de Viceministerio de Empleo y Seguridad Social, ubicada en avenida Per\u00fa esquina R\u00edo de Janeiro, Asunci\u00f3n.<\/p>\n","protected":false},"author":7,"featured_media":27604,"comment_status":"open","ping_status":"open","sticky":false,"template":"","format":"standard","meta":{"_acf_changed":false,"_uag_custom_page_level_css":"","footnotes":""},"categories":[1],"tags":[],"class_list":["post-6870","post","type-post","status-publish","format-standard","has-post-thumbnail","hentry","category-sin-categoria"],"acf":[],"uagb_featured_image_src":{"full":["https:\/\/www.mtess.gov.py\/wp-content\/uploads\/2023\/07\/Vacancias_laborales_31-07-23-20240926-183518.jpg",1283,1080,false],"thumbnail":["https:\/\/www.mtess.gov.py\/wp-content\/uploads\/2023\/07\/Vacancias_laborales_31-07-23-20240926-183518-150x150.jpg",150,150,true],"medium":["https:\/\/www.mtess.gov.py\/wp-content\/uploads\/2023\/07\/Vacancias_laborales_31-07-23-20240926-183518-300x253.jpg",300,253,true],"medium_large":["https:\/\/www.mtess.gov.py\/wp-content\/uploads\/2023\/07\/Vacancias_laborales_31-07-23-20240926-183518-768x646.jpg",768,646,true],"large":["https:\/\/www.mtess.gov.py\/wp-content\/uploads\/2023\/07\/Vacancias_laborales_31-07-23-20240926-183518-300x253.jpg",300,253,true],"1536x1536":["https:\/\/www.mtess.gov.py\/wp-content\/uploads\/2023\/07\/Vacancias_laborales_31-07-23-20240926-183518.jpg",1283,1080,false],"2048x2048":["https:\/\/www.mtess.gov.py\/wp-content\/uploads\/2023\/07\/Vacancias_laborales_31-07-23-20240926-183518.jpg",1283,1080,false],"depicter-thumbnail":["https:\/\/www.mtess.gov.py\/wp-content\/uploads\/2023\/07\/Vacancias_laborales_31-07-23-20240926-183518.jpg",200,168,false]},"uagb_author_info":{"display_name":"Lucas Santacruz","author_link":"https:\/\/www.mtess.gov.py\/?author=7"},"uagb_comment_info":0,"uagb_excerpt":"El Ministerio de Trabajo cuenta con 130 vacancias laborales para el sector privado esta semana, en empresas ubicadas en Asunci\u00f3n y en varias otras ciudades del interior del pa\u00eds. En primer lugar de trabajadores solicitados en encuentra puestos para vendedores en distintas modalidades y los interesados pueden postularse a trav\u00e9s de la p\u00e1gina web de&hellip;","_links":{"self":[{"href":"https:\/\/www.mtess.gov.py\/index.php?rest_route=\/wp\/v2\/posts\/6870","targetHints":{"allow":["GET"]}}],"collection":[{"href":"https:\/\/www.mtess.gov.py\/index.php?rest_route=\/wp\/v2\/posts"}],"about":[{"href":"https:\/\/www.mtess.gov.py\/index.php?rest_route=\/wp\/v2\/types\/post"}],"author":[{"embeddable":true,"href":"https:\/\/www.mtess.gov.py\/index.php?rest_route=\/wp\/v2\/users\/7"}],"replies":[{"embeddable":true,"href":"https:\/\/www.mtess.gov.py\/index.php?rest_route=%2Fwp%2Fv2%2Fcomments&post=6870"}],"version-history":[{"count":0,"href":"https:\/\/www.mtess.gov.py\/index.php?rest_route=\/wp\/v2\/posts\/6870\/revisions"}],"wp:featuredmedia":[{"embeddable":true,"href":"https:\/\/www.mtess.gov.py\/index.php?rest_route=\/wp\/v2\/media\/27604"}],"wp:attachment":[{"href":"https:\/\/www.mtess.gov.py\/index.php?rest_route=%2Fwp%2Fv2%2Fmedia&parent=6870"}],"wp:term":[{"taxonomy":"category","embeddable":true,"href":"https:\/\/www.mtess.gov.py\/index.php?rest_route=%2Fwp%2Fv2%2Fcategories&post=6870"},{"taxonomy":"post_tag","embeddable":true,"href":"https:\/\/www.mtess.gov.py\/index.php?rest_route=%2Fwp%2Fv2%2Ftags&post=6870"}],"curies":[{"name":"wp","href":"https:\/\/api.w.org\/{rel}","templated":true}]}}