{"id":6875,"date":"2023-07-20T10:49:00","date_gmt":"2023-07-20T14:49:00","guid":{"rendered":"https:\/\/bi.mtess.gov.py\/v1\/?p=6875"},"modified":"2023-07-20T10:49:00","modified_gmt":"2023-07-20T14:49:00","slug":"mtess-expuso-sobre-ventajas-de-la-formacion-dual-en-la-expo-de-roque-alonso","status":"publish","type":"post","link":"https:\/\/www.mtess.gov.py\/?p=6875","title":{"rendered":"MTESS expuso sobre ventajas de la formaci\u00f3n dual en la Expo de Roque Alonso"},"content":{"rendered":"<p><span style=\"font-size: 16px\"><span>En este contexto, los representantes de las diferentes empresas que actualmente aplican el Programa Dual con el Ministerio de Trabajo y SNPP, expusieron, junto a sus aprendices duales, las ventajas, as\u00ed como compartieron sus experiencias y testimonios respecto a la implementaci\u00f3n de este programa de formaci\u00f3n, que consiste en \u201caprender haciendo\u201d con un 70 % de pr\u00e1ctica dentro de las empresas y un 30 % de teor\u00eda impartida en un centro de capacitaci\u00f3n del Servicio Nacional de Promoci\u00f3n Profesional (SNPP).<\/span><\/span><\/p>\n<p><span style=\"font-size: 16px\"><span>La Formaci\u00f3n Dual que hoy beneficia a m\u00e1s de 400 j\u00f3venes paraguayos, incide positivamente en los \u00edndices de empleo, productividad, e innovaci\u00f3n de los pa\u00edses que lo aplican como pol\u00edtica p\u00fablica de Estado. Los j\u00f3venes que est\u00e1n en esta modalidad de aprendizaje tienen un salario durante su formaci\u00f3n, con el seguro del Instituto de Previsi\u00f3n Social, entre otros derechos, y con la posibilidad de quedar en la plantilla de trabajadores de la firma.<\/span><\/span><\/p>\n<p><span style=\"font-size: 16px\"><span>El Ministerio de Trabajo invita a conocer el alto \u00e9xito de este Programa que impulsa en el marco del Plan Nacional de Empleo junto con las empresas del sectorprivado y p\u00fablico. Durante el evento de este mi\u00e9rcoles, la ministra de Trabajo, Carla Bacigalupo, inform\u00f3 de sus gestiones frente a la cartera de Estado desde el 2018 y resalt\u00f3 que uno de los logros es precisamente haber impulsado como prioridad la formaci\u00f3n dual, para que los j\u00f3venes aprendan practicando en las empresas y insertase al mercado laboral.<\/span><\/span><\/p>\n","protected":false},"excerpt":{"rendered":"<p>En la tarde y parte de la noche de este mi\u00e9rcoles el Ministerio de Trabajo llev\u00f3 adelante la primera \u201cExpo Dual\u201d en el campo de exposiciones de Mariano Roque Alonso e inform\u00f3 junto con representantes de las empresas que apoyan esta modalidad de formaci\u00f3n de j\u00f3venes, sobre las ventajas en t\u00e9rminos de productividad y costos laborales. El evento tuvo lugar en el espacio del Paseo 40 a\u00f1os, desde las 16:00 a 17:30. El Ministerio de Trabajo en alianza con empresas privadas del pa\u00eds, celebra esta exposici\u00f3n, con el objetivo de dar a conocer las ventajas del Programa de Formaci\u00f3n Dual para las empresas y j\u00f3venes, e invita a m\u00e1s empresas privadas a que se adhieran a este programa de formaci\u00f3n t\u00e9cnica y fomento al primer empleo.<\/p>\n","protected":false},"author":7,"featured_media":27608,"comment_status":"open","ping_status":"open","sticky":false,"template":"","format":"standard","meta":{"_acf_changed":false,"_uag_custom_page_level_css":"","footnotes":""},"categories":[1],"tags":[],"class_list":["post-6875","post","type-post","status-publish","format-standard","has-post-thumbnail","hentry","category-sin-categoria"],"acf":[],"uagb_featured_image_src":{"full":["https:\/\/www.mtess.gov.py\/wp-content\/uploads\/2023\/07\/1-7.jpeg",1078,816,false],"thumbnail":["https:\/\/www.mtess.gov.py\/wp-content\/uploads\/2023\/07\/1-7-150x150.jpeg",150,150,true],"medium":["https:\/\/www.mtess.gov.py\/wp-content\/uploads\/2023\/07\/1-7-300x227.jpeg",300,227,true],"medium_large":["https:\/\/www.mtess.gov.py\/wp-content\/uploads\/2023\/07\/1-7-768x581.jpeg",768,581,true],"large":["https:\/\/www.mtess.gov.py\/wp-content\/uploads\/2023\/07\/1-7-300x227.jpeg",300,227,true],"1536x1536":["https:\/\/www.mtess.gov.py\/wp-content\/uploads\/2023\/07\/1-7.jpeg",1078,816,false],"2048x2048":["https:\/\/www.mtess.gov.py\/wp-content\/uploads\/2023\/07\/1-7.jpeg",1078,816,false],"depicter-thumbnail":["https:\/\/www.mtess.gov.py\/wp-content\/uploads\/2023\/07\/1-7.jpeg",200,151,false]},"uagb_author_info":{"display_name":"Lucas Santacruz","author_link":"https:\/\/www.mtess.gov.py\/?author=7"},"uagb_comment_info":0,"uagb_excerpt":"En la tarde y parte de la noche de este mi\u00e9rcoles el Ministerio de Trabajo llev\u00f3 adelante la primera \u201cExpo Dual\u201d en el campo de exposiciones de Mariano Roque Alonso e inform\u00f3 junto con representantes de las empresas que apoyan esta modalidad de formaci\u00f3n de j\u00f3venes, sobre las ventajas en t\u00e9rminos de productividad y costos&hellip;","_links":{"self":[{"href":"https:\/\/www.mtess.gov.py\/index.php?rest_route=\/wp\/v2\/posts\/6875","targetHints":{"allow":["GET"]}}],"collection":[{"href":"https:\/\/www.mtess.gov.py\/index.php?rest_route=\/wp\/v2\/posts"}],"about":[{"href":"https:\/\/www.mtess.gov.py\/index.php?rest_route=\/wp\/v2\/types\/post"}],"author":[{"embeddable":true,"href":"https:\/\/www.mtess.gov.py\/index.php?rest_route=\/wp\/v2\/users\/7"}],"replies":[{"embeddable":true,"href":"https:\/\/www.mtess.gov.py\/index.php?rest_route=%2Fwp%2Fv2%2Fcomments&post=6875"}],"version-history":[{"count":0,"href":"https:\/\/www.mtess.gov.py\/index.php?rest_route=\/wp\/v2\/posts\/6875\/revisions"}],"wp:featuredmedia":[{"embeddable":true,"href":"https:\/\/www.mtess.gov.py\/index.php?rest_route=\/wp\/v2\/media\/27608"}],"wp:attachment":[{"href":"https:\/\/www.mtess.gov.py\/index.php?rest_route=%2Fwp%2Fv2%2Fmedia&parent=6875"}],"wp:term":[{"taxonomy":"category","embeddable":true,"href":"https:\/\/www.mtess.gov.py\/index.php?rest_route=%2Fwp%2Fv2%2Fcategories&post=6875"},{"taxonomy":"post_tag","embeddable":true,"href":"https:\/\/www.mtess.gov.py\/index.php?rest_route=%2Fwp%2Fv2%2Ftags&post=6875"}],"curies":[{"name":"wp","href":"https:\/\/api.w.org\/{rel}","templated":true}]}}