{"id":6877,"date":"2023-07-17T11:30:00","date_gmt":"2023-07-17T15:30:00","guid":{"rendered":"https:\/\/bi.mtess.gov.py\/v1\/?p=6877"},"modified":"2023-07-17T11:30:00","modified_gmt":"2023-07-17T15:30:00","slug":"mtess-informara-sobre-ventajas-de-la-formacion-dual-en-la-expo-de-roque-alonso-este-miercoles","status":"publish","type":"post","link":"https:\/\/www.mtess.gov.py\/?p=6877","title":{"rendered":"MTESS informar\u00e1 sobre ventajas de la formaci\u00f3n dual en la Expo de Roque Alonso este mi\u00e9rcoles"},"content":{"rendered":"<p style=\"text-align: justify\">El Ministerio de Trabajo en<br \/>\nalianza con empresas privadas del pa\u00eds, celebra esta exposici\u00f3n,<br \/>\ncon el objetivo de dar a conocer las ventajas del Programa de<br \/>\nFormaci\u00f3n Dual para las empresas y j\u00f3venes, e invita a m\u00e1s<br \/>\nempresas privadas a que se adhieran a este programa de formaci\u00f3n<br \/>\nt\u00e9cnica y fomento al primer empleo.<\/p>\n<p style=\"text-align: justify\">\nEn este contexto, los<br \/>\nrepresentantes de las diferentes empresas que actualmente aplican el<br \/>\nPrograma Dual con el Ministerio de Trabajo y SNPP, expondr\u00e1n, junto<br \/>\na sus aprendices duales, las ventajas, as\u00ed como compartir\u00e1n sus<br \/>\nexperiencias y testimonios respecto a la implementaci\u00f3n de este<br \/>\nprograma de formaci\u00f3n, que consiste en \u201caprender haciendo\u201d con<br \/>\nun 70 % de pr\u00e1ctica en la empresa y un 30 % de teor\u00eda impartida en<br \/>\nun centro de capacitaci\u00f3n del Servicio Nacional de Promoci\u00f3n<br \/>\nProfesional (SNPP).<\/p>\n<p style=\"text-align: justify\">La Formaci\u00f3n Dual que hoy beneficia a m\u00e1s<br \/>\nde 400 j\u00f3venes paraguayos, incide positivamente en los \u00edndices de<br \/>\nempleo, productividad, e innovaci\u00f3n de los pa\u00edses que lo aplican<br \/>\ncomo pol\u00edtica p\u00fablica de Estado.<br \/>\nEl Ministerio de Trabajo<br \/>\ninvita a conocer el alto \u00e9xito de este Programa que impulsa en el<br \/>\nmarco del Plan Nacional de Empleo junto con las empresas del sector<br \/>\nprivado y p\u00fablico, con la cooperaci\u00f3n de la Embajada de Suiza en<br \/>\nUruguay y el Consulado de Suiza en Paraguay.<\/p>\n<p style=\"text-align: justify\">En este video<br \/>\nadjunto se puede ver c\u00f3mo opera y las ventajas que la Formaci\u00f3n<br \/>\nDual produce en Suiza. <\/p>\n<p style=\"text-align: justify\"><a href=\"https:\/\/www.youtube.com\/watch?v=bk5aTEmg-5E\">Testimonio del Embajador de Suiza en Uruguay, Daniel Derzic.<\/a><\/p>\n","protected":false},"excerpt":{"rendered":"<p>El pr\u00f3ximo mi\u00e9rcoles 19 de julio, el Ministerio de Trabajo realizar\u00e1 la primera \u201cExpo Dual\u201d en el campo de exposiciones de Mariano Roque Alonso para informar juntos con las empresas que llevan adelante esta modalidad de formaci\u00f3n de j\u00f3venes, sobre las ventajas en t\u00e9rminos de productividad y costos laborales. El evento tendr\u00e1 lugar en el espacio del Paseo 40 a\u00f1os, de la Expo de Mariano Roque Alonso, de 16:00 a 17:30.<\/p>\n","protected":false},"author":7,"featured_media":27609,"comment_status":"open","ping_status":"open","sticky":false,"template":"","format":"standard","meta":{"_acf_changed":false,"_uag_custom_page_level_css":"","footnotes":""},"categories":[1],"tags":[],"class_list":["post-6877","post","type-post","status-publish","format-standard","has-post-thumbnail","hentry","category-sin-categoria"],"acf":[],"uagb_featured_image_src":{"full":["https:\/\/www.mtess.gov.py\/wp-content\/uploads\/2023\/07\/Expo_Dual-20240926-183522.jpg",864,1080,false],"thumbnail":["https:\/\/www.mtess.gov.py\/wp-content\/uploads\/2023\/07\/Expo_Dual-20240926-183522-150x150.jpg",150,150,true],"medium":["https:\/\/www.mtess.gov.py\/wp-content\/uploads\/2023\/07\/Expo_Dual-20240926-183522-240x300.jpg",240,300,true],"medium_large":["https:\/\/www.mtess.gov.py\/wp-content\/uploads\/2023\/07\/Expo_Dual-20240926-183522-768x960.jpg",768,960,true],"large":["https:\/\/www.mtess.gov.py\/wp-content\/uploads\/2023\/07\/Expo_Dual-20240926-183522-240x300.jpg",240,300,true],"1536x1536":["https:\/\/www.mtess.gov.py\/wp-content\/uploads\/2023\/07\/Expo_Dual-20240926-183522.jpg",864,1080,false],"2048x2048":["https:\/\/www.mtess.gov.py\/wp-content\/uploads\/2023\/07\/Expo_Dual-20240926-183522.jpg",864,1080,false],"depicter-thumbnail":["https:\/\/www.mtess.gov.py\/wp-content\/uploads\/2023\/07\/Expo_Dual-20240926-183522.jpg",200,250,false]},"uagb_author_info":{"display_name":"Lucas Santacruz","author_link":"https:\/\/www.mtess.gov.py\/?author=7"},"uagb_comment_info":0,"uagb_excerpt":"El pr\u00f3ximo mi\u00e9rcoles 19 de julio, el Ministerio de Trabajo realizar\u00e1 la primera \u201cExpo Dual\u201d en el campo de exposiciones de Mariano Roque Alonso para informar juntos con las empresas que llevan adelante esta modalidad de formaci\u00f3n de j\u00f3venes, sobre las ventajas en t\u00e9rminos de productividad y costos laborales. El evento tendr\u00e1 lugar en el&hellip;","_links":{"self":[{"href":"https:\/\/www.mtess.gov.py\/index.php?rest_route=\/wp\/v2\/posts\/6877","targetHints":{"allow":["GET"]}}],"collection":[{"href":"https:\/\/www.mtess.gov.py\/index.php?rest_route=\/wp\/v2\/posts"}],"about":[{"href":"https:\/\/www.mtess.gov.py\/index.php?rest_route=\/wp\/v2\/types\/post"}],"author":[{"embeddable":true,"href":"https:\/\/www.mtess.gov.py\/index.php?rest_route=\/wp\/v2\/users\/7"}],"replies":[{"embeddable":true,"href":"https:\/\/www.mtess.gov.py\/index.php?rest_route=%2Fwp%2Fv2%2Fcomments&post=6877"}],"version-history":[{"count":0,"href":"https:\/\/www.mtess.gov.py\/index.php?rest_route=\/wp\/v2\/posts\/6877\/revisions"}],"wp:featuredmedia":[{"embeddable":true,"href":"https:\/\/www.mtess.gov.py\/index.php?rest_route=\/wp\/v2\/media\/27609"}],"wp:attachment":[{"href":"https:\/\/www.mtess.gov.py\/index.php?rest_route=%2Fwp%2Fv2%2Fmedia&parent=6877"}],"wp:term":[{"taxonomy":"category","embeddable":true,"href":"https:\/\/www.mtess.gov.py\/index.php?rest_route=%2Fwp%2Fv2%2Fcategories&post=6877"},{"taxonomy":"post_tag","embeddable":true,"href":"https:\/\/www.mtess.gov.py\/index.php?rest_route=%2Fwp%2Fv2%2Ftags&post=6877"}],"curies":[{"name":"wp","href":"https:\/\/api.w.org\/{rel}","templated":true}]}}