{"id":6879,"date":"2023-07-12T19:19:00","date_gmt":"2023-07-12T23:19:00","guid":{"rendered":"https:\/\/bi.mtess.gov.py\/v1\/?p=6879"},"modified":"2023-07-12T19:19:00","modified_gmt":"2023-07-12T23:19:00","slug":"hubo-masiva-concurrencia-en-feria-de-empleo-en-la-expo-organizada-por-el-mtess-uip-y-la-arp","status":"publish","type":"post","link":"https:\/\/www.mtess.gov.py\/?p=6879","title":{"rendered":"Hubo masiva concurrencia en feria de empleo en la Expo, organizada por el MTESS, UIP y la ARP"},"content":{"rendered":"<p style=\"text-align: justify\"><span style=\"font-size: 16px\">La<br \/>\ngran convocatoria a los buscadores de trabajo se inici\u00f3 a las 8:00,<br \/>\nquienes fueron atendidos por los funcionarios de la Direcci\u00f3n<br \/>\nGeneral de Empleo de la cartera de Estado para el registro en la<br \/>\nplataforma digital y postulaci\u00f3n para los diferentes puestos<br \/>\nlaborales hasta las 11:00. Posteriormente fueron entrevistados por<br \/>\nlos representantes de las diferentes empresas.<\/span><\/p>\n<p style=\"text-align: justify\"><span style=\"font-size: 16px\">La<br \/>\nministra de Trabajo, Carla Bacigalupo, particip\u00f3 de la apertura de<br \/>\nla actividad que se realiz\u00f3 en el sal\u00f3n Germ\u00e1n Ruiz Aveiro, con la<br \/>\npresencia del presidente de la Uni\u00f3n Industrial Paraguaya (UIP),<br \/>\nEnrique Duarte; el presidente de la Asociaci\u00f3n Rural del Paraguay<br \/>\n(ARP), Pedro Galli, entre otras autoridades. La Expo se inici\u00f3 el<br \/>\ns\u00e1bado \u00faltimo en el campo ferial de la ARP, situado en el km 14,5<br \/>\nde la ruta Transchaco de la ciudad de Mariano Roque Alonso.<\/span><\/p>\n<p style=\"text-align: justify\"><span style=\"font-size: 16px\">Entre<br \/>\nlos trabajadores que buscaron en la feria de empleo figuraban<br \/>\nvendedores en distintas modalidades, panaderos, carniceros,<br \/>\noperadores de tel\u00e9fono, vigilantes, cajeros, choferes,<br \/>\nmontacarguistas, confiteros, operarios de producci\u00f3n de cableados,<br \/>\noperarios de f\u00e1brica, costureros, t\u00e9cnicos de farmacia,<br \/>\nserigrafistas, repositeros, electricistas industriales, personal para<br \/>\nservicios, encargados de gastronom\u00eda, mec\u00e1nico de camiones pesados,<br \/>\nentre varios otros puestos.<\/span><\/p>\n<p style=\"text-align: justify\"><span style=\"font-size: 16px\">Durante<br \/>\nla ceremonia de apertura de la feria de empleo, la ministra de<br \/>\nTrabajo, destac\u00f3 que entre los 1.575 vacancias m\u00e1s de 230<br \/>\ncorresponden para el primer empleo. Resalt\u00f3 la importancia de la<br \/>\neducaci\u00f3n para el trabajo, a lo que la cartera de Estad apost\u00f3 con<br \/>\n\u00e9nfasis desde 2018, mediante una gran transformaci\u00f3n del sistema de<br \/>\ncapacitaci\u00f3n laboral, con grandes cambios para satisfacer la demanda<br \/>\nde las empresas de mano de obra calificada, sobre todo de \u00e1reas<br \/>\nt\u00e9cnicas.<\/span><\/p>\n","protected":false},"excerpt":{"rendered":"<p>La feria de empleo organizada por el Ministerio de Trabajo en la sede de la Expo de Mariano Roque Alonso, conjuntamente con la Asociaci\u00f3n Rural del Paraguay (ARP) y la Uni\u00f3n Industrial Paraguaya (UIP), tuvo una masiva concurrencia de los buscadores de Trabajo. En la ocasi\u00f3n 39 empresas presentaron un total de 1.575 vacancias para diferentes \u00e1reas laborales.<\/p>\n","protected":false},"author":7,"featured_media":27612,"comment_status":"open","ping_status":"open","sticky":false,"template":"","format":"standard","meta":{"_acf_changed":false,"_uag_custom_page_level_css":"","footnotes":""},"categories":[1],"tags":[],"class_list":["post-6879","post","type-post","status-publish","format-standard","has-post-thumbnail","hentry","category-sin-categoria"],"acf":[],"uagb_featured_image_src":{"full":["https:\/\/www.mtess.gov.py\/wp-content\/uploads\/2023\/07\/4-7.jpg",1280,853,false],"thumbnail":["https:\/\/www.mtess.gov.py\/wp-content\/uploads\/2023\/07\/4-7-150x150.jpg",150,150,true],"medium":["https:\/\/www.mtess.gov.py\/wp-content\/uploads\/2023\/07\/4-7-300x200.jpg",300,200,true],"medium_large":["https:\/\/www.mtess.gov.py\/wp-content\/uploads\/2023\/07\/4-7-768x512.jpg",768,512,true],"large":["https:\/\/www.mtess.gov.py\/wp-content\/uploads\/2023\/07\/4-7-300x200.jpg",300,200,true],"1536x1536":["https:\/\/www.mtess.gov.py\/wp-content\/uploads\/2023\/07\/4-7.jpg",1280,853,false],"2048x2048":["https:\/\/www.mtess.gov.py\/wp-content\/uploads\/2023\/07\/4-7.jpg",1280,853,false],"depicter-thumbnail":["https:\/\/www.mtess.gov.py\/wp-content\/uploads\/2023\/07\/4-7.jpg",200,133,false]},"uagb_author_info":{"display_name":"Lucas Santacruz","author_link":"https:\/\/www.mtess.gov.py\/?author=7"},"uagb_comment_info":0,"uagb_excerpt":"La feria de empleo organizada por el Ministerio de Trabajo en la sede de la Expo de Mariano Roque Alonso, conjuntamente con la Asociaci\u00f3n Rural del Paraguay (ARP) y la Uni\u00f3n Industrial Paraguaya (UIP), tuvo una masiva concurrencia de los buscadores de Trabajo. En la ocasi\u00f3n 39 empresas presentaron un total de 1.575 vacancias para&hellip;","_links":{"self":[{"href":"https:\/\/www.mtess.gov.py\/index.php?rest_route=\/wp\/v2\/posts\/6879","targetHints":{"allow":["GET"]}}],"collection":[{"href":"https:\/\/www.mtess.gov.py\/index.php?rest_route=\/wp\/v2\/posts"}],"about":[{"href":"https:\/\/www.mtess.gov.py\/index.php?rest_route=\/wp\/v2\/types\/post"}],"author":[{"embeddable":true,"href":"https:\/\/www.mtess.gov.py\/index.php?rest_route=\/wp\/v2\/users\/7"}],"replies":[{"embeddable":true,"href":"https:\/\/www.mtess.gov.py\/index.php?rest_route=%2Fwp%2Fv2%2Fcomments&post=6879"}],"version-history":[{"count":0,"href":"https:\/\/www.mtess.gov.py\/index.php?rest_route=\/wp\/v2\/posts\/6879\/revisions"}],"wp:featuredmedia":[{"embeddable":true,"href":"https:\/\/www.mtess.gov.py\/index.php?rest_route=\/wp\/v2\/media\/27612"}],"wp:attachment":[{"href":"https:\/\/www.mtess.gov.py\/index.php?rest_route=%2Fwp%2Fv2%2Fmedia&parent=6879"}],"wp:term":[{"taxonomy":"category","embeddable":true,"href":"https:\/\/www.mtess.gov.py\/index.php?rest_route=%2Fwp%2Fv2%2Fcategories&post=6879"},{"taxonomy":"post_tag","embeddable":true,"href":"https:\/\/www.mtess.gov.py\/index.php?rest_route=%2Fwp%2Fv2%2Ftags&post=6879"}],"curies":[{"name":"wp","href":"https:\/\/api.w.org\/{rel}","templated":true}]}}