{"id":6881,"date":"2023-07-12T12:38:00","date_gmt":"2023-07-12T16:38:00","guid":{"rendered":"https:\/\/bi.mtess.gov.py\/v1\/?p=6881"},"modified":"2023-07-12T12:38:00","modified_gmt":"2023-07-12T16:38:00","slug":"hoy-se-realiza-gran-feria-de-empleo-en-la-expo-de-roque-alonso-con-mas-de-1-500-vacancias-laborales","status":"publish","type":"post","link":"https:\/\/www.mtess.gov.py\/?p=6881","title":{"rendered":"Hoy se realiza gran feria de empleo en la Expo de Roque Alonso con m\u00e1s de 1.500 vacancias laborales"},"content":{"rendered":"<p style=\"text-align: justify\"><span style=\"font-size: 16px\">La gran convocatoria a los<br \/>\nbuscadores de trabajo comenz\u00f3 a partir de las 8:00, quienes ser\u00e1n atendidos por los funcionarios de la Direcci\u00f3n General de Empleo de<br \/>\nla cartera de Estado para el registro en la plataforma digital y<br \/>\npostulaci\u00f3n para los diferentes puestos laborales hasta las 11:00.<br \/>\nPosteriormente ser\u00e1n entrevistados por los representantes de las<br \/>\nempresas.<\/span><\/p>\n<p style=\"text-align: justify\"><span style=\"font-size: 16px\">La<br \/>\nministra de Trabajo, Carla Bacigalupo, particip\u00f3 de la apertura de<br \/>\nla actividad que se realiz\u00f3 en el sal\u00f3n Germ\u00e1n Ruiz Aveiro, con<br \/>\nla presencia de las autoridades de la UIP y la ARP. La Expo se inici\u00f3<br \/>\nel s\u00e1bado \u00faltimo en el campo ferial de la ARP, situado en el km<br \/>\n14,5 de la ruta Transchaco de la ciudad de Mariano Roque Alonso. La<br \/>\nentrada para los buscadores de trabajo ser\u00e1 gratuita.<\/span><\/p>\n<p style=\"text-align: justify\"><span style=\"font-size: 16px\">Entre<br \/>\nlos trabajadores que requieren figuran vendedores en distintas<br \/>\nmodalidades, panaderos, carniceros, operadores de tel\u00e9fono,<br \/>\nvigilantes, cajeros, choferes, montacarguistas, confiteros, operarios<br \/>\nde producci\u00f3n de cableados, operarios de f\u00e1brica, costureros,<br \/>\nt\u00e9cnicos de farmacia, serigrafistas,repositeros, electricistas<br \/>\nindustriales, personal para servicios, encargados de gastronom\u00eda,<br \/>\nmec\u00e1nico de camiones pesados, entre varios otros puestos.<\/span><\/p>\n<p style=\"text-align: justify\"><span style=\"font-size: 16px\">Adem\u00e1s<br \/>\nde contar con una amplia variedad de vacancias laborales, durante la<br \/>\nferia el Ministerio de Trabajo ofrece charlas sobre habilidades<br \/>\nblandas y acceso al primer empleo. Tambi\u00e9n brindar\u00e1 servicios del<br \/>\nregistro e inscripci\u00f3n a cursos del Servicio Nacional de Promoci\u00f3n<br \/>\nProfesional (SNPP) y del Centro de Entrenamiento del Emprendedor<br \/>\n(CEE).<\/span><\/p>\n","protected":false},"excerpt":{"rendered":"<p>El Ministerio de Trabajo realiza hoy una gran feria de empleo en la Expo de Mariano Roque Alonso, con 1.575 vacancias laborales en diferentes empresas del sector privado, que precisan contratar nuevos trabajadores para diversas \u00e1reas. El evento es organizado conjuntamente con la Uni\u00f3n Industrial Paraguaya (UIP) y la Asociaci\u00f3n Rural del Paraguay (ARP).<\/p>\n","protected":false},"author":7,"featured_media":27614,"comment_status":"open","ping_status":"open","sticky":false,"template":"","format":"standard","meta":{"_acf_changed":false,"_uag_custom_page_level_css":"","footnotes":""},"categories":[1],"tags":[],"class_list":["post-6881","post","type-post","status-publish","format-standard","has-post-thumbnail","hentry","category-sin-categoria"],"acf":[],"uagb_featured_image_src":{"full":["https:\/\/www.mtess.gov.py\/wp-content\/uploads\/2023\/07\/1-20240926-183525.jpg",1600,900,false],"thumbnail":["https:\/\/www.mtess.gov.py\/wp-content\/uploads\/2023\/07\/1-20240926-183525-150x150.jpg",150,150,true],"medium":["https:\/\/www.mtess.gov.py\/wp-content\/uploads\/2023\/07\/1-20240926-183525-300x169.jpg",300,169,true],"medium_large":["https:\/\/www.mtess.gov.py\/wp-content\/uploads\/2023\/07\/1-20240926-183525-768x432.jpg",768,432,true],"large":["https:\/\/www.mtess.gov.py\/wp-content\/uploads\/2023\/07\/1-20240926-183525-300x169.jpg",300,169,true],"1536x1536":["https:\/\/www.mtess.gov.py\/wp-content\/uploads\/2023\/07\/1-20240926-183525-1536x864.jpg",1536,864,true],"2048x2048":["https:\/\/www.mtess.gov.py\/wp-content\/uploads\/2023\/07\/1-20240926-183525.jpg",1600,900,false],"depicter-thumbnail":["https:\/\/www.mtess.gov.py\/wp-content\/uploads\/2023\/07\/1-20240926-183525.jpg",200,113,false]},"uagb_author_info":{"display_name":"Lucas Santacruz","author_link":"https:\/\/www.mtess.gov.py\/?author=7"},"uagb_comment_info":0,"uagb_excerpt":"El Ministerio de Trabajo realiza hoy una gran feria de empleo en la Expo de Mariano Roque Alonso, con 1.575 vacancias laborales en diferentes empresas del sector privado, que precisan contratar nuevos trabajadores para diversas \u00e1reas. El evento es organizado conjuntamente con la Uni\u00f3n Industrial Paraguaya (UIP) y la Asociaci\u00f3n Rural del Paraguay (ARP).","_links":{"self":[{"href":"https:\/\/www.mtess.gov.py\/index.php?rest_route=\/wp\/v2\/posts\/6881","targetHints":{"allow":["GET"]}}],"collection":[{"href":"https:\/\/www.mtess.gov.py\/index.php?rest_route=\/wp\/v2\/posts"}],"about":[{"href":"https:\/\/www.mtess.gov.py\/index.php?rest_route=\/wp\/v2\/types\/post"}],"author":[{"embeddable":true,"href":"https:\/\/www.mtess.gov.py\/index.php?rest_route=\/wp\/v2\/users\/7"}],"replies":[{"embeddable":true,"href":"https:\/\/www.mtess.gov.py\/index.php?rest_route=%2Fwp%2Fv2%2Fcomments&post=6881"}],"version-history":[{"count":0,"href":"https:\/\/www.mtess.gov.py\/index.php?rest_route=\/wp\/v2\/posts\/6881\/revisions"}],"wp:featuredmedia":[{"embeddable":true,"href":"https:\/\/www.mtess.gov.py\/index.php?rest_route=\/wp\/v2\/media\/27614"}],"wp:attachment":[{"href":"https:\/\/www.mtess.gov.py\/index.php?rest_route=%2Fwp%2Fv2%2Fmedia&parent=6881"}],"wp:term":[{"taxonomy":"category","embeddable":true,"href":"https:\/\/www.mtess.gov.py\/index.php?rest_route=%2Fwp%2Fv2%2Fcategories&post=6881"},{"taxonomy":"post_tag","embeddable":true,"href":"https:\/\/www.mtess.gov.py\/index.php?rest_route=%2Fwp%2Fv2%2Ftags&post=6881"}],"curies":[{"name":"wp","href":"https:\/\/api.w.org\/{rel}","templated":true}]}}