{"id":6882,"date":"2023-07-10T16:48:00","date_gmt":"2023-07-10T20:48:00","guid":{"rendered":"https:\/\/bi.mtess.gov.py\/v1\/?p=6882"},"modified":"2023-07-10T16:48:00","modified_gmt":"2023-07-10T20:48:00","slug":"mtess-lanzo-nuevos-cursos-y-entrego-certificados-a-egresados-en-mecanica-de-motocicletas-en-barrio-san-francisco","status":"publish","type":"post","link":"https:\/\/www.mtess.gov.py\/?p=6882","title":{"rendered":"MTESS lanz\u00f3 nuevos cursos y entreg\u00f3 certificados a egresados en mec\u00e1nica de motocicletas en barrio San Francisco"},"content":{"rendered":"<p style=\"text-align: justify\"><span style=\"font-size: 16px\">Los cursos que se iniciar\u00e1n en<br \/>\neste mes de julio en el emblem\u00e1tico barrio de Asunci\u00f3n son Oratoria<br \/>\ny castellano,<br \/>\nHabilidades blandas,<br \/>\nAsesor\u00eda de imagen,<br \/>\nEstilismo, Barber\u00eda, Gastronom\u00eda, Costura<br \/>\ny Empremdedurismo.<br \/>\nAdem\u00e1s se ir\u00e1n lanzando otras especialidades conforme a la demanda<br \/>\nde mano de obra calificada en esta zona de la capital del pa\u00eds,<br \/>\nentre ellas otras del<br \/>\n\u00e1rea textil, atendiendo<br \/>\nla pr\u00f3xima instalaci\u00f3n de una f\u00e1brica<br \/>\nen el lugar.<\/span><\/p>\n<p style=\"text-align: justify\"><span style=\"font-size: 16px\">Durante<br \/>\nla ceremonia, la ministra Bacigalupo inform\u00f3<br \/>\nsobre todas<br \/>\nlas<br \/>\nacciones de capacitaci\u00f3n e intermediaci\u00f3n laboral, realizadas en<br \/>\neste barrio en el marco<br \/>\ndel proyecto,<br \/>\nen un foro ciudadano con l\u00edderes comunitarios para seguir<br \/>\nfortaleciendo el capital humano, con miras a la pr\u00f3xima apertura del<br \/>\ntaller de confecci\u00f3n que<br \/>\ndar\u00e1<br \/>\nempleo a los pobladores. En la oportunidad se entregaron<br \/>\nlas primeras m\u00e1quinas que ser\u00e1n utilizadas en la f\u00e1brica textil.<\/span><\/p>\n<p style=\"text-align: justify\"><span style=\"font-size: 16px\">La<br \/>\nministra de Trabajo dijo que m\u00e1s de 330 personas, hombres y mujeres<br \/>\nse capacitaron en var\u00edas especialidades durante la ejecuci\u00f3n del<br \/>\nproyecto \u201cCrece\u201d y que casi todas ellas han conseguido insertarse<br \/>\nal mercado laboral formal y otras han realizado sus propios<br \/>\nemprendimientos. Hoy 60 hombres y 9 mujeres recibieron sus<br \/>\ncertificados en Mec\u00e1nica y electricidad de motocicletas.<br \/>\n<\/span><\/p>\n<p style=\"text-align: justify\"><span style=\"font-size: 16px\">Recordemos<br \/>\nque el Ministerio de<br \/>\nTrabajo, Empleo y Seguridad Social (MTESS)<br \/>\nlleva adelante el proyecto denominado \u201cCrece\u201d en tres barrios de<br \/>\nAsunci\u00f3n considerados<br \/>\nvulnerables para el desarrollo integral de sus habitantes. Los<br \/>\nbeneficiados son del<br \/>\nbarrio San Francisco, Chacarita (Ricardo Brugada) y Ba\u00f1ado Sur,<br \/>\ndonde la cartera de Estado desarrolla acciones de capacitaci\u00f3n,<br \/>\ncertificaci\u00f3n ocupacional, emprendedurismo, intermediaci\u00f3n laboral<br \/>\ny asesoramiento integral sobre derechos laborales.<\/span><\/p>\n","protected":false},"excerpt":{"rendered":"<p>En el marco del proyecto \u201cSan Francisco Crece\u201d, impulsado por el Ministerio de Trabajo, Empleo y Seguridad Social (MTESS), la ministra de la cartera de Estado, Carla Bacigalupo, en la ma\u00f1ana de hoy lanz\u00f3 nuevos cursos y entreg\u00f3 certificados de capacitaci\u00f3n a nuevos profesionales t\u00e9cnicos en el \u00e1rea de mec\u00e1nica de motocicletas.<\/p>\n","protected":false},"author":7,"featured_media":27615,"comment_status":"open","ping_status":"open","sticky":false,"template":"","format":"standard","meta":{"_acf_changed":false,"_uag_custom_page_level_css":"","footnotes":""},"categories":[1],"tags":[],"class_list":["post-6882","post","type-post","status-publish","format-standard","has-post-thumbnail","hentry","category-sin-categoria"],"acf":[],"uagb_featured_image_src":{"full":["https:\/\/www.mtess.gov.py\/wp-content\/uploads\/2023\/07\/1-20240926-183525.jpg",1600,900,false],"thumbnail":["https:\/\/www.mtess.gov.py\/wp-content\/uploads\/2023\/07\/1-20240926-183525-150x150.jpg",150,150,true],"medium":["https:\/\/www.mtess.gov.py\/wp-content\/uploads\/2023\/07\/1-20240926-183525-300x169.jpg",300,169,true],"medium_large":["https:\/\/www.mtess.gov.py\/wp-content\/uploads\/2023\/07\/1-20240926-183525-768x432.jpg",768,432,true],"large":["https:\/\/www.mtess.gov.py\/wp-content\/uploads\/2023\/07\/1-20240926-183525-300x169.jpg",300,169,true],"1536x1536":["https:\/\/www.mtess.gov.py\/wp-content\/uploads\/2023\/07\/1-20240926-183525-1536x864.jpg",1536,864,true],"2048x2048":["https:\/\/www.mtess.gov.py\/wp-content\/uploads\/2023\/07\/1-20240926-183525.jpg",1600,900,false],"depicter-thumbnail":["https:\/\/www.mtess.gov.py\/wp-content\/uploads\/2023\/07\/1-20240926-183525.jpg",200,113,false]},"uagb_author_info":{"display_name":"Lucas Santacruz","author_link":"https:\/\/www.mtess.gov.py\/?author=7"},"uagb_comment_info":0,"uagb_excerpt":"En el marco del proyecto \u201cSan Francisco Crece\u201d, impulsado por el Ministerio de Trabajo, Empleo y Seguridad Social (MTESS), la ministra de la cartera de Estado, Carla Bacigalupo, en la ma\u00f1ana de hoy lanz\u00f3 nuevos cursos y entreg\u00f3 certificados de capacitaci\u00f3n a nuevos profesionales t\u00e9cnicos en el \u00e1rea de mec\u00e1nica de motocicletas.","_links":{"self":[{"href":"https:\/\/www.mtess.gov.py\/index.php?rest_route=\/wp\/v2\/posts\/6882","targetHints":{"allow":["GET"]}}],"collection":[{"href":"https:\/\/www.mtess.gov.py\/index.php?rest_route=\/wp\/v2\/posts"}],"about":[{"href":"https:\/\/www.mtess.gov.py\/index.php?rest_route=\/wp\/v2\/types\/post"}],"author":[{"embeddable":true,"href":"https:\/\/www.mtess.gov.py\/index.php?rest_route=\/wp\/v2\/users\/7"}],"replies":[{"embeddable":true,"href":"https:\/\/www.mtess.gov.py\/index.php?rest_route=%2Fwp%2Fv2%2Fcomments&post=6882"}],"version-history":[{"count":0,"href":"https:\/\/www.mtess.gov.py\/index.php?rest_route=\/wp\/v2\/posts\/6882\/revisions"}],"wp:featuredmedia":[{"embeddable":true,"href":"https:\/\/www.mtess.gov.py\/index.php?rest_route=\/wp\/v2\/media\/27615"}],"wp:attachment":[{"href":"https:\/\/www.mtess.gov.py\/index.php?rest_route=%2Fwp%2Fv2%2Fmedia&parent=6882"}],"wp:term":[{"taxonomy":"category","embeddable":true,"href":"https:\/\/www.mtess.gov.py\/index.php?rest_route=%2Fwp%2Fv2%2Fcategories&post=6882"},{"taxonomy":"post_tag","embeddable":true,"href":"https:\/\/www.mtess.gov.py\/index.php?rest_route=%2Fwp%2Fv2%2Ftags&post=6882"}],"curies":[{"name":"wp","href":"https:\/\/api.w.org\/{rel}","templated":true}]}}