{"id":6937,"date":"2023-04-28T08:45:00","date_gmt":"2023-04-28T12:45:00","guid":{"rendered":"https:\/\/bi.mtess.gov.py\/v1\/?p=6937"},"modified":"2023-04-28T08:45:00","modified_gmt":"2023-04-28T12:45:00","slug":"paraguay-es-el-pais-pionero-en-el-programa-acelerador-global-de-empleo-y-proteccion-social","status":"publish","type":"post","link":"https:\/\/www.mtess.gov.py\/?p=6937","title":{"rendered":"Paraguay es el pa\u00eds pionero en el programa \u201cAcelerador Global de Empleo y Protecci\u00f3n Social\u201d"},"content":{"rendered":"<p style=\"text-align: justify\">La iniciativa cuenta con tres \u00e1reas de trabajo espec\u00edficas que se centran en el desarrollo en cada pa\u00eds de pol\u00edticas y estrategias integradas y coordinadas de empleo y protecci\u00f3n social que faciliten transiciones justas; el establecimiento de marcos nacionales de financiaci\u00f3n y la movilizaci\u00f3n de recursos nacionales e internacionales p\u00fablicos y privados para invertir en protecci\u00f3n social universal e intervenciones de empleo inclusivas, sensibles al medio ambiente y a la igualdad de oportunidades entre hombres y mujeres, con miras a crear empleos de calidad; y la mejora de la cooperaci\u00f3n multilateral en materia de empleo y protecci\u00f3n social para transiciones justas, incluyendo con instituciones financieras internacionales.<\/p>\n<p style=\"text-align: justify\"><span class=\"TextRun SCXW186430103 BCX0\"><span class=\"NormalTextRun SCXW186430103 BCX0\">Los tres pilares interrelacionados del Acelerador Global tienen como objetivo aumentar el nivel y la coordinaci\u00f3n de los esfuerzos del sistema multilateral para ayudar a los pa\u00edses a crear 400 millones de empleos decentes, incluyendo en las econom\u00edas verde, digital y de cuidados, y extender la cobertura de protecci\u00f3n social a <\/span><span class=\"NormalTextRun SCXW186430103 BCX0\">cuatro<\/span><span class=\"NormalTextRun SCXW186430103 BCX0\"> mil millones de personas excluidas actualmente.<\/span><\/span> <\/p>\n<p style=\"text-align: justify\"><span class=\"TextRun SCXW186430103 BCX0\">El Acelerador Global aprovecha un compromiso global conjunto y una visi\u00f3n compartida del sistema de las Naciones Unidas, el Banco Mundial, las IFD, los socios para el desarrollo, el sector privado, las organizaciones de trabajadores y de empleadores, para ayudar a los pa\u00edses pioneros a acelerar sus reformas hacia la creaci\u00f3n de empleos decentes y la protecci\u00f3n social universal para transiciones justas, en consonancia con las prioridades nacionales y los planes de desarrollo.<\/span> <\/p>\n<p style=\"text-align: justify\"><span class=\"TextRun SCXW186430103 BCX0\"><span class=\"NormalTextRun SCXW186430103 BCX0\">\u201cEste enfoque de compromiso y asociaci\u00f3n se traduce y se articula a nivel de pa\u00eds a trav\u00e9s de una hoja de ruta nacional, desarrollada sobre la base de un enfoque de <\/span><span class=\"NormalTextRun SpellingErrorV2Themed SCXW186430103 BCX0\">co-construcci\u00f3n<\/span><span class=\"NormalTextRun SCXW186430103 BCX0\">. Su objetivo es abordar la fragmentaci\u00f3n a trav\u00e9s de un enfoque m\u00e1s racional y coordinado entre los socios para el desarrollo, bajo un marco de resultados com\u00fan que es propiedad del Gobierno. Para la primera fase de implementaci\u00f3n, se elegir\u00e1n algunos pa\u00edses pioneros y este es el caso de Paraguay\u201d, sostuvo la ministra de Trabajo, Empleo y Seguridad Social, Carla Bacigalupo.<\/span><\/span> <\/p>\n<p style=\"text-align: justify\"><span class=\"TextRun SCXW186430103 BCX0\"><span class=\"NormalTextRun SCXW186430103 BCX0\">En otro momento, la <\/span><span class=\"NormalTextRun SCXW186430103 BCX0\">secretaria<\/span> de Estado coment\u00f3 que la noticia fue recibida en la oficina regional de la Organizaci\u00f3n Internacional de Trabajo (OIT) que se encuentra en Chile y agreg\u00f3 que la postulaci\u00f3n requiere una serie de requisitos como el de tener una pol\u00edtica p\u00fablica de empleo como la que Paraguay ha construido desde el Gobierno Nacional con el <\/span><span class=\"NormalTextRun SpellingErrorV2Themed SCXW186430103 BCX0\">tripartismo<\/span> y la OIT, que se encuentra plasmada en el primer Plan Nacional de Empleo tripartito del Paraguay. <\/p>\n","protected":false},"excerpt":{"rendered":"<p>El Acelerador Global del Empleo y la Protecci\u00f3n Social para Transiciones Justas fue lanzado en septiembre de 2021 por el secretario general de la ONU y promueve una recuperaci\u00f3n rica en empleos de la pandemia de COVID-19, as\u00ed como transiciones ecol\u00f3gicas, tecnol\u00f3gicas y sociales justas hacia econom\u00edas y sociedades m\u00e1s sostenibles e inclusivas. Paraguay es el primer pa\u00eds en ser beneficiario de esta cooperaci\u00f3n que significar\u00e1 un impulso vital para la Implementaci\u00f3n de los ejes del Plan Nacional de Empleo.<\/p>\n","protected":false},"author":7,"featured_media":27669,"comment_status":"open","ping_status":"open","sticky":false,"template":"","format":"standard","meta":{"_acf_changed":false,"_uag_custom_page_level_css":"","footnotes":""},"categories":[1],"tags":[],"class_list":["post-6937","post","type-post","status-publish","format-standard","has-post-thumbnail","hentry","category-sin-categoria"],"acf":[],"uagb_featured_image_src":{"full":["https:\/\/www.mtess.gov.py\/wp-content\/uploads\/2023\/04\/photo_2023-04-28_08-44-27-20240926-183555.jpg",1024,768,false],"thumbnail":["https:\/\/www.mtess.gov.py\/wp-content\/uploads\/2023\/04\/photo_2023-04-28_08-44-27-20240926-183555-150x150.jpg",150,150,true],"medium":["https:\/\/www.mtess.gov.py\/wp-content\/uploads\/2023\/04\/photo_2023-04-28_08-44-27-20240926-183555-300x225.jpg",300,225,true],"medium_large":["https:\/\/www.mtess.gov.py\/wp-content\/uploads\/2023\/04\/photo_2023-04-28_08-44-27-20240926-183555-768x576.jpg",768,576,true],"large":["https:\/\/www.mtess.gov.py\/wp-content\/uploads\/2023\/04\/photo_2023-04-28_08-44-27-20240926-183555-300x225.jpg",300,225,true],"1536x1536":["https:\/\/www.mtess.gov.py\/wp-content\/uploads\/2023\/04\/photo_2023-04-28_08-44-27-20240926-183555.jpg",1024,768,false],"2048x2048":["https:\/\/www.mtess.gov.py\/wp-content\/uploads\/2023\/04\/photo_2023-04-28_08-44-27-20240926-183555.jpg",1024,768,false],"depicter-thumbnail":["https:\/\/www.mtess.gov.py\/wp-content\/uploads\/2023\/04\/photo_2023-04-28_08-44-27-20240926-183555.jpg",200,150,false]},"uagb_author_info":{"display_name":"Lucas Santacruz","author_link":"https:\/\/www.mtess.gov.py\/?author=7"},"uagb_comment_info":0,"uagb_excerpt":"El Acelerador Global del Empleo y la Protecci\u00f3n Social para Transiciones Justas fue lanzado en septiembre de 2021 por el secretario general de la ONU y promueve una recuperaci\u00f3n rica en empleos de la pandemia de COVID-19, as\u00ed como transiciones ecol\u00f3gicas, tecnol\u00f3gicas y sociales justas hacia econom\u00edas y sociedades m\u00e1s sostenibles e inclusivas. Paraguay es&hellip;","_links":{"self":[{"href":"https:\/\/www.mtess.gov.py\/index.php?rest_route=\/wp\/v2\/posts\/6937","targetHints":{"allow":["GET"]}}],"collection":[{"href":"https:\/\/www.mtess.gov.py\/index.php?rest_route=\/wp\/v2\/posts"}],"about":[{"href":"https:\/\/www.mtess.gov.py\/index.php?rest_route=\/wp\/v2\/types\/post"}],"author":[{"embeddable":true,"href":"https:\/\/www.mtess.gov.py\/index.php?rest_route=\/wp\/v2\/users\/7"}],"replies":[{"embeddable":true,"href":"https:\/\/www.mtess.gov.py\/index.php?rest_route=%2Fwp%2Fv2%2Fcomments&post=6937"}],"version-history":[{"count":0,"href":"https:\/\/www.mtess.gov.py\/index.php?rest_route=\/wp\/v2\/posts\/6937\/revisions"}],"wp:featuredmedia":[{"embeddable":true,"href":"https:\/\/www.mtess.gov.py\/index.php?rest_route=\/wp\/v2\/media\/27669"}],"wp:attachment":[{"href":"https:\/\/www.mtess.gov.py\/index.php?rest_route=%2Fwp%2Fv2%2Fmedia&parent=6937"}],"wp:term":[{"taxonomy":"category","embeddable":true,"href":"https:\/\/www.mtess.gov.py\/index.php?rest_route=%2Fwp%2Fv2%2Fcategories&post=6937"},{"taxonomy":"post_tag","embeddable":true,"href":"https:\/\/www.mtess.gov.py\/index.php?rest_route=%2Fwp%2Fv2%2Ftags&post=6937"}],"curies":[{"name":"wp","href":"https:\/\/api.w.org\/{rel}","templated":true}]}}