{"id":6941,"date":"2023-04-21T19:44:00","date_gmt":"2023-04-21T23:44:00","guid":{"rendered":"https:\/\/bi.mtess.gov.py\/v1\/?p=6941"},"modified":"2023-04-21T19:44:00","modified_gmt":"2023-04-21T23:44:00","slug":"paises-iberoamericanos-impulsan-la-formalizacion-laboral-de-las-mujeres-en-la-region","status":"publish","type":"post","link":"https:\/\/www.mtess.gov.py\/?p=6941","title":{"rendered":"Pa\u00edses iberoamericanos impulsan la formalizaci\u00f3n laboral de las mujeres en la regi\u00f3n"},"content":{"rendered":"<p style=\"text-align: justify\"><span style=\"font-size: 16px\">En<br \/>\nencuentro tuvo lugar en<br \/>\nPaseo La Galer\u00eda, en Asunci\u00f3n, con<br \/>\nla participaci\u00f3n de representantes de los pa\u00edses iberoamericanos.<br \/>\nDurante el evento, la ministra de Trabajo, Carla<br \/>\nBacigalupo, al igual que otras autoridades, expusieron sobre la<br \/>\nsituaci\u00f3n de la seguridad social en la regi\u00f3n y sobre todo del<br \/>\nempleo de las mujeres en relaci\u00f3n a los hombres. Todos coincidieron<br \/>\nen se\u00f1alar la necesidad de avanzar en la implementaci\u00f3n de nuevas<br \/>\npol\u00edticas para que cada vez m\u00e1s trabajadores tengan la protecci\u00f3n<br \/>\nsocial. Durante las jornadas la ministra de Trabajo de Paraguay,<br \/>\nCarla Bacigalupo, recibi\u00f3 una distinci\u00f3n de la OISS, al igual que<br \/>\nautoridades de otros pa\u00edses por las gestiones realizadas en materia<br \/>\nde seguridad social.<\/span><\/p>\n<p style=\"text-align: justify\"><span style=\"font-size: 16px\">El<br \/>\n\u201cV encuentro iberoamericano sobre equidad de g\u00e9nero y seguridad<br \/>\nsocial\u201d emiti\u00f3 un<br \/>\ndocumento de recomendaciones en el que resalta el di\u00e1logo social<br \/>\ncomo principal herramienta para<br \/>\nconseguir los objetivos trazados. \u201cDurante estos d\u00edas y<br \/>\nconsiderando las<br \/>\npresentaciones<br \/>\nhemos observado que la protecci\u00f3n de las trabajadores m\u00e1s<br \/>\nvulnerables es una preocupaci\u00f3n com\u00fan como tambi\u00e9n la<br \/>\nbrecha de g\u00e9nero y que se aborde las vinculaciones entre g\u00e9nero y<br \/>\npobreza; esto resulta fundamental en un contexto de inestabilidad e<br \/>\nincertidumbre como el que vivimos en la actualidad\u201d, indica.<\/span><\/p>\n<p style=\"text-align: justify\"><span style=\"font-size: 16px\">En<br \/>\notra parte de las conclusiones y recomendaciones se\u00f1ala: \u201cCreemos<br \/>\nen base a nuestras experiencias que la informalidad precarisa y<br \/>\nestigmatiza sobre todo a las mujeres. La pandemia y las actuales<br \/>\ncrisis econ\u00f3micas y sociales nos muestran que es necesario actuar<br \/>\npara evitar la pobreza, la informalidad, la falta de desarrollo, y<br \/>\neso requiere acciones urgentes y firmes. Esto<br \/>\nes  clave en la generaci\u00f3n de un nuevo contrato social que la<br \/>\nciudadan\u00eda demanda. Somos conscientes y reiteramos nuestro<br \/>\ncompromiso con la necesidad de seguir trabajando en cumplir con los<br \/>\nobjetivos para el desarrollo sostenible y eso solo es posible con una<br \/>\nacci\u00f3n conjunta, inspirada en los principios de justicia social y<br \/>\nbasada en nuestra experiencia compartida; en ese contexto el di\u00e1logo<br \/>\nsocial es la instituci\u00f3n esencial que legitima y facilita conseguir<br \/>\nnuestros objetivos\u201d, manifiesta.<\/span><\/p>\n<p style=\"text-align: justify\"><span style=\"font-size: 16px\">Resalta<br \/>\nasimismo la necesidad del fortalecimiento institucional de la<br \/>\nprotecci\u00f3n social as\u00ed como la generaci\u00f3n de pol\u00edticas coherentes<br \/>\ny comprensivas que permitan respuestas a las necesidades de la<br \/>\nciudadan\u00eda. Se\u00f1ala que la regi\u00f3n demanda m\u00e1s que nunca medidas<br \/>\ncontundentes para avanzar firmemente en un sendero de mayor justicia<br \/>\nsocial y menor desigualdad, donde el empleo decente sea la norma y no<br \/>\nla excepci\u00f3n, donde el trabajo sea una v\u00eda para vivir dignamente y<br \/>\nfuera de la pobreza.<\/span><\/p>\n","protected":false},"excerpt":{"rendered":"<p>Asunci\u00f3n fue sede por dos d\u00edas del \u201cV encuentro iberoamericano sobre equidad de g\u00e9nero y seguridad social\u201d, que en esta ocasi\u00f3n tuvo como tema central el fomento de la formalizaci\u00f3n laboral de las mujeres en Iberoam\u00e9rica. Esta actividad fue realizada este jueves y viernes por la Organizaci\u00f3n Iberoamericana de Seguridad Social (OISS), junto con el Ministerio de Trabajo, Empleo y Seguridad Social (MTESS) de nuestro pa\u00eds, con el apoyo de la Agencia Espa\u00f1ola de Cooperaci\u00f3n Internacional para el Desarrollo (AECID).<\/p>\n","protected":false},"author":7,"featured_media":27673,"comment_status":"open","ping_status":"open","sticky":false,"template":"","format":"standard","meta":{"_acf_changed":false,"_uag_custom_page_level_css":"","footnotes":""},"categories":[1],"tags":[],"class_list":["post-6941","post","type-post","status-publish","format-standard","has-post-thumbnail","hentry","category-sin-categoria"],"acf":[],"uagb_featured_image_src":{"full":["https:\/\/www.mtess.gov.py\/wp-content\/uploads\/2023\/04\/3-6.jpg",1280,853,false],"thumbnail":["https:\/\/www.mtess.gov.py\/wp-content\/uploads\/2023\/04\/3-6-150x150.jpg",150,150,true],"medium":["https:\/\/www.mtess.gov.py\/wp-content\/uploads\/2023\/04\/3-6-300x200.jpg",300,200,true],"medium_large":["https:\/\/www.mtess.gov.py\/wp-content\/uploads\/2023\/04\/3-6-768x512.jpg",768,512,true],"large":["https:\/\/www.mtess.gov.py\/wp-content\/uploads\/2023\/04\/3-6-300x200.jpg",300,200,true],"1536x1536":["https:\/\/www.mtess.gov.py\/wp-content\/uploads\/2023\/04\/3-6.jpg",1280,853,false],"2048x2048":["https:\/\/www.mtess.gov.py\/wp-content\/uploads\/2023\/04\/3-6.jpg",1280,853,false],"depicter-thumbnail":["https:\/\/www.mtess.gov.py\/wp-content\/uploads\/2023\/04\/3-6.jpg",200,133,false]},"uagb_author_info":{"display_name":"Lucas Santacruz","author_link":"https:\/\/www.mtess.gov.py\/?author=7"},"uagb_comment_info":0,"uagb_excerpt":"Asunci\u00f3n fue sede por dos d\u00edas del \u201cV encuentro iberoamericano sobre equidad de g\u00e9nero y seguridad social\u201d, que en esta ocasi\u00f3n tuvo como tema central el fomento de la formalizaci\u00f3n laboral de las mujeres en Iberoam\u00e9rica. Esta actividad fue realizada este jueves y viernes por la Organizaci\u00f3n Iberoamericana de Seguridad Social (OISS), junto con el&hellip;","_links":{"self":[{"href":"https:\/\/www.mtess.gov.py\/index.php?rest_route=\/wp\/v2\/posts\/6941","targetHints":{"allow":["GET"]}}],"collection":[{"href":"https:\/\/www.mtess.gov.py\/index.php?rest_route=\/wp\/v2\/posts"}],"about":[{"href":"https:\/\/www.mtess.gov.py\/index.php?rest_route=\/wp\/v2\/types\/post"}],"author":[{"embeddable":true,"href":"https:\/\/www.mtess.gov.py\/index.php?rest_route=\/wp\/v2\/users\/7"}],"replies":[{"embeddable":true,"href":"https:\/\/www.mtess.gov.py\/index.php?rest_route=%2Fwp%2Fv2%2Fcomments&post=6941"}],"version-history":[{"count":0,"href":"https:\/\/www.mtess.gov.py\/index.php?rest_route=\/wp\/v2\/posts\/6941\/revisions"}],"wp:featuredmedia":[{"embeddable":true,"href":"https:\/\/www.mtess.gov.py\/index.php?rest_route=\/wp\/v2\/media\/27673"}],"wp:attachment":[{"href":"https:\/\/www.mtess.gov.py\/index.php?rest_route=%2Fwp%2Fv2%2Fmedia&parent=6941"}],"wp:term":[{"taxonomy":"category","embeddable":true,"href":"https:\/\/www.mtess.gov.py\/index.php?rest_route=%2Fwp%2Fv2%2Fcategories&post=6941"},{"taxonomy":"post_tag","embeddable":true,"href":"https:\/\/www.mtess.gov.py\/index.php?rest_route=%2Fwp%2Fv2%2Ftags&post=6941"}],"curies":[{"name":"wp","href":"https:\/\/api.w.org\/{rel}","templated":true}]}}