{"id":6942,"date":"2023-04-20T18:55:00","date_gmt":"2023-04-20T22:55:00","guid":{"rendered":"https:\/\/bi.mtess.gov.py\/v1\/?p=6942"},"modified":"2023-04-20T18:55:00","modified_gmt":"2023-04-20T22:55:00","slug":"esta-tarde-se-inicio-el-v-encuentro-iberoamericano-sobre-equidad-de-genero-y-seguridad-social-en-asuncion","status":"publish","type":"post","link":"https:\/\/www.mtess.gov.py\/?p=6942","title":{"rendered":"Esta tarde se inici\u00f3 el \u201cV encuentro iberoamericano sobre equidad de g\u00e9nero y seguridad social\u201d en Asunci\u00f3n"},"content":{"rendered":"<p style=\"text-align: justify\"><span style=\"font-size: 16px\">La informalidad laboral es una<br \/>\ncaracter\u00edstica estructural en el mercado de trabajo de la regi\u00f3n,<br \/>\ndonde m\u00e1s de la mitad del empleo se realiza al margen de los<br \/>\nsistemas de cobertura social, seg\u00fan datos de la Organizaci\u00f3n<br \/>\nInternacional del Trabajo (OIT) 2022. Sea en el trabajo dom\u00e9stico,<br \/>\nen la agricultura, en subcontratas del sector industrial o en la<br \/>\nventa ambulante -entre otros- las mujeres<\/span><\/p>\n<p style=\"text-align: justify\"><span style=\"font-size: 16px\">se<br \/>\nencuentran sobrerrepresentadas en la econom\u00eda sumergida, con un<br \/>\n54.3% de tasa de empleo informal. No obstante, esta cifra aumenta si<br \/>\nnos enfocamos en las mujeres j\u00f3venes o en las adultas mayores, ya<br \/>\nque la informalidad se vincula con diversas interseccionalidades,<br \/>\ncomo la discapacidad, el entorno rural, la pertenencia a comunidades.<\/span><\/p>\n<p style=\"text-align: justify\"><span style=\"font-size: 16px\">Con<br \/>\nel fin de analizar la<br \/>\nsituaci\u00f3n actual y los avances de<br \/>\nlas instituciones de seguridad social de la regi\u00f3n, la<br \/>\nOrganizaci\u00f3n<br \/>\nIberoamericana de Seguridad Social (OISS), junto al Ministerio de<br \/>\nTrabajo, Empleo y Seguridad Social (MTESS)<br \/>\nde nuestro pa\u00eds, con el<br \/>\napoyo de la<br \/>\nAgencia Espa\u00f1ola de Cooperaci\u00f3n Internacional para el Desarrollo<br \/>\n(AECID) llevan adelante<br \/>\neste encuentro<br \/>\ncon la participaci\u00f3n de representantes de los pa\u00edses miembros.<\/span><\/p>\n<p style=\"text-align: justify\"><span style=\"font-size: 16px\">El<br \/>\nprimer encuentro fue celebrado<br \/>\nen Colombia en el 2016 con<br \/>\nel tema de \u201cEquidad de<br \/>\nG\u00e9nero para el desarrollo y la paz\u201d; luego<br \/>\nen Costa Rica (2017) \u201cLa<br \/>\nincidencia de las tareas de cuidados en la equidad de g\u00e9nero en los<br \/>\nsistemas de protecci\u00f3n social\u201d; posteriormente<br \/>\ntuvo lugar en Uruguay<br \/>\n(2018) \u201cLos desaf\u00edos de la seguridad social desde la perspectiva<br \/>\nde g\u00e9nero\u201d; y el a\u00f1o<br \/>\npasado se realiz\u00f3 en<br \/>\nEspa\u00f1a, con el an\u00e1lisis<br \/>\nde \u201cG\u00e9nero, justicia, y<br \/>\nprocesos judiciales relativos a la Seguridad Social\u201d.<\/span><\/p>\n<p style=\"text-align: justify\"><span style=\"font-size: 16px\">Asimismo,<br \/>\neste encuentro da seguimiento a las recomendaciones realizadas en el<br \/>\nprimer \u201cForo sobre retos de la formalizaci\u00f3n laboral en<br \/>\nIberoam\u00e9rica\u201d celebrado en Bogot\u00e1, en octubre del<br \/>\na\u00f1o pasado, convocado por<br \/>\nla OISS y el Ministerio<br \/>\ndel Trabajo de Colombia, en el que se enfatiz\u00f3 la importancia de<br \/>\nabordar la perspectiva de g\u00e9nero en esta problem\u00e1tica<\/span><\/p>\n<p style=\"text-align: justify\"><strong><span style=\"font-size: 16px\">OBJETIVOS<br \/>\nDEL ENCUENTRO<\/span><\/strong><\/p>\n<p style=\"text-align: justify\"><span style=\"font-size: 16px\">\u2022<br \/>\nVisibilizar la situaci\u00f3n de las<br \/>\nmujeres en el mundo laboral y la importancia de formular pol\u00edticas<br \/>\np\u00fablicas de formalizaci\u00f3n laboral con perspectiva de g\u00e9nero.<br \/>\n<\/span><\/p>\n<p style=\"text-align: justify\"><span style=\"font-size: 16px\">\u2022<br \/>\nSensibilizar a las instituciones<br \/>\nde seguridad social de los pa\u00edses iberoamericanos sobre la<br \/>\nimportancia de incluir la perspectiva de g\u00e9nero en sus acciones de<br \/>\nfomento de la ampliaci\u00f3n de cobertura o en la universalizaci\u00f3n de<br \/>\nla seguridad social.<br \/>\n<\/span><\/p>\n<p style=\"text-align: justify\"><span style=\"font-size: 16px\">\u2022<br \/>\nIdentificar y analizar las<br \/>\nexperiencias de diversas instituciones y compartir aprendizajes que<br \/>\npuedan ser aplicables en otros pa\u00edses.<br \/>\n<\/span><\/p>\n<p style=\"text-align: justify\"><span style=\"font-size: 16px\">\u2022<br \/>\nImpulsar el desarrollo de redes<br \/>\nde colaboraci\u00f3n para cuestiones de g\u00e9nero entre responsables de<br \/>\nentidades de seguridad social y de protecci\u00f3n social.<\/span><\/p>\n","protected":false},"excerpt":{"rendered":"<p>En la tarde de hoy se inici\u00f3 en nuestro pa\u00eds el \u201cV encuentro iberoamericano sobre equidad de g\u00e9nero y seguridad social\u201d, que en esta ocasi\u00f3n tiene como tema central el fomento a la formalizaci\u00f3n laboral de las mujeres en Iberoam\u00e9rica. La reuni\u00f3n, que se extender\u00e1 hasta ma\u00f1ana, tiene lugar en Paseo La Galer\u00eda, en Asunci\u00f3n. La secretaria general de la Organizaci\u00f3n Iberoamericana de Seguridad Social (OISS), Gina Magnolia Ria\u00f1o Bar\u00f3n y la ministra de Trabajo de Paraguay, Carla Bacigalupo, dieron apertura del encuentro.<\/p>\n","protected":false},"author":7,"featured_media":27674,"comment_status":"open","ping_status":"open","sticky":false,"template":"","format":"standard","meta":{"_acf_changed":false,"_uag_custom_page_level_css":"","footnotes":""},"categories":[1],"tags":[],"class_list":["post-6942","post","type-post","status-publish","format-standard","has-post-thumbnail","hentry","category-sin-categoria"],"acf":[],"uagb_featured_image_src":{"full":["https:\/\/www.mtess.gov.py\/wp-content\/uploads\/2023\/04\/1_2-6.jpg",1560,1040,false],"thumbnail":["https:\/\/www.mtess.gov.py\/wp-content\/uploads\/2023\/04\/1_2-6-150x150.jpg",150,150,true],"medium":["https:\/\/www.mtess.gov.py\/wp-content\/uploads\/2023\/04\/1_2-6-300x200.jpg",300,200,true],"medium_large":["https:\/\/www.mtess.gov.py\/wp-content\/uploads\/2023\/04\/1_2-6-768x512.jpg",768,512,true],"large":["https:\/\/www.mtess.gov.py\/wp-content\/uploads\/2023\/04\/1_2-6-300x200.jpg",300,200,true],"1536x1536":["https:\/\/www.mtess.gov.py\/wp-content\/uploads\/2023\/04\/1_2-6-1536x1024.jpg",1536,1024,true],"2048x2048":["https:\/\/www.mtess.gov.py\/wp-content\/uploads\/2023\/04\/1_2-6.jpg",1560,1040,false],"depicter-thumbnail":["https:\/\/www.mtess.gov.py\/wp-content\/uploads\/2023\/04\/1_2-6.jpg",200,133,false]},"uagb_author_info":{"display_name":"Lucas Santacruz","author_link":"https:\/\/www.mtess.gov.py\/?author=7"},"uagb_comment_info":0,"uagb_excerpt":"En la tarde de hoy se inici\u00f3 en nuestro pa\u00eds el \u201cV encuentro iberoamericano sobre equidad de g\u00e9nero y seguridad social\u201d, que en esta ocasi\u00f3n tiene como tema central el fomento a la formalizaci\u00f3n laboral de las mujeres en Iberoam\u00e9rica. La reuni\u00f3n, que se extender\u00e1 hasta ma\u00f1ana, tiene lugar en Paseo La Galer\u00eda, en Asunci\u00f3n.&hellip;","_links":{"self":[{"href":"https:\/\/www.mtess.gov.py\/index.php?rest_route=\/wp\/v2\/posts\/6942","targetHints":{"allow":["GET"]}}],"collection":[{"href":"https:\/\/www.mtess.gov.py\/index.php?rest_route=\/wp\/v2\/posts"}],"about":[{"href":"https:\/\/www.mtess.gov.py\/index.php?rest_route=\/wp\/v2\/types\/post"}],"author":[{"embeddable":true,"href":"https:\/\/www.mtess.gov.py\/index.php?rest_route=\/wp\/v2\/users\/7"}],"replies":[{"embeddable":true,"href":"https:\/\/www.mtess.gov.py\/index.php?rest_route=%2Fwp%2Fv2%2Fcomments&post=6942"}],"version-history":[{"count":0,"href":"https:\/\/www.mtess.gov.py\/index.php?rest_route=\/wp\/v2\/posts\/6942\/revisions"}],"wp:featuredmedia":[{"embeddable":true,"href":"https:\/\/www.mtess.gov.py\/index.php?rest_route=\/wp\/v2\/media\/27674"}],"wp:attachment":[{"href":"https:\/\/www.mtess.gov.py\/index.php?rest_route=%2Fwp%2Fv2%2Fmedia&parent=6942"}],"wp:term":[{"taxonomy":"category","embeddable":true,"href":"https:\/\/www.mtess.gov.py\/index.php?rest_route=%2Fwp%2Fv2%2Fcategories&post=6942"},{"taxonomy":"post_tag","embeddable":true,"href":"https:\/\/www.mtess.gov.py\/index.php?rest_route=%2Fwp%2Fv2%2Ftags&post=6942"}],"curies":[{"name":"wp","href":"https:\/\/api.w.org\/{rel}","templated":true}]}}