{"id":6945,"date":"2023-04-19T11:48:00","date_gmt":"2023-04-19T15:48:00","guid":{"rendered":"https:\/\/bi.mtess.gov.py\/v1\/?p=6945"},"modified":"2023-04-19T11:48:00","modified_gmt":"2023-04-19T15:48:00","slug":"paraguay-sera-sede-del-v-encuentro-iberoamericano-sobre-equidad-de-genero-y-seguridad-social","status":"publish","type":"post","link":"https:\/\/www.mtess.gov.py\/?p=6945","title":{"rendered":"Paraguay ser\u00e1 sede del \u201cV encuentro iberoamericano sobre equidad de g\u00e9nero y seguridad social\u201d"},"content":{"rendered":"<p style=\"text-align: justify\"><span style=\"font-size: 16px\">Esta actividad es convocada por<br \/>\nla Organizaci\u00f3n Iberoamericana de Seguridad Social (OISS), junto con<br \/>\nel Ministerio de Trabajo, Empleo y Seguridad Social (MTESS) de<br \/>\nnuestro pa\u00eds, con el apoyo de la Agencia Espa\u00f1ola de Cooperaci\u00f3n<br \/>\nInternacional para el Desarrollo (AECID).<\/span><\/p>\n<p style=\"text-align: justify\">\n<strong><span style=\"font-size: 16px\">CONFERENCIA DE<br \/>\nPRENSA<\/span><\/strong><\/p>\n<p style=\"text-align: justify\"><span style=\"font-size: 16px\">Ma\u00f1ana, a las 13:30, al inicio del evento, Gina<br \/>\nMagnolia Ria\u00f1o Bar\u00f3n, secretaria general de la Organizaci\u00f3n<br \/>\nIberoamericana de Seguridad Social (OISS) y la ministra de Trabajo de<br \/>\nParaguay, Carla Bacigalupo, en una conferencia de prensa brindar\u00e1n<br \/>\ndetalles del encuentro que reunir\u00e1 a representantes de los pa\u00edses<br \/>\nmiembros.<br \/>\nEsta actividad se realizar\u00e1 en Torres Hotel y Centro<br \/>\nde Eventos, ubicado en el complejo Paseo La Galer\u00eda, Torre 1, piso<br \/>\n9, Avda. Santa Teresa y Aviadores del Chaco, de Asunci\u00f3n.<\/span><\/p>\n<p style=\"text-align: justify\"><strong><span style=\"font-size: 16px\">OBJETIVOS<br \/>\nDEL ENCUENTRO<\/span><\/strong><\/p>\n<p style=\"text-align: justify\"><span style=\"font-size: 16px\">\u2013 Sensibilizar a las instituciones de<br \/>\nseguridad social de los pa\u00edses iberoamericanos sobre la importancia<br \/>\nde incluir la perspectiva de g\u00e9nero en sus acciones de fomento de la<br \/>\nformalizaci\u00f3n laboral;<br \/>\n\u2013  Identificar y analizar las<br \/>\nexperiencias de diversas instituciones y extraer aprendizajes que<br \/>\npuedan ser aplicables en otros pa\u00edses;<br \/>\n\u2013 Impulsar el<br \/>\ndesarrollo de redes de colaboraci\u00f3n para cuestiones de g\u00e9nero entre<br \/>\nresponsables de entidades de seguridad social y de protecci\u00f3n<br \/>\nsocial.<\/span><\/p>\n","protected":false},"excerpt":{"rendered":"<p>Este jueves 20 y viernes 21 de abril, se llevar\u00e1 a cabo en nuestro pa\u00eds el V encuentro iberoamericano sobre equidad de g\u00e9nero y seguridad social, que en esta ocasi\u00f3n tendr\u00e1 como tema central el fomento a la formalizaci\u00f3n laboral de las mujeres en Iberoam\u00e9rica.<\/p>\n","protected":false},"author":7,"featured_media":27677,"comment_status":"open","ping_status":"open","sticky":false,"template":"","format":"standard","meta":{"_acf_changed":false,"_uag_custom_page_level_css":"","footnotes":""},"categories":[1],"tags":[],"class_list":["post-6945","post","type-post","status-publish","format-standard","has-post-thumbnail","hentry","category-sin-categoria"],"acf":[],"uagb_featured_image_src":{"full":["https:\/\/www.mtess.gov.py\/wp-content\/uploads\/2023\/04\/OISS_-_invitacion_19-04-23-20240926-183559.jpg",1600,761,false],"thumbnail":["https:\/\/www.mtess.gov.py\/wp-content\/uploads\/2023\/04\/OISS_-_invitacion_19-04-23-20240926-183559-150x150.jpg",150,150,true],"medium":["https:\/\/www.mtess.gov.py\/wp-content\/uploads\/2023\/04\/OISS_-_invitacion_19-04-23-20240926-183559-300x143.jpg",300,143,true],"medium_large":["https:\/\/www.mtess.gov.py\/wp-content\/uploads\/2023\/04\/OISS_-_invitacion_19-04-23-20240926-183559-768x365.jpg",768,365,true],"large":["https:\/\/www.mtess.gov.py\/wp-content\/uploads\/2023\/04\/OISS_-_invitacion_19-04-23-20240926-183559-300x143.jpg",300,143,true],"1536x1536":["https:\/\/www.mtess.gov.py\/wp-content\/uploads\/2023\/04\/OISS_-_invitacion_19-04-23-20240926-183559-1536x731.jpg",1536,731,true],"2048x2048":["https:\/\/www.mtess.gov.py\/wp-content\/uploads\/2023\/04\/OISS_-_invitacion_19-04-23-20240926-183559.jpg",1600,761,false],"depicter-thumbnail":["https:\/\/www.mtess.gov.py\/wp-content\/uploads\/2023\/04\/OISS_-_invitacion_19-04-23-20240926-183559.jpg",200,95,false]},"uagb_author_info":{"display_name":"Lucas Santacruz","author_link":"https:\/\/www.mtess.gov.py\/?author=7"},"uagb_comment_info":0,"uagb_excerpt":"Este jueves 20 y viernes 21 de abril, se llevar\u00e1 a cabo en nuestro pa\u00eds el V encuentro iberoamericano sobre equidad de g\u00e9nero y seguridad social, que en esta ocasi\u00f3n tendr\u00e1 como tema central el fomento a la formalizaci\u00f3n laboral de las mujeres en Iberoam\u00e9rica.","_links":{"self":[{"href":"https:\/\/www.mtess.gov.py\/index.php?rest_route=\/wp\/v2\/posts\/6945","targetHints":{"allow":["GET"]}}],"collection":[{"href":"https:\/\/www.mtess.gov.py\/index.php?rest_route=\/wp\/v2\/posts"}],"about":[{"href":"https:\/\/www.mtess.gov.py\/index.php?rest_route=\/wp\/v2\/types\/post"}],"author":[{"embeddable":true,"href":"https:\/\/www.mtess.gov.py\/index.php?rest_route=\/wp\/v2\/users\/7"}],"replies":[{"embeddable":true,"href":"https:\/\/www.mtess.gov.py\/index.php?rest_route=%2Fwp%2Fv2%2Fcomments&post=6945"}],"version-history":[{"count":0,"href":"https:\/\/www.mtess.gov.py\/index.php?rest_route=\/wp\/v2\/posts\/6945\/revisions"}],"wp:featuredmedia":[{"embeddable":true,"href":"https:\/\/www.mtess.gov.py\/index.php?rest_route=\/wp\/v2\/media\/27677"}],"wp:attachment":[{"href":"https:\/\/www.mtess.gov.py\/index.php?rest_route=%2Fwp%2Fv2%2Fmedia&parent=6945"}],"wp:term":[{"taxonomy":"category","embeddable":true,"href":"https:\/\/www.mtess.gov.py\/index.php?rest_route=%2Fwp%2Fv2%2Fcategories&post=6945"},{"taxonomy":"post_tag","embeddable":true,"href":"https:\/\/www.mtess.gov.py\/index.php?rest_route=%2Fwp%2Fv2%2Ftags&post=6945"}],"curies":[{"name":"wp","href":"https:\/\/api.w.org\/{rel}","templated":true}]}}