{"id":6953,"date":"2023-03-31T12:28:00","date_gmt":"2023-03-31T16:28:00","guid":{"rendered":"https:\/\/bi.mtess.gov.py\/v1\/?p=6953"},"modified":"2023-03-31T12:28:00","modified_gmt":"2023-03-31T16:28:00","slug":"el-ministerio-de-trabajo-invita-a-las-empresas-a-ser-parte-del-programa-de-formacion-dual","status":"publish","type":"post","link":"https:\/\/www.mtess.gov.py\/?p=6953","title":{"rendered":"El Ministerio de Trabajo invita a las empresas a ser parte del Programa de Formaci\u00f3n Dual"},"content":{"rendered":"<p style=\"text-align: justify\">El modelo de formaci\u00f3n dual es una modalidad de ense\u00f1anza que se basa en un r\u00e9gimen de capacitaci\u00f3n combinada, es decir 70% de pr\u00e1ctica en las empresas y 30% de clases te\u00f3ricas en el Servicio Nacional de Promoci\u00f3n Profesional (SNPP), conforme a un plan curricular. Su duraci\u00f3n es de dos a\u00f1os y los aprendices perciben un salario de las empresas, con seguro del Instituto de Previsi\u00f3n Social (IPS).<\/p>\n<p style=\"text-align: justify\">El Programa de Formaci\u00f3n Profesional Dual de la cartera de Estado es una estrategia de aprendizaje que es implementado tambi\u00e9n en varios otros pa\u00edses con mucho \u00e9xito y tiene como objeto preparar a los aprendices para su vida profesional, implementando carreras de formaci\u00f3n en profesiones espec\u00edficas, conforme a la demanda del mercado laboral.<\/p>\n<p style=\"text-align: justify\">El Ministerio de Trabajo impulsa el Programa de Formaci\u00f3n Dual en el marco del Plan Nacional de Empleo. Entre las empresas que ya forman del programa est\u00e1n Nestl\u00e9, De La Sobera,  MSC, IDESA, Manpower, Prosegur, Grupo Universo, Automaq, INC, Ferreventas,  Pepsi, Wal Metal\u00fargica, Tosoni Preda, Corsat, Ande, Rieder, entre otras firmas. <\/p>\n<p style=\"text-align: justify\">El sistema de formaci\u00f3n brinda ventajas a las empresas, que a la vez apoyan a los j\u00f3venes a conseguir sus primeras experiencias laborales y formalizar el primer empleo si son escogidos por las firmas al terminar su periodo de capacitaci\u00f3n. M\u00e1s de 400 j\u00f3venes ya fueron beneficiados por esta modalidad de formaci\u00f3n con posibilidades de inserci\u00f3n laboral. <\/p>\n<p style=\"text-align: justify\">Las carreras que est\u00e1n habilitadas en esta modalidad son Programaci\u00f3n de sistemas, Asistente administrativo, Gesti\u00f3n comercial, Mec\u00e1nica industrial, Mec\u00e1nica automotriz, Mec\u00e1nica de maquinarias pesadas, Electr\u00f3nica industrial, Electricidad industrial, Electricidad de redes y, Electromec\u00e1nica. Se ir\u00e1n habilitando m\u00e1s carreras t\u00e9cnicas duales seg\u00fan las necesidades de las empresas.<\/p>\n<p style=\"text-align: justify\">Los empleadores que quieran ingresar al Programa de Formaci\u00f3n Dual pueden informarse a trav\u00e9s de los n\u00fameros telef\u00f3nicos 0981-240709 y 0981-386299.<\/p>\n","protected":false},"excerpt":{"rendered":"<p>El Ministerio de Trabajo, Empleo y Seguridad Social (MTESS) viene implementando el Programa de Formaci\u00f3n Dual conjuntamente con varias empresas, que implica 30 % de clases te\u00f3ricas y 70 % de pr\u00e1ctica, es decir el trabajador aprendiz aprende su oficio haciendo las tareas en los locales de las empresas. La cartera de Estado invita a todas las firmas establecidas formalmente a ser parte de este sistema de formaci\u00f3n.<\/p>\n","protected":false},"author":7,"featured_media":27685,"comment_status":"open","ping_status":"open","sticky":false,"template":"","format":"standard","meta":{"_acf_changed":false,"_uag_custom_page_level_css":"","footnotes":""},"categories":[1],"tags":[],"class_list":["post-6953","post","type-post","status-publish","format-standard","has-post-thumbnail","hentry","category-sin-categoria"],"acf":[],"uagb_featured_image_src":{"full":["https:\/\/www.mtess.gov.py\/wp-content\/uploads\/2023\/03\/photo_2023-03-31_12-24-55-20240926-183605.jpg",902,1080,false],"thumbnail":["https:\/\/www.mtess.gov.py\/wp-content\/uploads\/2023\/03\/photo_2023-03-31_12-24-55-20240926-183605-150x150.jpg",150,150,true],"medium":["https:\/\/www.mtess.gov.py\/wp-content\/uploads\/2023\/03\/photo_2023-03-31_12-24-55-20240926-183605-251x300.jpg",251,300,true],"medium_large":["https:\/\/www.mtess.gov.py\/wp-content\/uploads\/2023\/03\/photo_2023-03-31_12-24-55-20240926-183605-768x920.jpg",768,920,true],"large":["https:\/\/www.mtess.gov.py\/wp-content\/uploads\/2023\/03\/photo_2023-03-31_12-24-55-20240926-183605-251x300.jpg",251,300,true],"1536x1536":["https:\/\/www.mtess.gov.py\/wp-content\/uploads\/2023\/03\/photo_2023-03-31_12-24-55-20240926-183605.jpg",902,1080,false],"2048x2048":["https:\/\/www.mtess.gov.py\/wp-content\/uploads\/2023\/03\/photo_2023-03-31_12-24-55-20240926-183605.jpg",902,1080,false],"depicter-thumbnail":["https:\/\/www.mtess.gov.py\/wp-content\/uploads\/2023\/03\/photo_2023-03-31_12-24-55-20240926-183605.jpg",200,239,false]},"uagb_author_info":{"display_name":"Lucas Santacruz","author_link":"https:\/\/www.mtess.gov.py\/?author=7"},"uagb_comment_info":0,"uagb_excerpt":"El Ministerio de Trabajo, Empleo y Seguridad Social (MTESS) viene implementando el Programa de Formaci\u00f3n Dual conjuntamente con varias empresas, que implica 30 % de clases te\u00f3ricas y 70 % de pr\u00e1ctica, es decir el trabajador aprendiz aprende su oficio haciendo las tareas en los locales de las empresas. La cartera de Estado invita a&hellip;","_links":{"self":[{"href":"https:\/\/www.mtess.gov.py\/index.php?rest_route=\/wp\/v2\/posts\/6953","targetHints":{"allow":["GET"]}}],"collection":[{"href":"https:\/\/www.mtess.gov.py\/index.php?rest_route=\/wp\/v2\/posts"}],"about":[{"href":"https:\/\/www.mtess.gov.py\/index.php?rest_route=\/wp\/v2\/types\/post"}],"author":[{"embeddable":true,"href":"https:\/\/www.mtess.gov.py\/index.php?rest_route=\/wp\/v2\/users\/7"}],"replies":[{"embeddable":true,"href":"https:\/\/www.mtess.gov.py\/index.php?rest_route=%2Fwp%2Fv2%2Fcomments&post=6953"}],"version-history":[{"count":0,"href":"https:\/\/www.mtess.gov.py\/index.php?rest_route=\/wp\/v2\/posts\/6953\/revisions"}],"wp:featuredmedia":[{"embeddable":true,"href":"https:\/\/www.mtess.gov.py\/index.php?rest_route=\/wp\/v2\/media\/27685"}],"wp:attachment":[{"href":"https:\/\/www.mtess.gov.py\/index.php?rest_route=%2Fwp%2Fv2%2Fmedia&parent=6953"}],"wp:term":[{"taxonomy":"category","embeddable":true,"href":"https:\/\/www.mtess.gov.py\/index.php?rest_route=%2Fwp%2Fv2%2Fcategories&post=6953"},{"taxonomy":"post_tag","embeddable":true,"href":"https:\/\/www.mtess.gov.py\/index.php?rest_route=%2Fwp%2Fv2%2Ftags&post=6953"}],"curies":[{"name":"wp","href":"https:\/\/api.w.org\/{rel}","templated":true}]}}