{"id":6957,"date":"2023-03-27T13:29:00","date_gmt":"2023-03-27T17:29:00","guid":{"rendered":"https:\/\/bi.mtess.gov.py\/v1\/?p=6957"},"modified":"2023-03-27T13:29:00","modified_gmt":"2023-03-27T17:29:00","slug":"mtess-mag-y-bm-capacitan-a-tecnicos-de-campo-sobre-tematica-de-trabajo-infantil","status":"publish","type":"post","link":"https:\/\/www.mtess.gov.py\/?p=6957","title":{"rendered":"MTESS, MAG y BM capacitan a t\u00e9cnicos de campo sobre tem\u00e1tica de trabajo infantil"},"content":{"rendered":"<p style=\"text-align: justify\">En la ocasi\u00f3n tambi\u00e9n se abord\u00f3 la protecci\u00f3n del trabajo adolescente, horarios de trabajo, el contrato de aprendiz, el avance sobre el MIRTI \u2013 IVTI  elaborado con apoyo de la OIT y la Cepal mediante la caracterizaci\u00f3n &#8211; Ficha Pa\u00eds,  que facilitar\u00e1 el dise\u00f1o, la implementaci\u00f3n y la medici\u00f3n del impacto de intervenciones preventivas de Trabajo infantil. Adem\u00e1s de promover el di\u00e1logo de pol\u00edticas y la articulaci\u00f3n en el nivel local, focalizar la intervenci\u00f3n con base en evidencia y de acuerdo con metas Nacionales, y aprovechar la oferta de servicios y programas p\u00fablicos focalizados y universales para una intervenci\u00f3n con enfoque de trabajo infantil.<\/p>\n<p style=\"text-align: justify\">En cuanto a salud y seguridad en el trabajo, se ha hablado sobre los riesgos laborales, la evaluaci\u00f3n de riesgos, la prevenci\u00f3n de riesgos en el sector agr\u00edcola entre otros temas, a la vez el Centro de Entrenamiento del Emprendedor (CEE) present\u00f3 el portafolio de opciones para apoyar a emprendedores, espec\u00edficamente en el \u00e1mbito de la agricultura familiar. <\/p>\n<p style=\"text-align: justify\">La actividad que se realiz\u00f3 en la Direcci\u00f3n Nacional de Coordinaci\u00f3n y Administraci\u00f3n de Proyectos (DINCAP), ubicada en la ciudad de Asunci\u00f3n, cont\u00f3 con la participaci\u00f3n de la directora general de Protecci\u00f3n a la Ni\u00f1ez y Adolescencia, Mariela Noem\u00ed G\u00f3mez, del Gerente de PIMA por el Banco Mundial, Edward Bresnyan, la coordinadora Pa\u00eds del Proyecto Pima, Bettina Levy, entre otros, benefici\u00f3 a t\u00e9cnicos de campo de los departamentos de Paraguar\u00ed, Guair\u00e1, Cordillera y Central.<\/p>\n","protected":false},"excerpt":{"rendered":"<p>\u201cAspectos ambientales y sociales para mejorar la calidad de vida en la agricultura familiar\u201d se denomin\u00f3 la jornada en la que participaron representantes del Ministerio de Trabajo, Empleo y Seguridad Social, del Ministerio de Agricultura y Ganader\u00eda y del Banco Mundial a fin de hacer referencia a la tem\u00e1tica del trabajo infantil, normativas, y las 26 actividades peligrosas descriptas en el Decreto 4951\/05.<\/p>\n","protected":false},"author":7,"featured_media":27690,"comment_status":"open","ping_status":"open","sticky":false,"template":"","format":"standard","meta":{"_acf_changed":false,"_uag_custom_page_level_css":"","footnotes":""},"categories":[1],"tags":[],"class_list":["post-6957","post","type-post","status-publish","format-standard","has-post-thumbnail","hentry","category-sin-categoria"],"acf":[],"uagb_featured_image_src":{"full":["https:\/\/www.mtess.gov.py\/wp-content\/uploads\/2023\/03\/photo_2023-03-27_13-28-16-20240926-183612.jpg",720,578,false],"thumbnail":["https:\/\/www.mtess.gov.py\/wp-content\/uploads\/2023\/03\/photo_2023-03-27_13-28-16-20240926-183612-150x150.jpg",150,150,true],"medium":["https:\/\/www.mtess.gov.py\/wp-content\/uploads\/2023\/03\/photo_2023-03-27_13-28-16-20240926-183612-300x241.jpg",300,241,true],"medium_large":["https:\/\/www.mtess.gov.py\/wp-content\/uploads\/2023\/03\/photo_2023-03-27_13-28-16-20240926-183612.jpg",720,578,false],"large":["https:\/\/www.mtess.gov.py\/wp-content\/uploads\/2023\/03\/photo_2023-03-27_13-28-16-20240926-183612-300x241.jpg",300,241,true],"1536x1536":["https:\/\/www.mtess.gov.py\/wp-content\/uploads\/2023\/03\/photo_2023-03-27_13-28-16-20240926-183612.jpg",720,578,false],"2048x2048":["https:\/\/www.mtess.gov.py\/wp-content\/uploads\/2023\/03\/photo_2023-03-27_13-28-16-20240926-183612.jpg",720,578,false],"depicter-thumbnail":["https:\/\/www.mtess.gov.py\/wp-content\/uploads\/2023\/03\/photo_2023-03-27_13-28-16-20240926-183612.jpg",200,161,false]},"uagb_author_info":{"display_name":"Lucas Santacruz","author_link":"https:\/\/www.mtess.gov.py\/?author=7"},"uagb_comment_info":0,"uagb_excerpt":"\u201cAspectos ambientales y sociales para mejorar la calidad de vida en la agricultura familiar\u201d se denomin\u00f3 la jornada en la que participaron representantes del Ministerio de Trabajo, Empleo y Seguridad Social, del Ministerio de Agricultura y Ganader\u00eda y del Banco Mundial a fin de hacer referencia a la tem\u00e1tica del trabajo infantil, normativas, y las&hellip;","_links":{"self":[{"href":"https:\/\/www.mtess.gov.py\/index.php?rest_route=\/wp\/v2\/posts\/6957","targetHints":{"allow":["GET"]}}],"collection":[{"href":"https:\/\/www.mtess.gov.py\/index.php?rest_route=\/wp\/v2\/posts"}],"about":[{"href":"https:\/\/www.mtess.gov.py\/index.php?rest_route=\/wp\/v2\/types\/post"}],"author":[{"embeddable":true,"href":"https:\/\/www.mtess.gov.py\/index.php?rest_route=\/wp\/v2\/users\/7"}],"replies":[{"embeddable":true,"href":"https:\/\/www.mtess.gov.py\/index.php?rest_route=%2Fwp%2Fv2%2Fcomments&post=6957"}],"version-history":[{"count":0,"href":"https:\/\/www.mtess.gov.py\/index.php?rest_route=\/wp\/v2\/posts\/6957\/revisions"}],"wp:featuredmedia":[{"embeddable":true,"href":"https:\/\/www.mtess.gov.py\/index.php?rest_route=\/wp\/v2\/media\/27690"}],"wp:attachment":[{"href":"https:\/\/www.mtess.gov.py\/index.php?rest_route=%2Fwp%2Fv2%2Fmedia&parent=6957"}],"wp:term":[{"taxonomy":"category","embeddable":true,"href":"https:\/\/www.mtess.gov.py\/index.php?rest_route=%2Fwp%2Fv2%2Fcategories&post=6957"},{"taxonomy":"post_tag","embeddable":true,"href":"https:\/\/www.mtess.gov.py\/index.php?rest_route=%2Fwp%2Fv2%2Ftags&post=6957"}],"curies":[{"name":"wp","href":"https:\/\/api.w.org\/{rel}","templated":true}]}}