{"id":6960,"date":"2023-03-24T14:29:00","date_gmt":"2023-03-24T18:29:00","guid":{"rendered":"https:\/\/bi.mtess.gov.py\/v1\/?p=6960"},"modified":"2023-03-24T14:29:00","modified_gmt":"2023-03-24T18:29:00","slug":"feria-de-emprendedores-organizada-por-el-mtess-se-realizara-en-varios-supermercados","status":"publish","type":"post","link":"https:\/\/www.mtess.gov.py\/?p=6960","title":{"rendered":"Feria de emprendedores organizada por el MTESS se realizar\u00e1 en varios supermercados"},"content":{"rendered":"<p><span class=\"TextRun SCXW10488011 BCX0\"><span class=\"NormalTextRun SCXW10488011 BCX0\">Las exposiciones tendr\u00e1n lugar en la cadena Luisito de Ypan\u00e9, Capiat\u00e1, Eusebio Ayala, Limpio, Mariano Roque Alonso y F\u00e9lix Bogado. Asimismo, la misma actividad se replicar\u00e1 en los <\/span><span class=\"NormalTextRun SpellingErrorV2Themed SCXW10488011 BCX0\">Superseis<\/span> de San Lorenzo, El Portal, <\/span><span class=\"NormalTextRun ContextualSpellingAndGrammarErrorV2Themed SCXW10488011 BCX0\">Sirio<\/span> y Villarrica.<\/p>\n<p style=\"text-align: justify\"><span class=\"TextRun SCXW10488011 BCX0\"><\/span> <\/p>\n<p style=\"text-align: justify\"><span class=\"TextRun SCXW10488011 BCX0\"><span class=\"NormalTextRun SCXW10488011 BCX0\">Los emprendedores capacitados por el MTESS tambi\u00e9n tendr\u00e1n su espacio de ventas en la cadena Stock de J. A. Sald\u00edvar, Capiat\u00e1 Ruta II e <\/span><span class=\"NormalTextRun SpellingErrorV2Themed SCXW10488011 BCX0\">It\u00e1<\/span><span class=\"NormalTextRun SCXW10488011 BCX0\">. La feria tambi\u00e9n se har\u00e1 en Los Jardines de Fernando de la Mora, <span class=\"NormalTextRun SCXW10488011 BCX0\">Pueblo<\/span> de Mariano Roque Alonso, Herrero <\/span><span class=\"NormalTextRun SpellingErrorV2Themed SCXW10488011 BCX0\">Boulevarb<\/span> y el <\/span><span class=\"NormalTextRun SpellingErrorV2Themed SCXW10488011 BCX0\">Ahorrazo<\/span> de <span class=\"NormalTextRun ContextualSpellingAndGrammarErrorV2Themed SCXW10488011 BCX0\">Coronel<\/span> Oviedo.  <\/p>\n<p style=\"text-align: justify\"><span class=\"TextRun SCXW10488011 BCX0\"><span class=\"NormalTextRun SCXW10488011 BCX0\">Los emprendedores que participan de las <\/span><span class=\"NormalTextRun SCXW10488011 BCX0\">ferias<\/span> recibieron capacitaci\u00f3n y asistencia t\u00e9cnica basada en herramientas de branding e identidad comercial para que puedan feriar y comercializar con \u00e9xito, otorgar el valor agregado en el empaquetado, presentaci\u00f3n y detalles necesarios para ofrecer los variados productos elaborados.<\/span> <\/p>\n<p style=\"text-align: justify\"><span class=\"TextRun SCXW10488011 BCX0\"><\/span> <\/p>\n<p style=\"text-align: justify\"><span class=\"TextRun SCXW10488011 BCX0\">El programa de capacitaci\u00f3n del Ministerio de Trabajo est\u00e1 dirigido a todas las personas que deseen recibir asistencia t\u00e9cnica y formaci\u00f3n integral para posteriormente emprender su propio negocio, adem\u00e1s de formar parte de los eventos de venta de sus productos que promueve la instituci\u00f3n. Las personas interesadas en los servicios que brinda el Centro de Entrenamiento del Emprendedor pueden contactar para m\u00e1s informaci\u00f3n al (0961) 782 860, de 07:00 a 15:00.<\/span><\/p>\n","protected":false},"excerpt":{"rendered":"<p>La feria denominada \u201cFin de semana del emprendedor\u201d, que es organizada por el Ministerio de Trabajo, Empleo y Seguridad Social mediante el Centro de Entrenamiento al Emprendedor y en alianza con la C\u00e1mara Paraguaya de Supermercados (CAPASU) se realizar\u00e1 ma\u00f1ana s\u00e1bado 25 y el domingo 26 de marzo en las grandes cadenas de supermercados del pa\u00eds.<\/p>\n","protected":false},"author":7,"featured_media":27693,"comment_status":"open","ping_status":"open","sticky":false,"template":"","format":"standard","meta":{"_acf_changed":false,"_uag_custom_page_level_css":"","footnotes":""},"categories":[1],"tags":[],"class_list":["post-6960","post","type-post","status-publish","format-standard","has-post-thumbnail","hentry","category-sin-categoria"],"acf":[],"uagb_featured_image_src":{"full":["https:\/\/www.mtess.gov.py\/wp-content\/uploads\/2023\/03\/photo_2023-03-24_14-25-48-20240926-183615.jpg",1080,1080,false],"thumbnail":["https:\/\/www.mtess.gov.py\/wp-content\/uploads\/2023\/03\/photo_2023-03-24_14-25-48-20240926-183615-150x150.jpg",150,150,true],"medium":["https:\/\/www.mtess.gov.py\/wp-content\/uploads\/2023\/03\/photo_2023-03-24_14-25-48-20240926-183615-300x300.jpg",300,300,true],"medium_large":["https:\/\/www.mtess.gov.py\/wp-content\/uploads\/2023\/03\/photo_2023-03-24_14-25-48-20240926-183615-768x768.jpg",768,768,true],"large":["https:\/\/www.mtess.gov.py\/wp-content\/uploads\/2023\/03\/photo_2023-03-24_14-25-48-20240926-183615-300x300.jpg",300,300,true],"1536x1536":["https:\/\/www.mtess.gov.py\/wp-content\/uploads\/2023\/03\/photo_2023-03-24_14-25-48-20240926-183615.jpg",1080,1080,false],"2048x2048":["https:\/\/www.mtess.gov.py\/wp-content\/uploads\/2023\/03\/photo_2023-03-24_14-25-48-20240926-183615.jpg",1080,1080,false],"depicter-thumbnail":["https:\/\/www.mtess.gov.py\/wp-content\/uploads\/2023\/03\/photo_2023-03-24_14-25-48-20240926-183615.jpg",200,200,false]},"uagb_author_info":{"display_name":"Lucas Santacruz","author_link":"https:\/\/www.mtess.gov.py\/?author=7"},"uagb_comment_info":0,"uagb_excerpt":"La feria denominada \u201cFin de semana del emprendedor\u201d, que es organizada por el Ministerio de Trabajo, Empleo y Seguridad Social mediante el Centro de Entrenamiento al Emprendedor y en alianza con la C\u00e1mara Paraguaya de Supermercados (CAPASU) se realizar\u00e1 ma\u00f1ana s\u00e1bado 25 y el domingo 26 de marzo en las grandes cadenas de supermercados del&hellip;","_links":{"self":[{"href":"https:\/\/www.mtess.gov.py\/index.php?rest_route=\/wp\/v2\/posts\/6960","targetHints":{"allow":["GET"]}}],"collection":[{"href":"https:\/\/www.mtess.gov.py\/index.php?rest_route=\/wp\/v2\/posts"}],"about":[{"href":"https:\/\/www.mtess.gov.py\/index.php?rest_route=\/wp\/v2\/types\/post"}],"author":[{"embeddable":true,"href":"https:\/\/www.mtess.gov.py\/index.php?rest_route=\/wp\/v2\/users\/7"}],"replies":[{"embeddable":true,"href":"https:\/\/www.mtess.gov.py\/index.php?rest_route=%2Fwp%2Fv2%2Fcomments&post=6960"}],"version-history":[{"count":0,"href":"https:\/\/www.mtess.gov.py\/index.php?rest_route=\/wp\/v2\/posts\/6960\/revisions"}],"wp:featuredmedia":[{"embeddable":true,"href":"https:\/\/www.mtess.gov.py\/index.php?rest_route=\/wp\/v2\/media\/27693"}],"wp:attachment":[{"href":"https:\/\/www.mtess.gov.py\/index.php?rest_route=%2Fwp%2Fv2%2Fmedia&parent=6960"}],"wp:term":[{"taxonomy":"category","embeddable":true,"href":"https:\/\/www.mtess.gov.py\/index.php?rest_route=%2Fwp%2Fv2%2Fcategories&post=6960"},{"taxonomy":"post_tag","embeddable":true,"href":"https:\/\/www.mtess.gov.py\/index.php?rest_route=%2Fwp%2Fv2%2Ftags&post=6960"}],"curies":[{"name":"wp","href":"https:\/\/api.w.org\/{rel}","templated":true}]}}