{"id":6961,"date":"2023-03-22T14:48:00","date_gmt":"2023-03-22T18:48:00","guid":{"rendered":"https:\/\/bi.mtess.gov.py\/v1\/?p=6961"},"modified":"2023-03-22T14:48:00","modified_gmt":"2023-03-22T18:48:00","slug":"presentan-estudio-de-mercado-y-nuevas-mallas-curriculares-elaboradas-en-el-marco-del-programa-sapea-2-0","status":"publish","type":"post","link":"https:\/\/www.mtess.gov.py\/?p=6961","title":{"rendered":"Presentan estudio de mercado y nuevas mallas curriculares elaboradas en el marco del Programa Sape\u00b4a 2.0."},"content":{"rendered":"<p style=\"text-align: justify\"><span style=\"font-size: 16px\">El documento presenta la identificaci\u00f3n de cadenas de valor con mayor potencial<br \/>\nde generaci\u00f3n de empleo y autoempleo para j\u00f3venes de entornos<br \/>\nprincipalmente rurales, en una selecci\u00f3n de los distritos de los<br \/>\nmencionados departamentos del pa\u00eds.<\/span><\/p>\n<p style=\"text-align: justify\"><span style=\"font-size: 16px\">El<br \/>\nmismo ha sido desarrollado en el marco del proyecto \u201cSape\u2019a 2.0:<br \/>\nMejora del acceso a la formaci\u00f3n profesional y al empleo digno<br \/>\nmediante enfoque inclusivo y diferencial.\u201d, Convenio AECID<br \/>\n18-CO1-1190, financiado por Agencia Espa\u00f1ola de Cooperaci\u00f3n<br \/>\nInternacional para el Desarrollo (AECID) y cofinanciado e<br \/>\nimplementado por Plan International en alianza con el Ministerio de<br \/>\nTrabajo, Empleo y Seguridad Social (MTESS) y la fundaci\u00f3n Saraki.<\/span><\/p>\n<p style=\"text-align: justify\"><span style=\"font-size: 16px\">Asimismo,<br \/>\ndurante el evento se presentaron las nuevas mallas curriculares<br \/>\nelaboradas, validadas y puestas en marcha de manera piloto en<br \/>\nconvenio con el Ministerio de trabajo, as\u00ed como otro paquete de<br \/>\nmallas que fueron actualizadas. Estas mallas curriculares se basan en<br \/>\nlas necesidades de mercado identificadas en territorio, incluyen<br \/>\ntemas relacionados al  procesamiento de materias primas, econom\u00eda<br \/>\nverde, habilidades digitales, innovaci\u00f3n para emprendimientos entre<br \/>\notras. Se destaca adem\u00e1s que las mallas actualizadas fueron<br \/>\nrevisadas para que respondan al dise\u00f1o universal de aprendizaje lo<br \/>\nque garantiza que puedan ser desarrolladas con personas con y sin<br \/>\ndiscapacidad as\u00ed como otras poblaciones que requieran ajustes<br \/>\nrazonables.<br \/>\n<\/span><\/p>\n<p style=\"text-align: justify\"><span style=\"font-size: 16px\">Adem\u00e1s<br \/>\nde la ministra de Trabajo, Empleo y Seguridad Social, Carla<br \/>\nBacigalupo, del evento participaron el director nacional de<br \/>\nemprendedurismo del Ministerio de Industria y Comercio (MIC), V\u00edctor<br \/>\nAcosta; Silvia Caro, coordinadora del Programa Sape\u00b4a 2.0, as\u00ed como<br \/>\nrepresentantes de la Cooperaci\u00f3n Espa\u00f1ola, Plan International,<br \/>\nFundaci\u00f3n Sarak\u00ed y otros aliados que forman parte del proyecto.<\/span><\/p>\n<p style=\"text-align: justify\"><span style=\"font-size: 16px\">El<br \/>\ndocumento de estudio de mercado estar\u00e1 disponible para su descarga<br \/>\ndesde la Web de Plan International, mientras que las mallas<br \/>\ncurriculares se encuentran ya para su implementaci\u00f3n en el Centro de<br \/>\nInnovaci\u00f3n de Metodolog\u00eda Avanzada (CIMA) dependiente del<br \/>\nMinisterio de Trabajo.<\/span><\/p>\n<p style=\"text-align: justify\"><\/p>\n","protected":false},"excerpt":{"rendered":"<p>La ministra de Trabajo, Carla Bacigalupo, en la ma\u00f1ana de hoy particip\u00f3 del acto de presentaci\u00f3n de los resultados de un estudio de mercado realizado con enfoque de cadenas de valor en los departamentos de Caaguaz\u00fa y San Pedro, en el marco del Programa Sape\u00b4a 2.0, que se realiz\u00f3 en la sede del Servicio Nacional de Promoci\u00f3n Profesional (SNPP), situada en avenida Molas L\u00f3pez casi Aviadores del Chaco, Asunci\u00f3n.<\/p>\n","protected":false},"author":7,"featured_media":27695,"comment_status":"open","ping_status":"open","sticky":false,"template":"","format":"standard","meta":{"_acf_changed":false,"_uag_custom_page_level_css":"","footnotes":""},"categories":[1],"tags":[],"class_list":["post-6961","post","type-post","status-publish","format-standard","has-post-thumbnail","hentry","category-sin-categoria"],"acf":[],"uagb_featured_image_src":{"full":["https:\/\/www.mtess.gov.py\/wp-content\/uploads\/2023\/03\/1_Evento_de_Sapea_en_el_SNPP_22-03-23-20240926-183617.jpg",1280,853,false],"thumbnail":["https:\/\/www.mtess.gov.py\/wp-content\/uploads\/2023\/03\/1_Evento_de_Sapea_en_el_SNPP_22-03-23-20240926-183617-150x150.jpg",150,150,true],"medium":["https:\/\/www.mtess.gov.py\/wp-content\/uploads\/2023\/03\/1_Evento_de_Sapea_en_el_SNPP_22-03-23-20240926-183617-300x200.jpg",300,200,true],"medium_large":["https:\/\/www.mtess.gov.py\/wp-content\/uploads\/2023\/03\/1_Evento_de_Sapea_en_el_SNPP_22-03-23-20240926-183617-768x512.jpg",768,512,true],"large":["https:\/\/www.mtess.gov.py\/wp-content\/uploads\/2023\/03\/1_Evento_de_Sapea_en_el_SNPP_22-03-23-20240926-183617-300x200.jpg",300,200,true],"1536x1536":["https:\/\/www.mtess.gov.py\/wp-content\/uploads\/2023\/03\/1_Evento_de_Sapea_en_el_SNPP_22-03-23-20240926-183617.jpg",1280,853,false],"2048x2048":["https:\/\/www.mtess.gov.py\/wp-content\/uploads\/2023\/03\/1_Evento_de_Sapea_en_el_SNPP_22-03-23-20240926-183617.jpg",1280,853,false],"depicter-thumbnail":["https:\/\/www.mtess.gov.py\/wp-content\/uploads\/2023\/03\/1_Evento_de_Sapea_en_el_SNPP_22-03-23-20240926-183617.jpg",200,133,false]},"uagb_author_info":{"display_name":"Lucas Santacruz","author_link":"https:\/\/www.mtess.gov.py\/?author=7"},"uagb_comment_info":0,"uagb_excerpt":"La ministra de Trabajo, Carla Bacigalupo, en la ma\u00f1ana de hoy particip\u00f3 del acto de presentaci\u00f3n de los resultados de un estudio de mercado realizado con enfoque de cadenas de valor en los departamentos de Caaguaz\u00fa y San Pedro, en el marco del Programa Sape\u00b4a 2.0, que se realiz\u00f3 en la sede del Servicio Nacional&hellip;","_links":{"self":[{"href":"https:\/\/www.mtess.gov.py\/index.php?rest_route=\/wp\/v2\/posts\/6961","targetHints":{"allow":["GET"]}}],"collection":[{"href":"https:\/\/www.mtess.gov.py\/index.php?rest_route=\/wp\/v2\/posts"}],"about":[{"href":"https:\/\/www.mtess.gov.py\/index.php?rest_route=\/wp\/v2\/types\/post"}],"author":[{"embeddable":true,"href":"https:\/\/www.mtess.gov.py\/index.php?rest_route=\/wp\/v2\/users\/7"}],"replies":[{"embeddable":true,"href":"https:\/\/www.mtess.gov.py\/index.php?rest_route=%2Fwp%2Fv2%2Fcomments&post=6961"}],"version-history":[{"count":0,"href":"https:\/\/www.mtess.gov.py\/index.php?rest_route=\/wp\/v2\/posts\/6961\/revisions"}],"wp:featuredmedia":[{"embeddable":true,"href":"https:\/\/www.mtess.gov.py\/index.php?rest_route=\/wp\/v2\/media\/27695"}],"wp:attachment":[{"href":"https:\/\/www.mtess.gov.py\/index.php?rest_route=%2Fwp%2Fv2%2Fmedia&parent=6961"}],"wp:term":[{"taxonomy":"category","embeddable":true,"href":"https:\/\/www.mtess.gov.py\/index.php?rest_route=%2Fwp%2Fv2%2Fcategories&post=6961"},{"taxonomy":"post_tag","embeddable":true,"href":"https:\/\/www.mtess.gov.py\/index.php?rest_route=%2Fwp%2Fv2%2Ftags&post=6961"}],"curies":[{"name":"wp","href":"https:\/\/api.w.org\/{rel}","templated":true}]}}