{"id":6962,"date":"2023-03-20T18:11:00","date_gmt":"2023-03-20T22:11:00","guid":{"rendered":"https:\/\/bi.mtess.gov.py\/v1\/?p=6962"},"modified":"2023-03-20T18:11:00","modified_gmt":"2023-03-20T22:11:00","slug":"la-comision-nacional-de-erradicacion-del-trabajo-infantil-mantuvo-su-primera-reunion-ordinaria","status":"publish","type":"post","link":"https:\/\/www.mtess.gov.py\/?p=6962","title":{"rendered":"La Comisi\u00f3n Nacional de Erradicaci\u00f3n del Trabajo Infantil mantuvo su primera reuni\u00f3n ordinaria"},"content":{"rendered":"<p>La reuni\u00f3n fue coordinada por la<br \/>\ndirectora general de Protecci\u00f3n a la Ni\u00f1ez y Adolescencia, Abg.<br \/>\nMariela G\u00f3mez Oru\u00e9 y cont\u00f3 con la participaci\u00f3n de los siguientes<br \/>\nrepresentantes:<\/p>\n<p>Graciela<br \/>\nAcevedo de la Feprinco, Graciela Congo de la CUT-A, Blanca Mello del<br \/>\nServicio Nacional de Promoci\u00f3n Profesional (SNPP), Vanesa Stanley de<br \/>\nUnicef, Gabriela Contreras y Amalia Jim\u00e9nez; representantes de la<br \/>\nCodeni de la municipalidad de Asunci\u00f3n, Miguel Candia y Rebeca<br \/>\nUrquhart del Ministerio de Relaciones Exteriores, Plope P\u00e9rez de<br \/>\nInfancia y Adolescencia en Acci\u00f3n- Villa Elisa (IAAVE), Gloria L\u00f3pez<br \/>\ndel Ministerio de Salud P\u00fabica y  Bienestar Social, Milner Rodr\u00edguez<br \/>\ndel Ministerio de Justicia, Norma Migone del Ministerio de<br \/>\nAgricultura y Ganader\u00eda, Sonia Fleitas del Centro Azucarero y<br \/>\nAlcoholero del Paraguay &#8211;  UIP y Ver\u00f3nica L\u00f3pez del Ministerio de<br \/>\nTrabajo Empleo y Seguridad Social.<\/p>\n<p>Los<br \/>\npuntos de la convocatoria fueron:\n<\/p>\n<p>1)<br \/>\nPresentaci\u00f3n de fichas MIRTI-IVTI, en su versi\u00f3n final.<\/p>\n<p>2)<br \/>\nPlan Operativo, Codetis.<\/p>\n<p>3)<br \/>\nPresentaci\u00f3n de observaciones de la comisi\u00f3n de expertos<br \/>\nde la OIT a\u00f1o 2019.<\/p>\n<p>4) Temas varios.<\/p>\n<p>La<br \/>\nreuni\u00f3n se desarroll\u00f3 de forma tripartita, pudiendo ser debatido<br \/>\nlos temas citados m\u00e1s arriba y recogiendo los aportes de los<br \/>\nrepresentantes, para enriquecer los trabajos llevados adelante por la<br \/>\ncoordinaci\u00f3n de la comisi\u00f3n Conaeti.<\/p>\n<p>En<br \/>\ncuanto a los temas varios, la Sra. Graciela Congo solicit\u00f3 un<br \/>\nparecer jur\u00eddico referente al caso de la organizaci\u00f3n denominada<br \/>\nCoordinaci\u00f3n Nacional de Ni\u00f1os, Ni\u00f1as y Adolescentes (CONNATS), y<br \/>\nal mismo tiempo sugiere retomar las actividades en cuanto a la<br \/>\nprevenci\u00f3n y erradicaci\u00f3n del trabajo infantil en la calera Vallem\u00ed<br \/>\nde Concepci\u00f3n y Tobat\u00ed de Cordillera, tambi\u00e9n sugiri\u00f3 la<br \/>\nparticipaci\u00f3n activa de los sectores sindicales dentro de la<br \/>\nComisi\u00f3n Departamental de Erradicaci\u00f3n del Trabajo Infantil<br \/>\n(Codeti), entre otras sugerencias de acciones para este a\u00f1o 2023.\n<\/p>\n<p>Con augurios de que este a\u00f1o se a\u00fanan esfuerzos para la erradicaci\u00f3n<br \/>\nsostenida, mediante la Estrategia Nacional de Prevenci\u00f3n del Trabajo<br \/>\nInfantil 2019-2024, la Estrategia Nacional de Trabajo Forzoso<br \/>\n2021-2024, y el Plan Nacional de Empleo 2022-2026, as\u00ed como el apoyo<br \/>\nde los programas sociales y el trabajo basado en el dialogo social<br \/>\ntripartito, culmin\u00f3 esta primera reuni\u00f3n.<\/p>\n<p><\/p>\n","protected":false},"excerpt":{"rendered":"<p>El Ministerio de Trabajo Empleo y Seguridad Social (MTESS), a trav\u00e9s de la Direcci\u00f3n General de Protecci\u00f3n a la Ni\u00f1ez y Adolescencia, ha llevado adelante la primera reuni\u00f3n ordinaria del a\u00f1o de la Comisi\u00f3n Nacional para la Prevenci\u00f3n y Erradicaci\u00f3n del Trabajo Infantil y la Protecci\u00f3n del Trabajo de los\/as Adolescentes (Conaeti), en la sede de la cartera de Estado, situada en la calle Luis Alberto de Herrera esquina Paraguar\u00ed, Asunci\u00f3n.<\/p>\n","protected":false},"author":7,"featured_media":27696,"comment_status":"open","ping_status":"open","sticky":false,"template":"","format":"standard","meta":{"_acf_changed":false,"_uag_custom_page_level_css":"","footnotes":""},"categories":[1],"tags":[],"class_list":["post-6962","post","type-post","status-publish","format-standard","has-post-thumbnail","hentry","category-sin-categoria"],"acf":[],"uagb_featured_image_src":{"full":["https:\/\/www.mtess.gov.py\/wp-content\/uploads\/2023\/03\/1_Ninez_20-03-23-20240926-183618.jpg",1435,1080,false],"thumbnail":["https:\/\/www.mtess.gov.py\/wp-content\/uploads\/2023\/03\/1_Ninez_20-03-23-20240926-183618-150x150.jpg",150,150,true],"medium":["https:\/\/www.mtess.gov.py\/wp-content\/uploads\/2023\/03\/1_Ninez_20-03-23-20240926-183618-300x226.jpg",300,226,true],"medium_large":["https:\/\/www.mtess.gov.py\/wp-content\/uploads\/2023\/03\/1_Ninez_20-03-23-20240926-183618-768x578.jpg",768,578,true],"large":["https:\/\/www.mtess.gov.py\/wp-content\/uploads\/2023\/03\/1_Ninez_20-03-23-20240926-183618-300x226.jpg",300,226,true],"1536x1536":["https:\/\/www.mtess.gov.py\/wp-content\/uploads\/2023\/03\/1_Ninez_20-03-23-20240926-183618.jpg",1435,1080,false],"2048x2048":["https:\/\/www.mtess.gov.py\/wp-content\/uploads\/2023\/03\/1_Ninez_20-03-23-20240926-183618.jpg",1435,1080,false],"depicter-thumbnail":["https:\/\/www.mtess.gov.py\/wp-content\/uploads\/2023\/03\/1_Ninez_20-03-23-20240926-183618.jpg",200,151,false]},"uagb_author_info":{"display_name":"Lucas Santacruz","author_link":"https:\/\/www.mtess.gov.py\/?author=7"},"uagb_comment_info":0,"uagb_excerpt":"El Ministerio de Trabajo Empleo y Seguridad Social (MTESS), a trav\u00e9s de la Direcci\u00f3n General de Protecci\u00f3n a la Ni\u00f1ez y Adolescencia, ha llevado adelante la primera reuni\u00f3n ordinaria del a\u00f1o de la Comisi\u00f3n Nacional para la Prevenci\u00f3n y Erradicaci\u00f3n del Trabajo Infantil y la Protecci\u00f3n del Trabajo de los\/as Adolescentes (Conaeti), en la sede&hellip;","_links":{"self":[{"href":"https:\/\/www.mtess.gov.py\/index.php?rest_route=\/wp\/v2\/posts\/6962","targetHints":{"allow":["GET"]}}],"collection":[{"href":"https:\/\/www.mtess.gov.py\/index.php?rest_route=\/wp\/v2\/posts"}],"about":[{"href":"https:\/\/www.mtess.gov.py\/index.php?rest_route=\/wp\/v2\/types\/post"}],"author":[{"embeddable":true,"href":"https:\/\/www.mtess.gov.py\/index.php?rest_route=\/wp\/v2\/users\/7"}],"replies":[{"embeddable":true,"href":"https:\/\/www.mtess.gov.py\/index.php?rest_route=%2Fwp%2Fv2%2Fcomments&post=6962"}],"version-history":[{"count":0,"href":"https:\/\/www.mtess.gov.py\/index.php?rest_route=\/wp\/v2\/posts\/6962\/revisions"}],"wp:featuredmedia":[{"embeddable":true,"href":"https:\/\/www.mtess.gov.py\/index.php?rest_route=\/wp\/v2\/media\/27696"}],"wp:attachment":[{"href":"https:\/\/www.mtess.gov.py\/index.php?rest_route=%2Fwp%2Fv2%2Fmedia&parent=6962"}],"wp:term":[{"taxonomy":"category","embeddable":true,"href":"https:\/\/www.mtess.gov.py\/index.php?rest_route=%2Fwp%2Fv2%2Fcategories&post=6962"},{"taxonomy":"post_tag","embeddable":true,"href":"https:\/\/www.mtess.gov.py\/index.php?rest_route=%2Fwp%2Fv2%2Ftags&post=6962"}],"curies":[{"name":"wp","href":"https:\/\/api.w.org\/{rel}","templated":true}]}}