{"id":6965,"date":"2023-03-17T15:19:00","date_gmt":"2023-03-17T19:19:00","guid":{"rendered":"https:\/\/bi.mtess.gov.py\/v1\/?p=6965"},"modified":"2023-03-17T15:19:00","modified_gmt":"2023-03-17T19:19:00","slug":"el-ministerio-de-trabajo-realizo-una-jornada-mas-de-oportunidades-laborales-para-varias-areas-del-sector-privado","status":"publish","type":"post","link":"https:\/\/www.mtess.gov.py\/?p=6965","title":{"rendered":"El Ministerio de Trabajo realiz\u00f3 una jornada m\u00e1s de oportunidades laborales para varias \u00e1reas del sector privado"},"content":{"rendered":"<p style=\"text-align: justify\"><span style=\"font-size: 16px\">En la sede del Viceministerio de<br \/>\nEmpleo, situada en la avenida Per\u00fa esquina R\u00edo de Janeiro,<br \/>\nAsunci\u00f3n, dos empresas ofrecieron 48 puestos laborales. Entre los<br \/>\ntrabajadores que buscaron entre los que concurrieron a la feria<br \/>\nfueron vendedores, encargado de servicios generales, analistas de<br \/>\nprocesos y licenciada en enfermer\u00eda.<\/span><\/p>\n<p style=\"text-align: justify\"><span style=\"font-size: 16px\">En<br \/>\notra feria organizada por la Direcci\u00f3n General de Empleo del<br \/>\nMinisterio de Trabajo, tuvo en la sede central del Servicio Nacional<br \/>\nde Promoci\u00f3n Profesional (SNPP), ubicada en avenida Molas L\u00f3pez<br \/>\ncasi aviadores del Chaco, en la capital del pa\u00eds. En la ocasi\u00f3n<br \/>\npresentaron 10 vacancias para el puesto de atenci\u00f3n al cliente en<br \/>\nuna empresa dedicada a la producci\u00f3n y venta de pollos.<br \/>\n<\/span><\/p>\n<p style=\"text-align: justify\"><span style=\"font-size: 16px\">Los<br \/>\nj\u00f3venes que concurrieron a las ferias fueron registrados en la bolsa<br \/>\nde empleo de la cartera de Estado y posteriormente fueron<br \/>\nentrevistados por representantes de las empresas que realizar\u00e1n la<br \/>\nsecci\u00f3n de entre los postulantes, conforme a sus perfiles de<br \/>\nconocimientos y habilidades para desempe\u00f1arse en los puestos<br \/>\nlaborales vacantes.<br \/>\n<\/span><\/p>\n<p style=\"text-align: justify\"><span style=\"font-size: 16px\">Las<br \/>\npersonas interesadas en las vacancias tambi\u00e9n pueden postularse a<br \/>\ntrav\u00e9s de la p\u00e1gina web del Ministerio de Trabajo por medio del<br \/>\nsiguiente enlace<br \/>\n<a href=\"https:\/\/www.mtess.gov.py\/busca-empleo\/vidriera-de-empleo\"><strong><\/strong><\/a><strong><a href=\"https:\/\/www.mtess.gov.py\/busca-empleo\/vidriera-de-empleo\">https:\/\/www.mtess.gov.py\/busca-empleo\/vidriera-de-&#8230;<\/a><\/strong>,<br \/>\ndonde deben registrarse previamente. Asimismo, en la plataforma<br \/>\npodr\u00e1n encontrar otras vacancias disponibles<br \/>\nen esta semana y otras que a\u00fan no fueron llenadas.<\/span><\/p>\n<p style=\"text-align: justify\"><span style=\"font-size: 16px\">El<br \/>\nMinisterio de Trabajo lleva adelante el Plan Nacional de Empleo que<br \/>\ntiene como objetivo fomentar el empleo decente impulsando pol\u00edticas<br \/>\ny acciones que contribuyan a la reactivaci\u00f3n y el crecimiento<br \/>\necon\u00f3mico, la estimulaci\u00f3n de la demanda, la reconversi\u00f3n laboral,<br \/>\nel potenciamiento de adecuadas habilidades y competencias, la<br \/>\nintermediaci\u00f3n y el fortalecimiento institucional en un contexto<br \/>\ninclusivo y sostenido.<br \/>\n<\/span><\/p>\n<p style=\"text-align: justify\"><span style=\"font-size: 16px\">Entre<br \/>\nsus metas figuran la estimulaci\u00f3n de acciones p\u00fablicas y privadas<br \/>\npara la generaci\u00f3n de empleo formal en funci\u00f3n del crecimiento<br \/>\necon\u00f3mico, para la recuperaci\u00f3n del empleo por el covid-19 y<br \/>\natender el crecimiento demogr\u00e1fico. Asimismo contempla potenciar<br \/>\nactividades econ\u00f3micas m\u00e1s sostenibles y m\u00e1s productivas,<br \/>\nfortalecer los programas de formaci\u00f3n en oficios y tecnicaturas,<br \/>\nfomentar la reconversi\u00f3n laboral e impulsar la mejora de<br \/>\ncompetencias para una mayor empleabilidad de la mano de obra<br \/>\nparaguaya. Busca m\u00e1s calidad del empleo con acceso de los<br \/>\ntrabajadores a la seguridad social, la mejora de sus ingresos y la<br \/>\ntransici\u00f3n a la formalidad.  <\/span><\/p>\n","protected":false},"excerpt":{"rendered":"<p>El Ministerio de Trabajo, Empleo y Seguridad Social (MTESS) realiz\u00f3 hoy dos ferias de empleo para brindar oportunidades laborales en empresas del sector privado a los buscadores de trabajo. Las vacancias corresponden a varias \u00e1reas en firmas que est\u00e1n asentadas en la capital del pa\u00eds, Asunci\u00f3n.<\/p>\n","protected":false},"author":7,"featured_media":27699,"comment_status":"open","ping_status":"open","sticky":false,"template":"","format":"standard","meta":{"_acf_changed":false,"_uag_custom_page_level_css":"","footnotes":""},"categories":[1],"tags":[],"class_list":["post-6965","post","type-post","status-publish","format-standard","has-post-thumbnail","hentry","category-sin-categoria"],"acf":[],"uagb_featured_image_src":{"full":["https:\/\/www.mtess.gov.py\/wp-content\/uploads\/2023\/03\/1-20240926-183622.jpg",1600,900,false],"thumbnail":["https:\/\/www.mtess.gov.py\/wp-content\/uploads\/2023\/03\/1-20240926-183622-150x150.jpg",150,150,true],"medium":["https:\/\/www.mtess.gov.py\/wp-content\/uploads\/2023\/03\/1-20240926-183622-300x169.jpg",300,169,true],"medium_large":["https:\/\/www.mtess.gov.py\/wp-content\/uploads\/2023\/03\/1-20240926-183622-768x432.jpg",768,432,true],"large":["https:\/\/www.mtess.gov.py\/wp-content\/uploads\/2023\/03\/1-20240926-183622-300x169.jpg",300,169,true],"1536x1536":["https:\/\/www.mtess.gov.py\/wp-content\/uploads\/2023\/03\/1-20240926-183622-1536x864.jpg",1536,864,true],"2048x2048":["https:\/\/www.mtess.gov.py\/wp-content\/uploads\/2023\/03\/1-20240926-183622.jpg",1600,900,false],"depicter-thumbnail":["https:\/\/www.mtess.gov.py\/wp-content\/uploads\/2023\/03\/1-20240926-183622.jpg",200,113,false]},"uagb_author_info":{"display_name":"Lucas Santacruz","author_link":"https:\/\/www.mtess.gov.py\/?author=7"},"uagb_comment_info":0,"uagb_excerpt":"El Ministerio de Trabajo, Empleo y Seguridad Social (MTESS) realiz\u00f3 hoy dos ferias de empleo para brindar oportunidades laborales en empresas del sector privado a los buscadores de trabajo. Las vacancias corresponden a varias \u00e1reas en firmas que est\u00e1n asentadas en la capital del pa\u00eds, Asunci\u00f3n.","_links":{"self":[{"href":"https:\/\/www.mtess.gov.py\/index.php?rest_route=\/wp\/v2\/posts\/6965","targetHints":{"allow":["GET"]}}],"collection":[{"href":"https:\/\/www.mtess.gov.py\/index.php?rest_route=\/wp\/v2\/posts"}],"about":[{"href":"https:\/\/www.mtess.gov.py\/index.php?rest_route=\/wp\/v2\/types\/post"}],"author":[{"embeddable":true,"href":"https:\/\/www.mtess.gov.py\/index.php?rest_route=\/wp\/v2\/users\/7"}],"replies":[{"embeddable":true,"href":"https:\/\/www.mtess.gov.py\/index.php?rest_route=%2Fwp%2Fv2%2Fcomments&post=6965"}],"version-history":[{"count":0,"href":"https:\/\/www.mtess.gov.py\/index.php?rest_route=\/wp\/v2\/posts\/6965\/revisions"}],"wp:featuredmedia":[{"embeddable":true,"href":"https:\/\/www.mtess.gov.py\/index.php?rest_route=\/wp\/v2\/media\/27699"}],"wp:attachment":[{"href":"https:\/\/www.mtess.gov.py\/index.php?rest_route=%2Fwp%2Fv2%2Fmedia&parent=6965"}],"wp:term":[{"taxonomy":"category","embeddable":true,"href":"https:\/\/www.mtess.gov.py\/index.php?rest_route=%2Fwp%2Fv2%2Fcategories&post=6965"},{"taxonomy":"post_tag","embeddable":true,"href":"https:\/\/www.mtess.gov.py\/index.php?rest_route=%2Fwp%2Fv2%2Ftags&post=6965"}],"curies":[{"name":"wp","href":"https:\/\/api.w.org\/{rel}","templated":true}]}}