{"id":6967,"date":"2023-03-15T14:12:00","date_gmt":"2023-03-15T18:12:00","guid":{"rendered":"https:\/\/bi.mtess.gov.py\/v1\/?p=6967"},"modified":"2023-03-15T14:12:00","modified_gmt":"2023-03-15T18:12:00","slug":"feria-laboral-del-mtess-en-ita-conto-con-masiva-concurrencia-de-jovenes","status":"publish","type":"post","link":"https:\/\/www.mtess.gov.py\/?p=6967","title":{"rendered":"Feria laboral del MTESS en Ita cont\u00f3 con masiva concurrencia de j\u00f3venes"},"content":{"rendered":"<p>Duranta la jornada, la ministra de Trabajo, Carla Bacigalupo, explic\u00f3 que el conocimiento y manejo de herramientas inform\u00e1ticas, es fundamental para acceder a puestos laborales. \u201cInstamos a aquellos j\u00f3venes buscadores de empleo y del primer empleo que se capaciten con nosotros a trav\u00e9s del SNPP, porque all\u00ed con los diferentes cursos brindados dotamos a las personas con conocimientos a fin de que puedan ser contratadas por las diferentes empresas privadas\u201d, dijo. <\/p>\n<p>M\u00e1s feria laboral <\/p>\n<p>La cartera de Estado organiza otra feria de empleo para ma\u00f1ana jueves en la sede de la Direcci\u00f3n General de Empleo (Avda. Per\u00fa y R\u00edo de Janeiro. En la ocasi\u00f3n habr\u00e1 vacancias para guardia de seguridad nocturno, delivery con moto y caja\/reposici\u00f3n.  <\/p>\n<p>Los requisitos para guardia de seguridad nocturno que se desempe\u00f1ar\u00e1 en Asunci\u00f3n y Central son bachiller concluido, movilidad propia (no excluyente), con o sin experiencia previa. <\/p>\n<p>Para el \u00e1rea de delivery con moto se tendr\u00e1 en cuenta bachiller concluido, registro de conducir al d\u00eda (excluyente), con o sin experiencia previa. El lugar de trabajo es Asunci\u00f3n y Central. <\/p>\n<p>El puesto de caja\/reposici\u00f3n tiene como requisito manejo de herramientas inform\u00e1ticas, disponibilidad para incorporaci\u00f3n inmediata, con o sin experiencia previa y movilidad propia (no excluyente). Los puestos son para Asunci\u00f3n y Central.<\/p>\n","protected":false},"excerpt":{"rendered":"<p>El ministerio de Trabajo, Empleo y Seguridad Social (MTESS) organiz\u00f3 una feria laboral para buscadores del primer empleo. La iniciativa, que tuvo lugar en la sede del Servicio Nacional de Promoci\u00f3n Profesional (SNPP) de la ciudad de Ita, tuvo una gran participaci\u00f3n de j\u00f3venes. En la ocasi\u00f3n, los participantes tuvieron una prueba a fin de que las personas con mejores calificaciones puedan pasar al siguiente paso, que es la entrevista laboral y poder comenzar a trabajar a partir del d\u00eda lunes 27 de marzo, dentro de las empresas del sector privado.<\/p>\n","protected":false},"author":7,"featured_media":27701,"comment_status":"open","ping_status":"open","sticky":false,"template":"","format":"standard","meta":{"_acf_changed":false,"_uag_custom_page_level_css":"","footnotes":""},"categories":[1],"tags":[],"class_list":["post-6967","post","type-post","status-publish","format-standard","has-post-thumbnail","hentry","category-sin-categoria"],"acf":[],"uagb_featured_image_src":{"full":["https:\/\/www.mtess.gov.py\/wp-content\/uploads\/2023\/03\/WhatsApp_Image_2023-03-15_at_09.34.11-5.jpeg",1280,853,false],"thumbnail":["https:\/\/www.mtess.gov.py\/wp-content\/uploads\/2023\/03\/WhatsApp_Image_2023-03-15_at_09.34.11-5-150x150.jpeg",150,150,true],"medium":["https:\/\/www.mtess.gov.py\/wp-content\/uploads\/2023\/03\/WhatsApp_Image_2023-03-15_at_09.34.11-5-300x200.jpeg",300,200,true],"medium_large":["https:\/\/www.mtess.gov.py\/wp-content\/uploads\/2023\/03\/WhatsApp_Image_2023-03-15_at_09.34.11-5-768x512.jpeg",768,512,true],"large":["https:\/\/www.mtess.gov.py\/wp-content\/uploads\/2023\/03\/WhatsApp_Image_2023-03-15_at_09.34.11-5-300x200.jpeg",300,200,true],"1536x1536":["https:\/\/www.mtess.gov.py\/wp-content\/uploads\/2023\/03\/WhatsApp_Image_2023-03-15_at_09.34.11-5.jpeg",1280,853,false],"2048x2048":["https:\/\/www.mtess.gov.py\/wp-content\/uploads\/2023\/03\/WhatsApp_Image_2023-03-15_at_09.34.11-5.jpeg",1280,853,false],"depicter-thumbnail":["https:\/\/www.mtess.gov.py\/wp-content\/uploads\/2023\/03\/WhatsApp_Image_2023-03-15_at_09.34.11-5.jpeg",200,133,false]},"uagb_author_info":{"display_name":"Lucas Santacruz","author_link":"https:\/\/www.mtess.gov.py\/?author=7"},"uagb_comment_info":0,"uagb_excerpt":"El ministerio de Trabajo, Empleo y Seguridad Social (MTESS) organiz\u00f3 una feria laboral para buscadores del primer empleo. La iniciativa, que tuvo lugar en la sede del Servicio Nacional de Promoci\u00f3n Profesional (SNPP) de la ciudad de Ita, tuvo una gran participaci\u00f3n de j\u00f3venes. En la ocasi\u00f3n, los participantes tuvieron una prueba a fin de&hellip;","_links":{"self":[{"href":"https:\/\/www.mtess.gov.py\/index.php?rest_route=\/wp\/v2\/posts\/6967","targetHints":{"allow":["GET"]}}],"collection":[{"href":"https:\/\/www.mtess.gov.py\/index.php?rest_route=\/wp\/v2\/posts"}],"about":[{"href":"https:\/\/www.mtess.gov.py\/index.php?rest_route=\/wp\/v2\/types\/post"}],"author":[{"embeddable":true,"href":"https:\/\/www.mtess.gov.py\/index.php?rest_route=\/wp\/v2\/users\/7"}],"replies":[{"embeddable":true,"href":"https:\/\/www.mtess.gov.py\/index.php?rest_route=%2Fwp%2Fv2%2Fcomments&post=6967"}],"version-history":[{"count":0,"href":"https:\/\/www.mtess.gov.py\/index.php?rest_route=\/wp\/v2\/posts\/6967\/revisions"}],"wp:featuredmedia":[{"embeddable":true,"href":"https:\/\/www.mtess.gov.py\/index.php?rest_route=\/wp\/v2\/media\/27701"}],"wp:attachment":[{"href":"https:\/\/www.mtess.gov.py\/index.php?rest_route=%2Fwp%2Fv2%2Fmedia&parent=6967"}],"wp:term":[{"taxonomy":"category","embeddable":true,"href":"https:\/\/www.mtess.gov.py\/index.php?rest_route=%2Fwp%2Fv2%2Fcategories&post=6967"},{"taxonomy":"post_tag","embeddable":true,"href":"https:\/\/www.mtess.gov.py\/index.php?rest_route=%2Fwp%2Fv2%2Ftags&post=6967"}],"curies":[{"name":"wp","href":"https:\/\/api.w.org\/{rel}","templated":true}]}}