{"id":6968,"date":"2023-03-13T13:59:00","date_gmt":"2023-03-13T17:59:00","guid":{"rendered":"https:\/\/bi.mtess.gov.py\/v1\/?p=6968"},"modified":"2023-03-13T13:59:00","modified_gmt":"2023-03-13T17:59:00","slug":"mtess-presento-cursos-para-personas-con-discapacidad","status":"publish","type":"post","link":"https:\/\/www.mtess.gov.py\/?p=6968","title":{"rendered":"MTESS present\u00f3 cursos para personas con discapacidad"},"content":{"rendered":"<p><span class=\"NormalTextRun SCXW66631280 BCX0\">Durante el acto se present\u00f3 la experiencia exitosa en inclusi\u00f3n laboral, que impulsa la Fundaci\u00f3n <\/span><span class=\"NormalTextRun SpellingErrorV2Themed SCXW66631280 BCX0\">Saraki<\/span><span class=\"NormalTextRun SCXW66631280 BCX0\">, as\u00ed como el testimonio muy importante de Personas con discapacidad que son emprendedoras, y que mediante la capacitaron en el SNPP, tambi\u00e9n cuentan con el apoyo del Programa SAPE\u00b4A 2.0 de Plan Internacional Paraguay y <\/span><span class=\"NormalTextRun SpellingErrorV2Themed SCXW66631280 BCX0\">Aecid<\/span> Paraguay (Cooperaci\u00f3n Espa\u00f1ola).<\/p>\n<p style=\"text-align: justify\"><span class=\"TextRun SCXW66631280 BCX0\"><\/span> <\/p>\n<p style=\"text-align: justify\"><span class=\"TextRun SCXW66631280 BCX0\">Mediante los cursos de capacitaci\u00f3n se busca seguir generando oportunidades de capacitaci\u00f3n y empleabilidad para las personas con discapacidad de Capital y del \u00e1rea metropolitana.  <\/span><\/p>\n<p style=\"text-align: justify\"><span class=\"TextRun SCXW66631280 BCX0\"><\/span> <\/p>\n<p style=\"text-align: justify\"><span class=\"TextRun SCXW66631280 BCX0\"><span class=\"NormalTextRun SCXW66631280 BCX0\">Los cursos que ser\u00e1n desarrollados son auxiliar de masaje terap\u00e9utico, reposici\u00f3n de productos, auxiliar de seguridad industrial y salud ocupacional, cajero comercial, oratoria, elaborador de productos de limpieza <\/span><span class=\"NormalTextRun SpellingErrorV2Themed SCXW66631280 BCX0\">industrializiados<\/span><span class=\"NormalTextRun SCXW66631280 BCX0\">, planilla electr\u00f3nica de <\/span><span class=\"NormalTextRun SpellingErrorV2Themed SCXW66631280 BCX0\">excel<\/span> b\u00e1sico y <\/span><span class=\"NormalTextRun SpellingErrorV2Themed SCXW66631280 BCX0\">microsoft<\/span> <span class=\"NormalTextRun SpellingErrorV2Themed SCXW66631280 BCX0\">word<\/span><span class=\"NormalTextRun SCXW66631280 BCX0\">.<\/span><\/p>\n","protected":false},"excerpt":{"rendered":"<p>El Ministerio de Trabajo, Empleo y Seguridad Social (MTESS) a trav\u00e9s del SNPP realiz\u00f3 la presentaci\u00f3n de cursos para usuarios con discapacidad. La iniciativa forma parte de la inclusi\u00f3n laboral, que impulsa la cartera de Estado junto a la Fundaci\u00f3n Saraki. El evento tuvo lugar en la sede central del ente capacitor de la cartera de Estado.<\/p>\n","protected":false},"author":7,"featured_media":27702,"comment_status":"open","ping_status":"open","sticky":false,"template":"","format":"standard","meta":{"_acf_changed":false,"_uag_custom_page_level_css":"","footnotes":""},"categories":[1],"tags":[],"class_list":["post-6968","post","type-post","status-publish","format-standard","has-post-thumbnail","hentry","category-sin-categoria"],"acf":[],"uagb_featured_image_src":{"full":["https:\/\/www.mtess.gov.py\/wp-content\/uploads\/2023\/03\/WhatsApp_Image_2023-03-13_at_11.44.19-20240926-183627.jpeg",1560,1040,false],"thumbnail":["https:\/\/www.mtess.gov.py\/wp-content\/uploads\/2023\/03\/WhatsApp_Image_2023-03-13_at_11.44.19-20240926-183627-150x150.jpeg",150,150,true],"medium":["https:\/\/www.mtess.gov.py\/wp-content\/uploads\/2023\/03\/WhatsApp_Image_2023-03-13_at_11.44.19-20240926-183627-300x200.jpeg",300,200,true],"medium_large":["https:\/\/www.mtess.gov.py\/wp-content\/uploads\/2023\/03\/WhatsApp_Image_2023-03-13_at_11.44.19-20240926-183627-768x512.jpeg",768,512,true],"large":["https:\/\/www.mtess.gov.py\/wp-content\/uploads\/2023\/03\/WhatsApp_Image_2023-03-13_at_11.44.19-20240926-183627-300x200.jpeg",300,200,true],"1536x1536":["https:\/\/www.mtess.gov.py\/wp-content\/uploads\/2023\/03\/WhatsApp_Image_2023-03-13_at_11.44.19-20240926-183627-1536x1024.jpeg",1536,1024,true],"2048x2048":["https:\/\/www.mtess.gov.py\/wp-content\/uploads\/2023\/03\/WhatsApp_Image_2023-03-13_at_11.44.19-20240926-183627.jpeg",1560,1040,false],"depicter-thumbnail":["https:\/\/www.mtess.gov.py\/wp-content\/uploads\/2023\/03\/WhatsApp_Image_2023-03-13_at_11.44.19-20240926-183627.jpeg",200,133,false]},"uagb_author_info":{"display_name":"Lucas Santacruz","author_link":"https:\/\/www.mtess.gov.py\/?author=7"},"uagb_comment_info":0,"uagb_excerpt":"El Ministerio de Trabajo, Empleo y Seguridad Social (MTESS) a trav\u00e9s del SNPP realiz\u00f3 la presentaci\u00f3n de cursos para usuarios con discapacidad. La iniciativa forma parte de la inclusi\u00f3n laboral, que impulsa la cartera de Estado junto a la Fundaci\u00f3n Saraki. El evento tuvo lugar en la sede central del ente capacitor de la cartera&hellip;","_links":{"self":[{"href":"https:\/\/www.mtess.gov.py\/index.php?rest_route=\/wp\/v2\/posts\/6968","targetHints":{"allow":["GET"]}}],"collection":[{"href":"https:\/\/www.mtess.gov.py\/index.php?rest_route=\/wp\/v2\/posts"}],"about":[{"href":"https:\/\/www.mtess.gov.py\/index.php?rest_route=\/wp\/v2\/types\/post"}],"author":[{"embeddable":true,"href":"https:\/\/www.mtess.gov.py\/index.php?rest_route=\/wp\/v2\/users\/7"}],"replies":[{"embeddable":true,"href":"https:\/\/www.mtess.gov.py\/index.php?rest_route=%2Fwp%2Fv2%2Fcomments&post=6968"}],"version-history":[{"count":0,"href":"https:\/\/www.mtess.gov.py\/index.php?rest_route=\/wp\/v2\/posts\/6968\/revisions"}],"wp:featuredmedia":[{"embeddable":true,"href":"https:\/\/www.mtess.gov.py\/index.php?rest_route=\/wp\/v2\/media\/27702"}],"wp:attachment":[{"href":"https:\/\/www.mtess.gov.py\/index.php?rest_route=%2Fwp%2Fv2%2Fmedia&parent=6968"}],"wp:term":[{"taxonomy":"category","embeddable":true,"href":"https:\/\/www.mtess.gov.py\/index.php?rest_route=%2Fwp%2Fv2%2Fcategories&post=6968"},{"taxonomy":"post_tag","embeddable":true,"href":"https:\/\/www.mtess.gov.py\/index.php?rest_route=%2Fwp%2Fv2%2Ftags&post=6968"}],"curies":[{"name":"wp","href":"https:\/\/api.w.org\/{rel}","templated":true}]}}