{"id":6975,"date":"2023-03-03T17:57:00","date_gmt":"2023-03-03T21:57:00","guid":{"rendered":"https:\/\/bi.mtess.gov.py\/v1\/?p=6975"},"modified":"2023-03-03T17:57:00","modified_gmt":"2023-03-03T21:57:00","slug":"ministra-de-trabajo-insto-a-los-altoparanaenses-a-capacitarse-para-aprovechar-las-oportunidades-laborales","status":"publish","type":"post","link":"https:\/\/www.mtess.gov.py\/?p=6975","title":{"rendered":"Ministra de Trabajo inst\u00f3 a los altoparanaenses a capacitarse para aprovechar las oportunidades laborales"},"content":{"rendered":"<p style=\"text-align: justify\"><span style=\"font-size: 16px\">La principal sede del SNPP en el<br \/>\ndepartamento del Alto Paran\u00e1 se encuentra en la ciudad de<br \/>\nHernandarias, donde se<br \/>\nimparten carreras de tecnicartura superior, entre ellas de mec\u00e1nica<br \/>\nautomotriz, de mecatr\u00f3nica y electricidad industrial, que duran dos<br \/>\na\u00f1os; adem\u00e1s de cursos de corta duraci\u00f3n en diversas<br \/>\nespecialidades. Tambi\u00e9n est\u00e1<br \/>\notra sede de formaci\u00f3n, dependiente del Ministerio de Trabajo, en<br \/>\nla ciudad de Santa Rita, que posee buenos equipos para el buen<br \/>\naprendizaje de los alumnos. Otros centros de capacitaci\u00f3n<br \/>\nse encuentran en Remansito y en zona Franca Global, en Ciudad del<br \/>\nEste, con variados cursos.<\/span><\/p>\n<p style=\"text-align: justify\"><span style=\"font-size: 16px\">Durante<br \/>\nla feria de empleo presencial en la sede de Codeleste, ubicada en el<br \/>\nbarrio Boquer\u00f3n de la capital departamental, desde<br \/>\nlas 8:30 a 11:00, los<br \/>\nbuscadores de trabajo se postularon para los puestos de<br \/>\ncostureros\/ras, auxiliar<br \/>\nde mec\u00e1nica industrial, auxiliar de caja, cajeros, auxiliar de<br \/>\ncomercio exterior, gerente de marketing, vendedores, entre otros.<br \/>\nLas empresas  instalaron sus stands, donde luego de recibir los<br \/>\ncurr\u00edculum entrevistaron a las personas, generalmente j\u00f3venes,<br \/>\ninteresadas en las vacancias disponibles.<\/span><\/p>\n<p style=\"text-align: justify\"><span style=\"font-size: 16px\">\u201cTenemos<br \/>\nmuch\u00edsimas oportunidades de seguir creciendo, y lo podemos hacer<br \/>\ncapacit\u00e1ndonos en alg\u00fan oficio, una nueva habilidad laboral, porque<br \/>\nsi hoy no entro, puedo hacerlo en la pr\u00f3xima feria de empleo que ya<br \/>\nestamos organizando de nuevo. Hoy Alto Paran\u00e1 es como un im\u00e1n de<br \/>\ninversi\u00f3n tanto extranjera como nacional y tenemos que empresas que<br \/>\nse est\u00e1n posicionando\u201d, dijo la ministra Bacigalupo, al instar a<br \/>\ncapacitarse a las m\u00e1s de 700 personas que acudieron a la feria de<br \/>\nempleo en la ma\u00f1ana de hoy.<\/span><\/p>\n<p style=\"text-align: justify\"><strong><span style=\"font-size: 16px\">ALIANZAS<br \/>\nCON EMPRESAS<\/span><\/strong><\/p>\n<p style=\"text-align: justify\"><span style=\"font-size: 16px\"><br \/>\nEntre varias otras actividades en<br \/>\nel Alto Paran\u00e1, la ministra de Trabajo concret\u00f3 alianza con dos<br \/>\nimportantes empresas, una con sede en Asunci\u00f3n, y otra en Minga<br \/>\nGuaz\u00fa, Alto Paran\u00e1. Suscribi\u00f3 convenio con Rieder &amp; c\u00eda.<br \/>\nS.A.C.I. y  Roca Laminados Sint\u00e9ticos S.A. respectivamente para<br \/>\nrealizar actividades conjuntas, principalmente capacitaci\u00f3n con<br \/>\noportunidades de inserci\u00f3n laboral de los egresados en estas<br \/>\nempresas.<\/span><\/p>\n<p style=\"text-align: justify\"><strong><span style=\"font-size: 16px\">HOMENAJE<br \/>\nA LA MUJER PARAGUAYA<\/span><\/strong><\/p>\n<p style=\"text-align: justify\"><span style=\"font-size: 16px\"><br \/>\nPor la noche la ministra de<br \/>\nTrabajo participar\u00e1 de un evento de homenaje a la mujer paraguaya,<br \/>\norganizado por la<br \/>\nAsociaci\u00f3n de Mujeres Emprendedoras del Alto Paran\u00e1 (Amedap). Se<br \/>\nrealizar\u00e1 en el Hotel Las Ventanas del Paran\u00e1 Country Club.<\/span><\/p>\n","protected":false},"excerpt":{"rendered":"<p>La ministra de Trabajo, Carla Bacigalupo, desarrolla hoy varias actividades en el departamento del Alto Paran\u00e1, donde en horas de la ma\u00f1ana particip\u00f3 de la feria de empleo en la sede del Consejo de Desarrollo de Ciudad del Este (Codeleste), con 257 vacancias laborales en empresas del sector privado. En la ocasi\u00f3n inst\u00f3 a los buscadores de empleo a capacitarse a trav\u00e9s de los cuatro centros de formaci\u00f3n que cuenta el Servicio Nacional de Promoci\u00f3n Profesional (SNPP) en esta zona del pa\u00eds.<\/p>\n","protected":false},"author":7,"featured_media":27708,"comment_status":"open","ping_status":"open","sticky":false,"template":"","format":"standard","meta":{"_acf_changed":false,"_uag_custom_page_level_css":"","footnotes":""},"categories":[1],"tags":[],"class_list":["post-6975","post","type-post","status-publish","format-standard","has-post-thumbnail","hentry","category-sin-categoria"],"acf":[],"uagb_featured_image_src":{"full":["https:\/\/www.mtess.gov.py\/wp-content\/uploads\/2023\/03\/1-20240926-183636.jpg",1600,900,false],"thumbnail":["https:\/\/www.mtess.gov.py\/wp-content\/uploads\/2023\/03\/1-20240926-183636-150x150.jpg",150,150,true],"medium":["https:\/\/www.mtess.gov.py\/wp-content\/uploads\/2023\/03\/1-20240926-183636-300x169.jpg",300,169,true],"medium_large":["https:\/\/www.mtess.gov.py\/wp-content\/uploads\/2023\/03\/1-20240926-183636-768x432.jpg",768,432,true],"large":["https:\/\/www.mtess.gov.py\/wp-content\/uploads\/2023\/03\/1-20240926-183636-300x169.jpg",300,169,true],"1536x1536":["https:\/\/www.mtess.gov.py\/wp-content\/uploads\/2023\/03\/1-20240926-183636-1536x864.jpg",1536,864,true],"2048x2048":["https:\/\/www.mtess.gov.py\/wp-content\/uploads\/2023\/03\/1-20240926-183636.jpg",1600,900,false],"depicter-thumbnail":["https:\/\/www.mtess.gov.py\/wp-content\/uploads\/2023\/03\/1-20240926-183636.jpg",200,113,false]},"uagb_author_info":{"display_name":"Lucas Santacruz","author_link":"https:\/\/www.mtess.gov.py\/?author=7"},"uagb_comment_info":0,"uagb_excerpt":"La ministra de Trabajo, Carla Bacigalupo, desarrolla hoy varias actividades en el departamento del Alto Paran\u00e1, donde en horas de la ma\u00f1ana particip\u00f3 de la feria de empleo en la sede del Consejo de Desarrollo de Ciudad del Este (Codeleste), con 257 vacancias laborales en empresas del sector privado. En la ocasi\u00f3n inst\u00f3 a los&hellip;","_links":{"self":[{"href":"https:\/\/www.mtess.gov.py\/index.php?rest_route=\/wp\/v2\/posts\/6975","targetHints":{"allow":["GET"]}}],"collection":[{"href":"https:\/\/www.mtess.gov.py\/index.php?rest_route=\/wp\/v2\/posts"}],"about":[{"href":"https:\/\/www.mtess.gov.py\/index.php?rest_route=\/wp\/v2\/types\/post"}],"author":[{"embeddable":true,"href":"https:\/\/www.mtess.gov.py\/index.php?rest_route=\/wp\/v2\/users\/7"}],"replies":[{"embeddable":true,"href":"https:\/\/www.mtess.gov.py\/index.php?rest_route=%2Fwp%2Fv2%2Fcomments&post=6975"}],"version-history":[{"count":0,"href":"https:\/\/www.mtess.gov.py\/index.php?rest_route=\/wp\/v2\/posts\/6975\/revisions"}],"wp:featuredmedia":[{"embeddable":true,"href":"https:\/\/www.mtess.gov.py\/index.php?rest_route=\/wp\/v2\/media\/27708"}],"wp:attachment":[{"href":"https:\/\/www.mtess.gov.py\/index.php?rest_route=%2Fwp%2Fv2%2Fmedia&parent=6975"}],"wp:term":[{"taxonomy":"category","embeddable":true,"href":"https:\/\/www.mtess.gov.py\/index.php?rest_route=%2Fwp%2Fv2%2Fcategories&post=6975"},{"taxonomy":"post_tag","embeddable":true,"href":"https:\/\/www.mtess.gov.py\/index.php?rest_route=%2Fwp%2Fv2%2Ftags&post=6975"}],"curies":[{"name":"wp","href":"https:\/\/api.w.org\/{rel}","templated":true}]}}