{"id":6977,"date":"2023-02-28T13:52:00","date_gmt":"2023-02-28T17:52:00","guid":{"rendered":"https:\/\/bi.mtess.gov.py\/v1\/?p=6977"},"modified":"2023-02-28T13:52:00","modified_gmt":"2023-02-28T17:52:00","slug":"ministerio-de-trabajo-comunica-a-empresas-que-inicia-periodo-de-presentacion-de-planillas-laborales","status":"publish","type":"post","link":"https:\/\/www.mtess.gov.py\/?p=6977","title":{"rendered":"Ministerio de Trabajo comunica a empresas que inicia per\u00edodo de presentaci\u00f3n de planillas laborales"},"content":{"rendered":"<p style=\"text-align: justify\"><span style=\"font-size: 16px\">Las remisiones se deben realizar<br \/>\na trav\u00e9s del sistema inform\u00e1tico, v\u00eda p\u00e1gina web<br \/>\n(<a href=\"http:\/\/www.mtess.gov.py\/\"><strong><\/strong><\/a><strong><a href=\"http:\/\/www.mtess.gov.py\">www.mtess.gov.py<\/a><\/strong>), y<br \/>\nlas patronales que no cumplan con la obligaci\u00f3n dentro del plazo<br \/>\nestablecido se expondr\u00e1n a multas previstas en el art\u00edculo 11 del<br \/>\nDecreto N\u00ba 8304\/2017 y su modificaci\u00f3n seg\u00fan Decreto N\u00ba<br \/>\n9368)2018.<\/span><\/p>\n<p style=\"text-align: justify\"><span style=\"font-size: 16px\"><br \/>\nLa presentaci\u00f3n de las planillas laborales ser\u00e1<br \/>\nexclusivamente a trav\u00e9s del sistema inform\u00e1tico, v\u00eda p\u00e1gina web<br \/>\ndel Ministerio de Trabajo,<br \/>\n<a href=\"https:\/\/www.mtess.gov.py\/viceministerio-de-trabajo\/direccion-de-registro-obrero-patronal\"><strong><\/strong><\/a><strong><a href=\"https:\/\/www.mtess.gov.py\/viceministerio-de-trabajo\/direccion-de-registro-obrero-patronal\">https:\/\/www.mtess.gov.py\/viceministerio-de-trabajo&#8230;<\/a><\/strong>,<br \/>\npor parte de los empleadores, a la Direcci\u00f3n de Registro<br \/>\nObrero Patronal. Los documentos remitidos tendr\u00e1n valor de<br \/>\ndeclaraci\u00f3n jurada del empleador o patronal, y la presentaci\u00f3n ser\u00e1<br \/>\nefectuada a trav\u00e9s de los pasos detallados en el manual del usuario<br \/>\nde la secci\u00f3n \u201cPresentaci\u00f3n de planillas laborales\u201d.<br \/>\n<\/span><\/p>\n<p style=\"text-align: justify\"><span style=\"font-size: 16px\">El<br \/>\nsistema online se implementa en el marco de la modernizaci\u00f3n del<br \/>\nMinisterio de Trabajo, que ha logrado incorporar la tecnolog\u00eda que<br \/>\npermite la recepci\u00f3n de las planillas laborales v\u00eda red de internet<br \/>\nde todas las empresas del pa\u00eds.<\/span><\/p>\n<p style=\"text-align: justify\"><span style=\"font-size: 16px\">Ver<br \/>\nresoluci\u00f3n en el siguiente enlace: <\/span><strong><a href=\"https:\/\/bit.ly\/41vz8ff\"><span style=\"font-size: 16px\">https:\/\/bit.ly\/41vz8ff<\/span><\/a><br \/>\n <\/strong><\/p>\n","protected":false},"excerpt":{"rendered":"<p>El Ministerio de Trabajo, Empleo y Seguridad Social (MTESS) informa a las empresas que desde ma\u00f1ana 1 de marzo se iniciar\u00e1 el periodo para la presentaci\u00f3n de las planillas laborales del ejercicio fiscal 2022 y culminar\u00e1 el 30 de abril pr\u00f3ximo, conforme se estableci\u00f3 mediante la Resoluci\u00f3n N\u00ba 66\/2023 de la cartera de Estado.<\/p>\n","protected":false},"author":7,"featured_media":27710,"comment_status":"open","ping_status":"open","sticky":false,"template":"","format":"standard","meta":{"_acf_changed":false,"_uag_custom_page_level_css":"","footnotes":""},"categories":[1],"tags":[],"class_list":["post-6977","post","type-post","status-publish","format-standard","has-post-thumbnail","hentry","category-sin-categoria"],"acf":[],"uagb_featured_image_src":{"full":["https:\/\/www.mtess.gov.py\/wp-content\/uploads\/2023\/02\/9-11.jpg",1599,1066,false],"thumbnail":["https:\/\/www.mtess.gov.py\/wp-content\/uploads\/2023\/02\/9-11-150x150.jpg",150,150,true],"medium":["https:\/\/www.mtess.gov.py\/wp-content\/uploads\/2023\/02\/9-11-300x200.jpg",300,200,true],"medium_large":["https:\/\/www.mtess.gov.py\/wp-content\/uploads\/2023\/02\/9-11-768x512.jpg",768,512,true],"large":["https:\/\/www.mtess.gov.py\/wp-content\/uploads\/2023\/02\/9-11-300x200.jpg",300,200,true],"1536x1536":["https:\/\/www.mtess.gov.py\/wp-content\/uploads\/2023\/02\/9-11-1536x1024.jpg",1536,1024,true],"2048x2048":["https:\/\/www.mtess.gov.py\/wp-content\/uploads\/2023\/02\/9-11.jpg",1599,1066,false],"depicter-thumbnail":["https:\/\/www.mtess.gov.py\/wp-content\/uploads\/2023\/02\/9-11.jpg",200,133,false]},"uagb_author_info":{"display_name":"Lucas Santacruz","author_link":"https:\/\/www.mtess.gov.py\/?author=7"},"uagb_comment_info":0,"uagb_excerpt":"El Ministerio de Trabajo, Empleo y Seguridad Social (MTESS) informa a las empresas que desde ma\u00f1ana 1 de marzo se iniciar\u00e1 el periodo para la presentaci\u00f3n de las planillas laborales del ejercicio fiscal 2022 y culminar\u00e1 el 30 de abril pr\u00f3ximo, conforme se estableci\u00f3 mediante la Resoluci\u00f3n N\u00ba 66\/2023 de la cartera de Estado.","_links":{"self":[{"href":"https:\/\/www.mtess.gov.py\/index.php?rest_route=\/wp\/v2\/posts\/6977","targetHints":{"allow":["GET"]}}],"collection":[{"href":"https:\/\/www.mtess.gov.py\/index.php?rest_route=\/wp\/v2\/posts"}],"about":[{"href":"https:\/\/www.mtess.gov.py\/index.php?rest_route=\/wp\/v2\/types\/post"}],"author":[{"embeddable":true,"href":"https:\/\/www.mtess.gov.py\/index.php?rest_route=\/wp\/v2\/users\/7"}],"replies":[{"embeddable":true,"href":"https:\/\/www.mtess.gov.py\/index.php?rest_route=%2Fwp%2Fv2%2Fcomments&post=6977"}],"version-history":[{"count":0,"href":"https:\/\/www.mtess.gov.py\/index.php?rest_route=\/wp\/v2\/posts\/6977\/revisions"}],"wp:featuredmedia":[{"embeddable":true,"href":"https:\/\/www.mtess.gov.py\/index.php?rest_route=\/wp\/v2\/media\/27710"}],"wp:attachment":[{"href":"https:\/\/www.mtess.gov.py\/index.php?rest_route=%2Fwp%2Fv2%2Fmedia&parent=6977"}],"wp:term":[{"taxonomy":"category","embeddable":true,"href":"https:\/\/www.mtess.gov.py\/index.php?rest_route=%2Fwp%2Fv2%2Fcategories&post=6977"},{"taxonomy":"post_tag","embeddable":true,"href":"https:\/\/www.mtess.gov.py\/index.php?rest_route=%2Fwp%2Fv2%2Ftags&post=6977"}],"curies":[{"name":"wp","href":"https:\/\/api.w.org\/{rel}","templated":true}]}}