{"id":6980,"date":"2023-02-22T20:12:00","date_gmt":"2023-02-23T00:12:00","guid":{"rendered":"https:\/\/bi.mtess.gov.py\/v1\/?p=6980"},"modified":"2023-02-22T20:12:00","modified_gmt":"2023-02-23T00:12:00","slug":"el-mtess-conforma-una-mesa-tecnica-para-analizar-salario-minimo-canasta-basica-y-precio-de-combustible","status":"publish","type":"post","link":"https:\/\/www.mtess.gov.py\/?p=6980","title":{"rendered":"El MTESS conforma una mesa t\u00e9cnica para analizar salario m\u00ednimo, canasta b\u00e1sica y precio de combustible"},"content":{"rendered":"<p style=\"text-align: justify\"><span style=\"font-size: 16px\">En la ocasi\u00f3n ministra<br \/>\nBacigalupo, expuso sobre el Plan Nacional de Empleo que lleva<br \/>\nadelante la cartera de Estado con la participaci\u00f3n de los sectores<br \/>\nsindicales, empleadores y la Organizaci\u00f3n Internacional del Trabajo<br \/>\n(OIT). Brind\u00f3 detalles de los avances y las tareas que se vienen<br \/>\nrealizando en coordinaci\u00f3n con las otras instituciones comprometidas<br \/>\npara lograr el \u00e9xito en la ejecuci\u00f3n del plan.<\/span><\/p>\n<p style=\"text-align: justify\"><span style=\"font-size: 16px\">El<br \/>\nPlan Nacional de Empleo 2022-2026, impulsado<br \/>\npor el Ministerio de Trabajo<br \/>\nfue aprobado en mayo del a\u00f1o<br \/>\npasado por Decreto N\u00ba<br \/>\n7029\/22. El documento fue elaborado de manera tripartita (el sector<br \/>\ntrabajador, empleador y gobierno) y tiene como objetivo fomentar el<br \/>\nempleo decente impulsando pol\u00edticas y acciones que contribuyan a la<br \/>\nreactivaci\u00f3n y el crecimiento econ\u00f3mico, la estimulaci\u00f3n de la<br \/>\ndemanda, la reconversi\u00f3n laboral, el potenciamiento de adecuadas<br \/>\nhabilidades y competencias, la intermediaci\u00f3n laboral y el<br \/>\nfortalecimiento institucional en un contexto inclusivo y sostenido.<br \/>\n<\/span><\/p>\n<p style=\"text-align: justify\"><span style=\"font-size: 16px\">Como<br \/>\nrepresentante del sector empleador particip\u00f3 del encuentro el<br \/>\npresidente de la Uni\u00f3n Industrial Paraguaya (UIP), Enrique Duarte;<br \/>\nestuvo tambi\u00e9n un vocero de la Asociaci\u00f3n Rural del Paraguay (ARP);<br \/>\nasimismo de los ministerios de Hacienda y de Industria y Comercio.<br \/>\nEntre los dirigentes sindicales participaron Miguel Zayas, Jorge<br \/>\nAlvarenga, Reinaldo Barreto y Sonia Leguizam\u00f3n. Igualmente, mediante<br \/>\nun enlace virtual particip\u00f3 Fabio Bertranou,  Fabio Bertranou,<br \/>\ndirector de la Oficina de la OIT para el Cono Sur de Am\u00e9rica Latina,<br \/>\ny Gerhard Reinecke, quien estuvo presente en el encuentro.<br \/>\n<\/span><\/p>\n<p style=\"text-align: justify\"><span style=\"font-size: 16px\">La<br \/>\nreuni\u00f3n se realiz\u00f3 a pedido de las centrales obreras para tratar la<br \/>\np\u00e9rdida del poder adquisitivo del salario m\u00ednimo, el precio de los<br \/>\nproductos b\u00e1sicos de la canasta familiar y el impacto en la econom\u00eda<br \/>\nel alto precio de los combustibles. En la ocasi\u00f3n se decidi\u00f3<br \/>\nconformar una mesa t\u00e9cnica con representantes de los diversos<br \/>\nsectores, de manera que se pueda encontrar un camino de soluci\u00f3n y<br \/>\ntomar una decisi\u00f3n que beneficie a la clase trabajadora asalariada<br \/>\ndel pa\u00eds.<\/span><\/p>\n<p style=\"text-align: justify\"><span style=\"font-size: 16px\">En<br \/>\nesta reuni\u00f3n del Consejo Consultivo Tripartito, los representantes<br \/>\nde los diversos sectores expusieron su preocupaci\u00f3n y puntos de<br \/>\nvista sobre los temas tratados. Coincidieron en que se deben analizar<br \/>\nlos problemas que se presentan en la actualidad y tratar de encontrar<br \/>\nsoluci\u00f3n. La primera reuni\u00f3n de esta mesa t\u00e9cnica se realizar\u00e1 en<br \/>\nhoras de la tarde de la pr\u00f3xima semana en la sede del Ministerio de<br \/>\nTrabajo, Empleo y Seguridad Social.   <\/span><\/p>\n","protected":false},"excerpt":{"rendered":"<p>La ministra de Trabajo, Carla Bacigalupo, en la tarde de hoy mantuvo una reuni\u00f3n con representantes de centrales obreras y del sector de empleadores, que integran el Consejo Consultivo Tripartito junto con la cartera de Estado, y en la ocasi\u00f3n decidieron conformar una mesa t\u00e9cnica para analizar el salario m\u00ednimo legal vigente, la canasta b\u00e1sica familiar y el impacto del precio de combustibles en la econom\u00eda nacional.<\/p>\n","protected":false},"author":7,"featured_media":27713,"comment_status":"open","ping_status":"open","sticky":false,"template":"","format":"standard","meta":{"_acf_changed":false,"_uag_custom_page_level_css":"","footnotes":""},"categories":[1],"tags":[],"class_list":["post-6980","post","type-post","status-publish","format-standard","has-post-thumbnail","hentry","category-sin-categoria"],"acf":[],"uagb_featured_image_src":{"full":["https:\/\/www.mtess.gov.py\/wp-content\/uploads\/2023\/02\/1-20240926-183643.jpg",1600,900,false],"thumbnail":["https:\/\/www.mtess.gov.py\/wp-content\/uploads\/2023\/02\/1-20240926-183643-150x150.jpg",150,150,true],"medium":["https:\/\/www.mtess.gov.py\/wp-content\/uploads\/2023\/02\/1-20240926-183643-300x169.jpg",300,169,true],"medium_large":["https:\/\/www.mtess.gov.py\/wp-content\/uploads\/2023\/02\/1-20240926-183643-768x432.jpg",768,432,true],"large":["https:\/\/www.mtess.gov.py\/wp-content\/uploads\/2023\/02\/1-20240926-183643-300x169.jpg",300,169,true],"1536x1536":["https:\/\/www.mtess.gov.py\/wp-content\/uploads\/2023\/02\/1-20240926-183643-1536x864.jpg",1536,864,true],"2048x2048":["https:\/\/www.mtess.gov.py\/wp-content\/uploads\/2023\/02\/1-20240926-183643.jpg",1600,900,false],"depicter-thumbnail":["https:\/\/www.mtess.gov.py\/wp-content\/uploads\/2023\/02\/1-20240926-183643.jpg",200,113,false]},"uagb_author_info":{"display_name":"Lucas Santacruz","author_link":"https:\/\/www.mtess.gov.py\/?author=7"},"uagb_comment_info":0,"uagb_excerpt":"La ministra de Trabajo, Carla Bacigalupo, en la tarde de hoy mantuvo una reuni\u00f3n con representantes de centrales obreras y del sector de empleadores, que integran el Consejo Consultivo Tripartito junto con la cartera de Estado, y en la ocasi\u00f3n decidieron conformar una mesa t\u00e9cnica para analizar el salario m\u00ednimo legal vigente, la canasta b\u00e1sica&hellip;","_links":{"self":[{"href":"https:\/\/www.mtess.gov.py\/index.php?rest_route=\/wp\/v2\/posts\/6980","targetHints":{"allow":["GET"]}}],"collection":[{"href":"https:\/\/www.mtess.gov.py\/index.php?rest_route=\/wp\/v2\/posts"}],"about":[{"href":"https:\/\/www.mtess.gov.py\/index.php?rest_route=\/wp\/v2\/types\/post"}],"author":[{"embeddable":true,"href":"https:\/\/www.mtess.gov.py\/index.php?rest_route=\/wp\/v2\/users\/7"}],"replies":[{"embeddable":true,"href":"https:\/\/www.mtess.gov.py\/index.php?rest_route=%2Fwp%2Fv2%2Fcomments&post=6980"}],"version-history":[{"count":0,"href":"https:\/\/www.mtess.gov.py\/index.php?rest_route=\/wp\/v2\/posts\/6980\/revisions"}],"wp:featuredmedia":[{"embeddable":true,"href":"https:\/\/www.mtess.gov.py\/index.php?rest_route=\/wp\/v2\/media\/27713"}],"wp:attachment":[{"href":"https:\/\/www.mtess.gov.py\/index.php?rest_route=%2Fwp%2Fv2%2Fmedia&parent=6980"}],"wp:term":[{"taxonomy":"category","embeddable":true,"href":"https:\/\/www.mtess.gov.py\/index.php?rest_route=%2Fwp%2Fv2%2Fcategories&post=6980"},{"taxonomy":"post_tag","embeddable":true,"href":"https:\/\/www.mtess.gov.py\/index.php?rest_route=%2Fwp%2Fv2%2Ftags&post=6980"}],"curies":[{"name":"wp","href":"https:\/\/api.w.org\/{rel}","templated":true}]}}