{"id":6982,"date":"2023-02-21T12:50:00","date_gmt":"2023-02-21T16:50:00","guid":{"rendered":"https:\/\/bi.mtess.gov.py\/v1\/?p=6982"},"modified":"2023-02-21T12:50:00","modified_gmt":"2023-02-21T16:50:00","slug":"capacitan-a-tecnicos-y-extensionistas-agrarios-para-mejorar-calidad-de-vida-de-pobladores-que-realizan-agricultura-familiar","status":"publish","type":"post","link":"https:\/\/www.mtess.gov.py\/?p=6982","title":{"rendered":"Capacitan a t\u00e9cnicos y extensionistas agrarios para mejorar calidad de vida de pobladores que realizan agricultura familiar"},"content":{"rendered":"<p style=\"text-align: justify\"><span style=\"font-size: 16px\">El objetivo principal del taller<br \/>\nfue de conocer sobre la tem\u00e1tica del trabajo infantil, normativas,<br \/>\nlas 26 actividades peligrosas descriptas en el Decreto 4951\/05, as\u00ed<br \/>\ncomo la protecci\u00f3n del trabajo adolescente, horarios de trabajo, el<br \/>\ncontrato de aprendiz, la importancia de la seguridad social. En<br \/>\ncuanto a salud y seguridad en el trabajo, se ha hablado sobre los<br \/>\nriesgos laborales, la evaluaci\u00f3n de riesgos, la prevenci\u00f3n de<br \/>\nriesgos en el sector agr\u00edcola entre otros temas, a la vez el Centro<br \/>\nde Entrenamiento del Emprendedor (CEE) present\u00f3 el portafolio de<br \/>\nopciones para apoyar a emprendedores, espec\u00edficamente en el \u00e1mbito<br \/>\nde la agricultura familiar.<\/span><\/p>\n<p style=\"text-align: justify\"><span style=\"font-size: 16px\">El<br \/>\ntaller tuvo una excelente convocatoria de casi 60 personas<br \/>\nparticipantes, quienes ser\u00e1n los responsables de replicar lo<br \/>\naprendido. Recordamos que esta actividad se realiz\u00f3 en el marco del<br \/>\nproyecto de inserci\u00f3n a los mercados agrarios PIMA, con  el apoyo<br \/>\ndel Banco Mundial, llevado adelante por el MAG. Con estas acciones y<br \/>\nalianzas estrat\u00e9gicas, suman esfuerzos para la erradicaci\u00f3n<br \/>\ndefinitiva de este gran flagelo.<\/span><\/p>\n","protected":false},"excerpt":{"rendered":"<p>El Ministerio de Trabajo Empleo y Seguridad Social (MTESS) y el Ministerio de Agricultura y Ganader\u00eda (MAG), realizaron la capacitaci\u00f3n de t\u00e9cnicos y extensionistas agrarios, actividad que tuvo lugar en la sede de la Direcci\u00f3n de Extensi\u00f3n Agraria, ubicada en la ciudad de San Lorenzo.<\/p>\n","protected":false},"author":7,"featured_media":27715,"comment_status":"open","ping_status":"open","sticky":false,"template":"","format":"standard","meta":{"_acf_changed":false,"_uag_custom_page_level_css":"","footnotes":""},"categories":[1],"tags":[],"class_list":["post-6982","post","type-post","status-publish","format-standard","has-post-thumbnail","hentry","category-sin-categoria"],"acf":[],"uagb_featured_image_src":{"full":["https:\/\/www.mtess.gov.py\/wp-content\/uploads\/2023\/02\/1-20240926-183645.jpg",1600,900,false],"thumbnail":["https:\/\/www.mtess.gov.py\/wp-content\/uploads\/2023\/02\/1-20240926-183645-150x150.jpg",150,150,true],"medium":["https:\/\/www.mtess.gov.py\/wp-content\/uploads\/2023\/02\/1-20240926-183645-300x169.jpg",300,169,true],"medium_large":["https:\/\/www.mtess.gov.py\/wp-content\/uploads\/2023\/02\/1-20240926-183645-768x432.jpg",768,432,true],"large":["https:\/\/www.mtess.gov.py\/wp-content\/uploads\/2023\/02\/1-20240926-183645-300x169.jpg",300,169,true],"1536x1536":["https:\/\/www.mtess.gov.py\/wp-content\/uploads\/2023\/02\/1-20240926-183645-1536x864.jpg",1536,864,true],"2048x2048":["https:\/\/www.mtess.gov.py\/wp-content\/uploads\/2023\/02\/1-20240926-183645.jpg",1600,900,false],"depicter-thumbnail":["https:\/\/www.mtess.gov.py\/wp-content\/uploads\/2023\/02\/1-20240926-183645.jpg",200,113,false]},"uagb_author_info":{"display_name":"Lucas Santacruz","author_link":"https:\/\/www.mtess.gov.py\/?author=7"},"uagb_comment_info":0,"uagb_excerpt":"El Ministerio de Trabajo Empleo y Seguridad Social (MTESS) y el Ministerio de Agricultura y Ganader\u00eda (MAG), realizaron la capacitaci\u00f3n de t\u00e9cnicos y extensionistas agrarios, actividad que tuvo lugar en la sede de la Direcci\u00f3n de Extensi\u00f3n Agraria, ubicada en la ciudad de San Lorenzo.","_links":{"self":[{"href":"https:\/\/www.mtess.gov.py\/index.php?rest_route=\/wp\/v2\/posts\/6982","targetHints":{"allow":["GET"]}}],"collection":[{"href":"https:\/\/www.mtess.gov.py\/index.php?rest_route=\/wp\/v2\/posts"}],"about":[{"href":"https:\/\/www.mtess.gov.py\/index.php?rest_route=\/wp\/v2\/types\/post"}],"author":[{"embeddable":true,"href":"https:\/\/www.mtess.gov.py\/index.php?rest_route=\/wp\/v2\/users\/7"}],"replies":[{"embeddable":true,"href":"https:\/\/www.mtess.gov.py\/index.php?rest_route=%2Fwp%2Fv2%2Fcomments&post=6982"}],"version-history":[{"count":0,"href":"https:\/\/www.mtess.gov.py\/index.php?rest_route=\/wp\/v2\/posts\/6982\/revisions"}],"wp:featuredmedia":[{"embeddable":true,"href":"https:\/\/www.mtess.gov.py\/index.php?rest_route=\/wp\/v2\/media\/27715"}],"wp:attachment":[{"href":"https:\/\/www.mtess.gov.py\/index.php?rest_route=%2Fwp%2Fv2%2Fmedia&parent=6982"}],"wp:term":[{"taxonomy":"category","embeddable":true,"href":"https:\/\/www.mtess.gov.py\/index.php?rest_route=%2Fwp%2Fv2%2Fcategories&post=6982"},{"taxonomy":"post_tag","embeddable":true,"href":"https:\/\/www.mtess.gov.py\/index.php?rest_route=%2Fwp%2Fv2%2Ftags&post=6982"}],"curies":[{"name":"wp","href":"https:\/\/api.w.org\/{rel}","templated":true}]}}