{"id":6983,"date":"2023-02-20T14:04:00","date_gmt":"2023-02-20T18:04:00","guid":{"rendered":"https:\/\/bi.mtess.gov.py\/v1\/?p=6983"},"modified":"2023-02-20T14:04:00","modified_gmt":"2023-02-20T18:04:00","slug":"ministerio-de-trabajo-capacitara-a-futuros-operarios-de-una-fabrica-de-etanol-que-ocupara-a-unas-2-000-personas","status":"publish","type":"post","link":"https:\/\/www.mtess.gov.py\/?p=6983","title":{"rendered":"Ministerio de Trabajo capacitar\u00e1 a futuros operarios de una f\u00e1brica de etanol que ocupar\u00e1 a unas 2.000 personas"},"content":{"rendered":"<p style=\"text-align: justify\"><span style=\"font-size: 16px\">En<br \/>\nla ma\u00f1ana de hoy, la ministra de Trabajo, Carla Bacigalupo y el<br \/>\npresidente de la empresa Monteverde SA, Roberto Leiva Mart\u00ednez,<br \/>\nfirmaron un convenio para llevar adelante el proyecto de<br \/>\ncapacitaci\u00f3n, principalmente de pobladores de General Mor\u00ednigo y<br \/>\ntambi\u00e9n de otras zonas del departamento caazape\u00f1o. La empresa<br \/>\nemplear\u00e1 adem\u00e1s a cientos de trabajadores durante la etapa de la<br \/>\nconstrucci\u00f3n de la futura f\u00e1brica, que estar\u00e1 asentada en la<br \/>\ncompa\u00f1\u00eda San Antonio de esta ciudad.<\/span><\/p>\n<p style=\"text-align: justify\">\n<span style=\"font-size: 16px\">La<br \/>\nministra Bacigalupo manifest\u00f3 que es muy importante la instalaci\u00f3n<br \/>\nde esta planta industrial en una zona donde se precisa fuente de<br \/>\ntrabajo para los pobladores. Se refiri\u00f3 al Plan Nacional de Empleo<br \/>\nque lleva adelante el Ministerio de Trabajo, que tiene como principal<br \/>\nobjetivo la capacitaci\u00f3n en varias \u00e1reas, sobre todo t\u00e9cnicas,<br \/>\npara la inserci\u00f3n al mercado laboral de los pobladores de diferentes<br \/>\nedades.<\/span><\/p>\n<p style=\"text-align: justify\"><span style=\"font-size: 16px\">Por<br \/>\nsu parte Leiva Mart\u00ednez se\u00f1al\u00f3 que el emprendimiento generar\u00e1 un<br \/>\ngran impacto en la zona en materia de empleo y el movimiento<br \/>\necon\u00f3mico. \u201cNo solamente va a generar un impacto en General<br \/>\nMor\u00ednigo, sino en todo el departamento, por la mano de obra que se<br \/>\nva a requerir\u201d, sostuvo el presidente de Monteverde SA. La firma<br \/>\nnecesitar\u00e1 de unas 10.000 hect\u00e1reas permanente de cultivo de ca\u00f1a<br \/>\ndulce para la producci\u00f3n de etanal, que beneficiar\u00e1 a los<br \/>\nproductores agr\u00edcolas, seg\u00fan informaron.<\/span><\/p>\n<p style=\"text-align: justify\"><strong><span style=\"font-size: 16px\">CAPACITACI\u00d3N<br \/>\nDUAL<\/span><\/strong><\/p>\n<p style=\"text-align: justify\">\n<span style=\"font-size: 16px\">Por<br \/>\notro lado, el Ministerio<br \/>\nde Trabajo, Empleo y Seguridad Social (MTESS) y la empresa De la<br \/>\nSobera formalizaron el<br \/>\ntrabajo conjunto que ya vienen realizando para<br \/>\ncapacitar a los j\u00f3venes mediante la modalidad dual, que implica 70 %<br \/>\nde pr\u00e1ctica en las instalaciones de la firma y 30 % en aula, a<br \/>\ntrav\u00e9s del Servicio Nacional de Promoci\u00f3n Profesional (SNPP), ente<br \/>\ndependiente de la cartera de Estado.<br \/>\n<\/span><\/p>\n<p style=\"text-align: justify\">\n<span style=\"font-size: 16px\">El<br \/>\nmodelo de formaci\u00f3n dual es una modalidad de ense\u00f1anza que se basa<br \/>\nen un r\u00e9gimen de capacitaci\u00f3n combinada, es decir con mayor tiempo<br \/>\nde pr\u00e1ctica que se complementa con las clases te\u00f3ricas, conforme a<br \/>\nun plan curricular. Su duraci\u00f3n es de dos a\u00f1os y los aprendices<br \/>\nperciben un salario de la empresa, con seguro del Instituto de<br \/>\nPrevisi\u00f3n Social (IPS).<br \/>\n<\/span><\/p>\n<p style=\"text-align: justify\"><span style=\"font-size: 16px\"><a name=\"__DdeLink__258_1197263602\"><\/a><br \/>\nEl<br \/>\nPrograma de Formaci\u00f3n Profesional Dual de la cartera de Estado es<br \/>\nuna estrategia de aprendizaje que es implementado en varios pa\u00edses y<br \/>\ntiene como objeto preparar a los aprendices para su vida profesional,<br \/>\nimplementando carreras de formaci\u00f3n profesional en \u00e1reas<br \/>\nespec\u00edficas conforme a la demanda del mercado laboral.<\/span><\/p>\n<p style=\"text-align: justify\">\n<span style=\"font-size: 16px\">La<br \/>\nministra de Trabajo Carla Bacigalupo y el director de la empresa De<br \/>\nla Sobera, Jos\u00e9 Mart\u00ednez Viedma, firmaron en la ma\u00f1ana de hoy un<br \/>\nconvenio de cooperaci\u00f3n para desarrollar el programa de capacitaci\u00f3n<br \/>\ndual. En esta modalidad de capacitaci\u00f3n alrededor de 400 j\u00f3venes se<br \/>\nencuentran trabajando en diferentes empresas que se aliaron con la<br \/>\ncartera de Estado. <\/span><\/p>\n","protected":false},"excerpt":{"rendered":"<p>El Ministerio de Trabajo y la empresa Mondeverde SA concretaron una alianza para la formaci\u00f3n de mano de obra calificada en varias \u00e1reas de alrededor de 2.000 personas que emplear\u00e1 en forma directa la firma privada que instalar\u00e1 una planta industrial de producci\u00f3n de etanol en la ciudad de General Mor\u00ednigo del departamento de Caazap\u00e1.<\/p>\n","protected":false},"author":7,"featured_media":27716,"comment_status":"open","ping_status":"open","sticky":false,"template":"","format":"standard","meta":{"_acf_changed":false,"_uag_custom_page_level_css":"","footnotes":""},"categories":[1],"tags":[],"class_list":["post-6983","post","type-post","status-publish","format-standard","has-post-thumbnail","hentry","category-sin-categoria"],"acf":[],"uagb_featured_image_src":{"full":["https:\/\/www.mtess.gov.py\/wp-content\/uploads\/2023\/02\/1-20240926-183646.jpg",1600,900,false],"thumbnail":["https:\/\/www.mtess.gov.py\/wp-content\/uploads\/2023\/02\/1-20240926-183646-150x150.jpg",150,150,true],"medium":["https:\/\/www.mtess.gov.py\/wp-content\/uploads\/2023\/02\/1-20240926-183646-300x169.jpg",300,169,true],"medium_large":["https:\/\/www.mtess.gov.py\/wp-content\/uploads\/2023\/02\/1-20240926-183646-768x432.jpg",768,432,true],"large":["https:\/\/www.mtess.gov.py\/wp-content\/uploads\/2023\/02\/1-20240926-183646-300x169.jpg",300,169,true],"1536x1536":["https:\/\/www.mtess.gov.py\/wp-content\/uploads\/2023\/02\/1-20240926-183646-1536x864.jpg",1536,864,true],"2048x2048":["https:\/\/www.mtess.gov.py\/wp-content\/uploads\/2023\/02\/1-20240926-183646.jpg",1600,900,false],"depicter-thumbnail":["https:\/\/www.mtess.gov.py\/wp-content\/uploads\/2023\/02\/1-20240926-183646.jpg",200,113,false]},"uagb_author_info":{"display_name":"Lucas Santacruz","author_link":"https:\/\/www.mtess.gov.py\/?author=7"},"uagb_comment_info":0,"uagb_excerpt":"El Ministerio de Trabajo y la empresa Mondeverde SA concretaron una alianza para la formaci\u00f3n de mano de obra calificada en varias \u00e1reas de alrededor de 2.000 personas que emplear\u00e1 en forma directa la firma privada que instalar\u00e1 una planta industrial de producci\u00f3n de etanol en la ciudad de General Mor\u00ednigo del departamento de Caazap\u00e1.","_links":{"self":[{"href":"https:\/\/www.mtess.gov.py\/index.php?rest_route=\/wp\/v2\/posts\/6983","targetHints":{"allow":["GET"]}}],"collection":[{"href":"https:\/\/www.mtess.gov.py\/index.php?rest_route=\/wp\/v2\/posts"}],"about":[{"href":"https:\/\/www.mtess.gov.py\/index.php?rest_route=\/wp\/v2\/types\/post"}],"author":[{"embeddable":true,"href":"https:\/\/www.mtess.gov.py\/index.php?rest_route=\/wp\/v2\/users\/7"}],"replies":[{"embeddable":true,"href":"https:\/\/www.mtess.gov.py\/index.php?rest_route=%2Fwp%2Fv2%2Fcomments&post=6983"}],"version-history":[{"count":0,"href":"https:\/\/www.mtess.gov.py\/index.php?rest_route=\/wp\/v2\/posts\/6983\/revisions"}],"wp:featuredmedia":[{"embeddable":true,"href":"https:\/\/www.mtess.gov.py\/index.php?rest_route=\/wp\/v2\/media\/27716"}],"wp:attachment":[{"href":"https:\/\/www.mtess.gov.py\/index.php?rest_route=%2Fwp%2Fv2%2Fmedia&parent=6983"}],"wp:term":[{"taxonomy":"category","embeddable":true,"href":"https:\/\/www.mtess.gov.py\/index.php?rest_route=%2Fwp%2Fv2%2Fcategories&post=6983"},{"taxonomy":"post_tag","embeddable":true,"href":"https:\/\/www.mtess.gov.py\/index.php?rest_route=%2Fwp%2Fv2%2Ftags&post=6983"}],"curies":[{"name":"wp","href":"https:\/\/api.w.org\/{rel}","templated":true}]}}