{"id":7084,"date":"2022-10-24T11:43:00","date_gmt":"2022-10-24T15:43:00","guid":{"rendered":"https:\/\/bi.mtess.gov.py\/v1\/?p=7084"},"modified":"2022-10-24T11:43:00","modified_gmt":"2022-10-24T15:43:00","slug":"inicia-hoy-el-curso-de-trabajo-adolescente-protegido-con-enfasis-en-el-registro-adolescente-trabajador","status":"publish","type":"post","link":"https:\/\/www.mtess.gov.py\/?p=7084","title":{"rendered":"Inicia hoy el curso de Trabajo Adolescente Protegido con \u00e9nfasis en el Registro Adolescente Trabajador"},"content":{"rendered":"<p style=\"text-align: justify\"><span style=\"font-size: 16px\">La capacitaci\u00f3n que se extender\u00e1<br \/>\nhasta el 18 de noviembre, se desarrollar\u00e1 principalmente las<br \/>\ndefiniciones del trabajo adolescente protegido en el marco del<br \/>\ntrabajo decente y la importancia del sistema de Registro Adolescente<br \/>\nTrabajador, al igual que trabajo infantil, trabajo forzoso y trata de<br \/>\npersonas, as\u00ed como las normativas nacionales e internacionales y las<br \/>\nperores formas del trabajo infantil.<\/span><\/p>\n<p style=\"text-align: justify\"><span style=\"font-size: 16px\">El<br \/>\ncurso est\u00e1 dirigido a los directores regionales de Trabajo, quienes<br \/>\nson hoy d\u00eda los encargados de las Comisiones Departamentales de<br \/>\nErradicaci\u00f3n de Trabajo Infantil (Codeti), por resoluci\u00f3n del MTESS<br \/>\nN\u00b03316\/19, en el marco de la descentralizaci\u00f3n de la Estrategia<br \/>\nNacional de Erradicaci\u00f3n de Trabajo Infantil y Protecci\u00f3n del<br \/>\nTrabajo Adolescente 2019-2024. Adem\u00e1s, se espera la especial<br \/>\nparticiparan de funcionarios de la Consejer\u00eda Municipal por los<br \/>\nDerechos del Ni\u00f1o, Ni\u00f1a y Adolescente (Codeni), quienes trabajan<br \/>\nd\u00eda a d\u00eda en protecci\u00f3n de los derechos de los ni\u00f1os y<br \/>\nadolescentes a nivel pa\u00eds, as\u00ed tambi\u00e9n se extiende la invitaci\u00f3n<br \/>\na la academia, a profesionales del \u00e1rea de ni\u00f1ez y adolescencia,<br \/>\nentre otros.<\/span><\/p>\n<p style=\"text-align: justify\"><span style=\"font-size: 16px\">La<br \/>\ncapacitaci\u00f3n tendr\u00e1 una duraci\u00f3n de 40 horas y estar\u00e1 acompa\u00f1ada<br \/>\npor tutores especializados en la materia, de manera a poder orientar<br \/>\ny dilucidar cualquier duda que se presente. Hasta la fecha m\u00e1s de<br \/>\n400 personas se inscribieron y pueden seguir anot\u00e1ndose hasta el<br \/>\npr\u00f3ximo viernes 28 de octubre, a trav\u00e9s del siguiente enlace<br \/>\n<a href=\"https:\/\/www.snpp.edu.py\/\"><strong><\/strong><\/a><strong><a href=\"https:\/\/www.snpp.edu.py\">https:\/\/www.snpp.edu.py<\/a><\/strong>,<br \/>\ndonde deben registrarse en la plataforma para tener acceso a la<br \/>\ninscripci\u00f3n.<br \/>\n<\/span><\/p>\n<p style=\"text-align: justify\"><span style=\"font-size: 16px\">Esta<br \/>\nactividad se realiza de forma conjunta con el Ministerio de la Ni\u00f1ez<br \/>\ny Adolescencia, apostando al fortalecimiento de capacidades de los<br \/>\nmiembros del Sistema Nacional de Protecci\u00f3n a la Ni\u00f1ez y<br \/>\nAdolescencia y se encuentra enmarcada en la Estrategia Nacional de<br \/>\nPrevenci\u00f3n y Erradicaci\u00f3n del Trabajo Infantil, espec\u00edficamente en<br \/>\nla acci\u00f3n 6 Control Efectivo del Trabajo Adolescente y Promoci\u00f3n<br \/>\ndel Trabajo decente, para los y las adolescentes en Peores Formas de<br \/>\nTrabajo infantil, o en riesgo de estarlo.<\/span><\/p>\n","protected":false},"excerpt":{"rendered":"<p>El Ministerio de Trabajo, Empleo y Seguridad Social (MTESS), a trav\u00e9s de la Direcci\u00f3n General de Protecci\u00f3n a la Ni\u00f1ez y Adolescencia inicia hoy el curso de capacitaci\u00f3n virtual en Trabajo Adolescente Protegido con \u00e9nfasis en Registro Adolescente Trabajador (RAT) que se impartir\u00e1 en la modalidad a distancia, por medio de la plataforma e-learning del Servicio Nacional de Promoci\u00f3n Profesional (SNPP).<\/p>\n","protected":false},"author":7,"featured_media":0,"comment_status":"open","ping_status":"open","sticky":false,"template":"","format":"standard","meta":{"_acf_changed":false,"_uag_custom_page_level_css":"","footnotes":""},"categories":[1],"tags":[],"class_list":["post-7084","post","type-post","status-publish","format-standard","hentry","category-sin-categoria"],"acf":[],"uagb_featured_image_src":{"full":false,"thumbnail":false,"medium":false,"medium_large":false,"large":false,"1536x1536":false,"2048x2048":false,"depicter-thumbnail":false},"uagb_author_info":{"display_name":"Lucas Santacruz","author_link":"https:\/\/www.mtess.gov.py\/?author=7"},"uagb_comment_info":0,"uagb_excerpt":"El Ministerio de Trabajo, Empleo y Seguridad Social (MTESS), a trav\u00e9s de la Direcci\u00f3n General de Protecci\u00f3n a la Ni\u00f1ez y Adolescencia inicia hoy el curso de capacitaci\u00f3n virtual en Trabajo Adolescente Protegido con \u00e9nfasis en Registro Adolescente Trabajador (RAT) que se impartir\u00e1 en la modalidad a distancia, por medio de la plataforma e-learning del&hellip;","_links":{"self":[{"href":"https:\/\/www.mtess.gov.py\/index.php?rest_route=\/wp\/v2\/posts\/7084","targetHints":{"allow":["GET"]}}],"collection":[{"href":"https:\/\/www.mtess.gov.py\/index.php?rest_route=\/wp\/v2\/posts"}],"about":[{"href":"https:\/\/www.mtess.gov.py\/index.php?rest_route=\/wp\/v2\/types\/post"}],"author":[{"embeddable":true,"href":"https:\/\/www.mtess.gov.py\/index.php?rest_route=\/wp\/v2\/users\/7"}],"replies":[{"embeddable":true,"href":"https:\/\/www.mtess.gov.py\/index.php?rest_route=%2Fwp%2Fv2%2Fcomments&post=7084"}],"version-history":[{"count":0,"href":"https:\/\/www.mtess.gov.py\/index.php?rest_route=\/wp\/v2\/posts\/7084\/revisions"}],"wp:attachment":[{"href":"https:\/\/www.mtess.gov.py\/index.php?rest_route=%2Fwp%2Fv2%2Fmedia&parent=7084"}],"wp:term":[{"taxonomy":"category","embeddable":true,"href":"https:\/\/www.mtess.gov.py\/index.php?rest_route=%2Fwp%2Fv2%2Fcategories&post=7084"},{"taxonomy":"post_tag","embeddable":true,"href":"https:\/\/www.mtess.gov.py\/index.php?rest_route=%2Fwp%2Fv2%2Ftags&post=7084"}],"curies":[{"name":"wp","href":"https:\/\/api.w.org\/{rel}","templated":true}]}}