{"id":7086,"date":"2022-10-21T15:18:00","date_gmt":"2022-10-21T19:18:00","guid":{"rendered":"https:\/\/bi.mtess.gov.py\/v1\/?p=7086"},"modified":"2022-10-21T15:18:00","modified_gmt":"2022-10-21T19:18:00","slug":"emprendedores-capacitados-por-el-ministerio-de-trabajo-realizaran-feria-en-varios-supermercados-2","status":"publish","type":"post","link":"https:\/\/www.mtess.gov.py\/?p=7086","title":{"rendered":"Emprendedores capacitados por el Ministerio de Trabajo realizar\u00e1n feria en varios supermercados"},"content":{"rendered":"<p style=\"text-align: justify\"><span style=\"font-size: 16px\">Esta<br \/>\nactividad se lleva adelante cada fin de semana en supermercados<br \/>\nadheridos a la C\u00e1mara Paraguaya de Supermercados (Capasu) en el<br \/>\nmarco de la pol\u00edtica de empleo que impulsa la cartera de Estado. Los<br \/>\nemprendedores reciben capacitaci\u00f3n y asistencia t\u00e9cnica basada en<br \/>\nherramientas de branding e identidad comercial para que puedan feriar<br \/>\ny comercializar con \u00e9xito, otorgar el valor agregado en el<br \/>\nempaquetado, presentaci\u00f3n y detalles necesarios para ofrecer y<br \/>\nvender sus productos.<\/span><\/p>\n<p style=\"text-align: justify\"><span style=\"font-size: 16px\">Este<br \/>\ns\u00e1bado 22<br \/>\ny domingo 23<br \/>\nde octubre<br \/>\nlas ferias realizar\u00e1n en los supermercados Luisito ubicados en las<br \/>\nciudades de Ypan\u00e9,<br \/>\nLimpio, Luque<br \/>\ny Villa Elisa, e igualmente en los locales que est\u00e1n sobre la<br \/>\navenida F\u00e9lix Bogado y en la avenida Eusebio Ayala de Asunci\u00f3n.<br \/>\nTambi\u00e9n<br \/>\nen  supermercados Stock<br \/>\nde<br \/>\nlas<br \/>\nciudades de San Ignacio, J. Augusto Sald\u00edvar y Villa Elisa. Adem\u00e1s<br \/>\nen el Machetazo de la ciudad de Coronel Oviedo, Superseis<br \/>\nde Villarrica, Real de la ciudad de Fernando de la Mora, y en<br \/>\nel Herrero Boulevard.<\/span><\/p>\n<p style=\"text-align: justify\"><span style=\"font-size: 16px\">El<br \/>\nprograma de capacitaci\u00f3n del Ministerio de Trabajo est\u00e1 dirigido a<br \/>\ntodas las personas que deseen recibir asistencia t\u00e9cnica y formaci\u00f3n<br \/>\nintegral para posteriormente emprender su propio negocio, adem\u00e1s de<br \/>\nformar parte de los eventos de venta para la comercializaci\u00f3n de sus<br \/>\nproductos que promueve la instituci\u00f3n. Las<br \/>\npersonas interesadas en los servicios que brinda el Centro de<br \/>\nEntrenamiento del Emprendedor pueden contactar para m\u00e1s informaci\u00f3n<br \/>\nal (0961) 782 860, de 07:00 a 15:00.<\/span><\/p>\n","protected":false},"excerpt":{"rendered":"<p>Los emprendedores capacitados por el Ministerio de Trabajo, Empleo y Seguridad Social (MTESS), a trav\u00e9s de su Centro de Entrenamiento del Emprendedor (CEE), realizar\u00e1n nuevamente feria en varios supermercados ubicados en el departamento Central y otras ciudades del interior del pa\u00eds, para vender variados productos.<\/p>\n","protected":false},"author":7,"featured_media":27802,"comment_status":"open","ping_status":"open","sticky":false,"template":"","format":"standard","meta":{"_acf_changed":false,"_uag_custom_page_level_css":"","footnotes":""},"categories":[1],"tags":[],"class_list":["post-7086","post","type-post","status-publish","format-standard","has-post-thumbnail","hentry","category-sin-categoria"],"acf":[],"uagb_featured_image_src":{"full":["https:\/\/www.mtess.gov.py\/wp-content\/uploads\/2022\/10\/1_Feria_de_emprendedores_21-10-22-3.jpg",1080,1080,false],"thumbnail":["https:\/\/www.mtess.gov.py\/wp-content\/uploads\/2022\/10\/1_Feria_de_emprendedores_21-10-22-3-150x150.jpg",150,150,true],"medium":["https:\/\/www.mtess.gov.py\/wp-content\/uploads\/2022\/10\/1_Feria_de_emprendedores_21-10-22-3-300x300.jpg",300,300,true],"medium_large":["https:\/\/www.mtess.gov.py\/wp-content\/uploads\/2022\/10\/1_Feria_de_emprendedores_21-10-22-3-768x768.jpg",768,768,true],"large":["https:\/\/www.mtess.gov.py\/wp-content\/uploads\/2022\/10\/1_Feria_de_emprendedores_21-10-22-3-300x300.jpg",300,300,true],"1536x1536":["https:\/\/www.mtess.gov.py\/wp-content\/uploads\/2022\/10\/1_Feria_de_emprendedores_21-10-22-3.jpg",1080,1080,false],"2048x2048":["https:\/\/www.mtess.gov.py\/wp-content\/uploads\/2022\/10\/1_Feria_de_emprendedores_21-10-22-3.jpg",1080,1080,false],"depicter-thumbnail":["https:\/\/www.mtess.gov.py\/wp-content\/uploads\/2022\/10\/1_Feria_de_emprendedores_21-10-22-3.jpg",200,200,false]},"uagb_author_info":{"display_name":"Lucas Santacruz","author_link":"https:\/\/www.mtess.gov.py\/?author=7"},"uagb_comment_info":0,"uagb_excerpt":"Los emprendedores capacitados por el Ministerio de Trabajo, Empleo y Seguridad Social (MTESS), a trav\u00e9s de su Centro de Entrenamiento del Emprendedor (CEE), realizar\u00e1n nuevamente feria en varios supermercados ubicados en el departamento Central y otras ciudades del interior del pa\u00eds, para vender variados productos.","_links":{"self":[{"href":"https:\/\/www.mtess.gov.py\/index.php?rest_route=\/wp\/v2\/posts\/7086","targetHints":{"allow":["GET"]}}],"collection":[{"href":"https:\/\/www.mtess.gov.py\/index.php?rest_route=\/wp\/v2\/posts"}],"about":[{"href":"https:\/\/www.mtess.gov.py\/index.php?rest_route=\/wp\/v2\/types\/post"}],"author":[{"embeddable":true,"href":"https:\/\/www.mtess.gov.py\/index.php?rest_route=\/wp\/v2\/users\/7"}],"replies":[{"embeddable":true,"href":"https:\/\/www.mtess.gov.py\/index.php?rest_route=%2Fwp%2Fv2%2Fcomments&post=7086"}],"version-history":[{"count":0,"href":"https:\/\/www.mtess.gov.py\/index.php?rest_route=\/wp\/v2\/posts\/7086\/revisions"}],"wp:featuredmedia":[{"embeddable":true,"href":"https:\/\/www.mtess.gov.py\/index.php?rest_route=\/wp\/v2\/media\/27802"}],"wp:attachment":[{"href":"https:\/\/www.mtess.gov.py\/index.php?rest_route=%2Fwp%2Fv2%2Fmedia&parent=7086"}],"wp:term":[{"taxonomy":"category","embeddable":true,"href":"https:\/\/www.mtess.gov.py\/index.php?rest_route=%2Fwp%2Fv2%2Fcategories&post=7086"},{"taxonomy":"post_tag","embeddable":true,"href":"https:\/\/www.mtess.gov.py\/index.php?rest_route=%2Fwp%2Fv2%2Ftags&post=7086"}],"curies":[{"name":"wp","href":"https:\/\/api.w.org\/{rel}","templated":true}]}}