{"id":7091,"date":"2022-10-18T13:38:00","date_gmt":"2022-10-18T17:38:00","guid":{"rendered":"https:\/\/bi.mtess.gov.py\/v1\/?p=7091"},"modified":"2022-10-18T13:38:00","modified_gmt":"2022-10-18T17:38:00","slug":"solucion-de-reclamos-del-trabajador-que-se-manifiesta-en-silla-de-ruedas-ya-no-esta-en-area-del-ministerio-de-trabajo","status":"publish","type":"post","link":"https:\/\/www.mtess.gov.py\/?p=7091","title":{"rendered":"Soluci\u00f3n de reclamos del trabajador que se manifiesta en silla de ruedas ya no est\u00e1 en \u00e1rea del Ministerio de Trabajo"},"content":{"rendered":"<p style=\"text-align: justify\"><span style=\"font-size: 16px\">Cuando fue desvinculado Remigio<br \/>\nRodolfo Iglesias Ortellado de la empresa de transporte de pasajeros<br \/>\nen la que trabajaba, en el Ministerio de Trabajo no se logr\u00f3 el<br \/>\nacuerdo entre las partes, por lo que los trabajadores despedidos<br \/>\nrecurrieron al Poder Judicial.<\/span><\/p>\n<p style=\"text-align: justify\"><span style=\"font-size: 16px\">Pasaron<br \/>\nvarios a\u00f1os sin que el caso se solucione en la esfera judicial. Ante<br \/>\nesta situaci\u00f3n Iglesias decidi\u00f3 manifestarse frente al Ministerio<br \/>\nde Trabajo para reclamar atenci\u00f3n de parte de las autoridades. Pese<br \/>\na que el caso ya no pod\u00eda ser tratado por la cartera de Estado,<br \/>\nigual le brind\u00f3 atenci\u00f3n para conocer su situaci\u00f3n, logr\u00f3 que<br \/>\ncobre una indemnizaci\u00f3n de parte de la empresa y se finiquit\u00f3 as\u00ed<br \/>\nsu demanda judicial.<\/span><\/p>\n<p style=\"text-align: justify\"><span style=\"font-size: 16px\">Ante<br \/>\nla probabilidad de que pueda ser beneficiado con jubilaci\u00f3n por<br \/>\ninvalidez por parte del Instituto de Previsi\u00f3n Social (IPS), se<br \/>\npresent\u00f3 una nota a las autoridades de la previsional, pero seg\u00fan<br \/>\nse\u00f1alaron en el IPS, ya venci\u00f3 el plazo para realizar este tipo de<br \/>\nsolicitud.  <\/span><\/p>\n","protected":false},"excerpt":{"rendered":"<p>El Ministerio de Trabajo, Empleo y Seguridad Social (MTESS) informa que en el caso del se\u00f1or que se manifiesta en silla de ruedas frente a la sede de la cartera de Estado, en Asunci\u00f3n, ya no est\u00e1 en su \u00e1rea la soluci\u00f3n de los reclamos del trabajador.<\/p>\n","protected":false},"author":7,"featured_media":27807,"comment_status":"open","ping_status":"open","sticky":false,"template":"","format":"standard","meta":{"_acf_changed":false,"_uag_custom_page_level_css":"","footnotes":""},"categories":[1],"tags":[],"class_list":["post-7091","post","type-post","status-publish","format-standard","has-post-thumbnail","hentry","category-sin-categoria"],"acf":[],"uagb_featured_image_src":{"full":["https:\/\/www.mtess.gov.py\/wp-content\/uploads\/2022\/10\/6-7.jpg",1280,853,false],"thumbnail":["https:\/\/www.mtess.gov.py\/wp-content\/uploads\/2022\/10\/6-7-150x150.jpg",150,150,true],"medium":["https:\/\/www.mtess.gov.py\/wp-content\/uploads\/2022\/10\/6-7-300x200.jpg",300,200,true],"medium_large":["https:\/\/www.mtess.gov.py\/wp-content\/uploads\/2022\/10\/6-7-768x512.jpg",768,512,true],"large":["https:\/\/www.mtess.gov.py\/wp-content\/uploads\/2022\/10\/6-7-300x200.jpg",300,200,true],"1536x1536":["https:\/\/www.mtess.gov.py\/wp-content\/uploads\/2022\/10\/6-7.jpg",1280,853,false],"2048x2048":["https:\/\/www.mtess.gov.py\/wp-content\/uploads\/2022\/10\/6-7.jpg",1280,853,false],"depicter-thumbnail":["https:\/\/www.mtess.gov.py\/wp-content\/uploads\/2022\/10\/6-7.jpg",200,133,false]},"uagb_author_info":{"display_name":"Lucas Santacruz","author_link":"https:\/\/www.mtess.gov.py\/?author=7"},"uagb_comment_info":0,"uagb_excerpt":"El Ministerio de Trabajo, Empleo y Seguridad Social (MTESS) informa que en el caso del se\u00f1or que se manifiesta en silla de ruedas frente a la sede de la cartera de Estado, en Asunci\u00f3n, ya no est\u00e1 en su \u00e1rea la soluci\u00f3n de los reclamos del trabajador.","_links":{"self":[{"href":"https:\/\/www.mtess.gov.py\/index.php?rest_route=\/wp\/v2\/posts\/7091","targetHints":{"allow":["GET"]}}],"collection":[{"href":"https:\/\/www.mtess.gov.py\/index.php?rest_route=\/wp\/v2\/posts"}],"about":[{"href":"https:\/\/www.mtess.gov.py\/index.php?rest_route=\/wp\/v2\/types\/post"}],"author":[{"embeddable":true,"href":"https:\/\/www.mtess.gov.py\/index.php?rest_route=\/wp\/v2\/users\/7"}],"replies":[{"embeddable":true,"href":"https:\/\/www.mtess.gov.py\/index.php?rest_route=%2Fwp%2Fv2%2Fcomments&post=7091"}],"version-history":[{"count":0,"href":"https:\/\/www.mtess.gov.py\/index.php?rest_route=\/wp\/v2\/posts\/7091\/revisions"}],"wp:featuredmedia":[{"embeddable":true,"href":"https:\/\/www.mtess.gov.py\/index.php?rest_route=\/wp\/v2\/media\/27807"}],"wp:attachment":[{"href":"https:\/\/www.mtess.gov.py\/index.php?rest_route=%2Fwp%2Fv2%2Fmedia&parent=7091"}],"wp:term":[{"taxonomy":"category","embeddable":true,"href":"https:\/\/www.mtess.gov.py\/index.php?rest_route=%2Fwp%2Fv2%2Fcategories&post=7091"},{"taxonomy":"post_tag","embeddable":true,"href":"https:\/\/www.mtess.gov.py\/index.php?rest_route=%2Fwp%2Fv2%2Ftags&post=7091"}],"curies":[{"name":"wp","href":"https:\/\/api.w.org\/{rel}","templated":true}]}}