{"id":7092,"date":"2022-10-17T15:15:00","date_gmt":"2022-10-17T19:15:00","guid":{"rendered":"https:\/\/bi.mtess.gov.py\/v1\/?p=7092"},"modified":"2022-10-17T15:15:00","modified_gmt":"2022-10-17T19:15:00","slug":"el-ministerio-de-trabajo-aclara-que-realizo-la-audiencia-de-conciliacion-prevista-en-el-codigo-laboral-en-el-caso-de-la-periodista-angie-samudio","status":"publish","type":"post","link":"https:\/\/www.mtess.gov.py\/?p=7092","title":{"rendered":"El Ministerio de Trabajo aclara que realiz\u00f3 la audiencia de conciliaci\u00f3n prevista en el C\u00f3digo Laboral, en el caso de la periodista Angie Samudio.\u00a0"},"content":{"rendered":"<p><span style=\"font-size: 16px\"><span><strong>El MTESS , aclara  que  realiz\u00f3 las audiencias laborales previstas en la Ley como instancia mediadora, y se encuentra realizando la fiscalizaci\u00f3n correspondiente. No obstante el conflicto en cuesti\u00f3n, habiendo superado la instancia administrativa, se encuentra ya en \u00e1mbito del Poder Judicial.<\/strong><\/span><\/span><\/p>\n<p><span style=\"font-size: 16px\"><span><strong> La audiencia de mediaci\u00f3n se realiz\u00f3 en el despacho del departamento de Mediaci\u00f3n de Conflictos Individuales del Ministerio de Trabajo, Empleo y Seguridad Social, sito Herrera y Paraguar\u00ed, con la participaci\u00f3n de la periodista Angie Samudio, el abogado Jorge Daniel Rojas Rotela, Santiago Ort\u00edz, Secretario General de Sindicato de Periodistas del Paraguay y Alberto Osorio, abogado de la firma Televisi\u00f3n Cerro Cor\u00e1 S.A.. Estuvieron tambi\u00e9n Luz Melisa Vargas, del Ministerio de la Mujer y Noelia D\u00edaz, miembro del sindicado de periodistas. <\/strong><\/span><\/span><\/p>\n","protected":false},"excerpt":{"rendered":"<p>El pasado 5 de octubre se realiz\u00f3 la audiencia de mediacion entre el representante convencional de Televisi\u00f3n Cerro Cor\u00e1 S.A. y la trabajadora Angie Stephanie Fabiola Samudio Prieto, sobre la denuncia de suspensi\u00f3n injustificada y cobro de salarios ca\u00eddos. En ese sentido, el Ministerio de Trabajo,\u00a0 Empleo y Seguridad Social (MTESS) informa que en la audiencia de mediaci\u00f3n realizada en la sede del Ministerio, las partes no llegaron a un acuerdo. La empleadora se mantuvo en su demanda de despido justificado planteado en fecha anterior ante el Poder Judicial, con la previa suspensi\u00f3n del contrato de trabajo.<\/p>\n","protected":false},"author":7,"featured_media":27808,"comment_status":"open","ping_status":"open","sticky":false,"template":"","format":"standard","meta":{"_acf_changed":false,"_uag_custom_page_level_css":"","footnotes":""},"categories":[1],"tags":[],"class_list":["post-7092","post","type-post","status-publish","format-standard","has-post-thumbnail","hentry","category-sin-categoria"],"acf":[],"uagb_featured_image_src":{"full":["https:\/\/www.mtess.gov.py\/wp-content\/uploads\/2022\/10\/WhatsApp_Image_2022-10-17_at_19.42.21-3.jpeg",1440,1080,false],"thumbnail":["https:\/\/www.mtess.gov.py\/wp-content\/uploads\/2022\/10\/WhatsApp_Image_2022-10-17_at_19.42.21-3-150x150.jpeg",150,150,true],"medium":["https:\/\/www.mtess.gov.py\/wp-content\/uploads\/2022\/10\/WhatsApp_Image_2022-10-17_at_19.42.21-3-300x225.jpeg",300,225,true],"medium_large":["https:\/\/www.mtess.gov.py\/wp-content\/uploads\/2022\/10\/WhatsApp_Image_2022-10-17_at_19.42.21-3-768x576.jpeg",768,576,true],"large":["https:\/\/www.mtess.gov.py\/wp-content\/uploads\/2022\/10\/WhatsApp_Image_2022-10-17_at_19.42.21-3-300x225.jpeg",300,225,true],"1536x1536":["https:\/\/www.mtess.gov.py\/wp-content\/uploads\/2022\/10\/WhatsApp_Image_2022-10-17_at_19.42.21-3.jpeg",1440,1080,false],"2048x2048":["https:\/\/www.mtess.gov.py\/wp-content\/uploads\/2022\/10\/WhatsApp_Image_2022-10-17_at_19.42.21-3.jpeg",1440,1080,false],"depicter-thumbnail":["https:\/\/www.mtess.gov.py\/wp-content\/uploads\/2022\/10\/WhatsApp_Image_2022-10-17_at_19.42.21-3.jpeg",200,150,false]},"uagb_author_info":{"display_name":"Lucas Santacruz","author_link":"https:\/\/www.mtess.gov.py\/?author=7"},"uagb_comment_info":0,"uagb_excerpt":"El pasado 5 de octubre se realiz\u00f3 la audiencia de mediacion entre el representante convencional de Televisi\u00f3n Cerro Cor\u00e1 S.A. y la trabajadora Angie Stephanie Fabiola Samudio Prieto, sobre la denuncia de suspensi\u00f3n injustificada y cobro de salarios ca\u00eddos. En ese sentido, el Ministerio de Trabajo,\u00a0 Empleo y Seguridad Social (MTESS) informa que en la&hellip;","_links":{"self":[{"href":"https:\/\/www.mtess.gov.py\/index.php?rest_route=\/wp\/v2\/posts\/7092","targetHints":{"allow":["GET"]}}],"collection":[{"href":"https:\/\/www.mtess.gov.py\/index.php?rest_route=\/wp\/v2\/posts"}],"about":[{"href":"https:\/\/www.mtess.gov.py\/index.php?rest_route=\/wp\/v2\/types\/post"}],"author":[{"embeddable":true,"href":"https:\/\/www.mtess.gov.py\/index.php?rest_route=\/wp\/v2\/users\/7"}],"replies":[{"embeddable":true,"href":"https:\/\/www.mtess.gov.py\/index.php?rest_route=%2Fwp%2Fv2%2Fcomments&post=7092"}],"version-history":[{"count":0,"href":"https:\/\/www.mtess.gov.py\/index.php?rest_route=\/wp\/v2\/posts\/7092\/revisions"}],"wp:featuredmedia":[{"embeddable":true,"href":"https:\/\/www.mtess.gov.py\/index.php?rest_route=\/wp\/v2\/media\/27808"}],"wp:attachment":[{"href":"https:\/\/www.mtess.gov.py\/index.php?rest_route=%2Fwp%2Fv2%2Fmedia&parent=7092"}],"wp:term":[{"taxonomy":"category","embeddable":true,"href":"https:\/\/www.mtess.gov.py\/index.php?rest_route=%2Fwp%2Fv2%2Fcategories&post=7092"},{"taxonomy":"post_tag","embeddable":true,"href":"https:\/\/www.mtess.gov.py\/index.php?rest_route=%2Fwp%2Fv2%2Ftags&post=7092"}],"curies":[{"name":"wp","href":"https:\/\/api.w.org\/{rel}","templated":true}]}}